{"id":986,"date":"2020-10-12T16:08:00","date_gmt":"2020-10-12T16:08:00","guid":{"rendered":"https:\/\/navalremo.pt\/site\/?p=986"},"modified":"2020-10-21T16:12:38","modified_gmt":"2020-10-21T16:12:38","slug":"naval-remo-participou-no-campeonato-nacional-de-velocidade-2019-2020","status":"publish","type":"post","link":"https:\/\/navalremo.pt\/site\/2020\/10\/12\/naval-remo-participou-no-campeonato-nacional-de-velocidade-2019-2020\/","title":{"rendered":"Naval Remo participou no Campeonato Nacional de Velocidade &#8211; 2019\/2020"},"content":{"rendered":"\n<p>Quando falta apenas uma prova para finalizar esta \u00e9poca desportiva at\u00edpica e diferente de todas as outras, a Naval Remo participou no Campeonato Nacional de Velocidade para Juniores, Seniores e Veteranos, que teve lugar nos passados dias 10 e 11 de outubro na pista de Remo de Montemor-o-Velho, onde somou mais um p\u00f3dio.<\/p>\n\n\n\n<p>Desta feita destaque merecido para In\u00eas de Jesus, que num dos escal\u00f5es mais dif\u00edceis e competitivos conseguiu 3\u00ba lugar em Skiff S\u00e9nior Feminino Sub 23, e para os Atletas Patr\u00edcia Batista e Diogo de Carvalho que, apesar de todo o esfor\u00e7o, ficaram \u00e0 porta das medalhas conquistando um importante 4\u00ba Lugar em Skiff S\u00e9nior Feminino e Skiff J\u00fanior Masculino respetivamente.<\/p>\n\n\n\n<p>Os resultados da Naval Remo foram ent\u00e3o os seguintes:<\/p>\n\n\n\n<ul><li>Skiff J\u00fanior Masculino \u2013 4\u00ba Lugar para Diogo Carvalho;<ul><li>Skiff S\u00e9nior Feminino Sub 23 \u2013 <strong>3\u00ba Lugar para In\u00eas de Jesus;<\/strong><\/li><\/ul><ul><li>Skiff S\u00e9nior Feminino \u2013 4\u00ba Lugar para Patr\u00edcia Batista;<\/li><\/ul><ul><li>Double Scull Veterano Masculino \u2013 10\u00ba Lugar para Nelson Silva e Carlos Gil e 14\u00ba para Jos\u00e9 Canhola e Jos\u00e9 Silva.<\/li><\/ul><\/li><\/ul>\n\n\n\n<p>Quase ao cair do pano desta \u00e9poca o N\u00facleo de Antigos Remadores da Associa\u00e7\u00e3o Naval 1\u00ba de Maio endere\u00e7a publicamente os sinceros parab\u00e9ns a este conjunto de Atletas e aos seus Treinadores Jos\u00e9 Canhola e Patr\u00edcia Batista, que contribuem de sobremaneira para elevar o nome da Naval e o da cidade da Figueira da Foz ao mais alto patamar do Remo Regional.<\/p>\n","protected":false},"excerpt":{"rendered":"<p>Quando falta apenas uma prova para finalizar esta \u00e9poca desportiva at\u00edpica e diferente de todas as outras, a Naval Remo participou no Campeonato Nacional de Velocidade para Juniores, Seniores e Veteranos, que teve lugar nos passados dias 10 e 11 de outubro na pista de Remo de Montemor-o-Velho, onde somou mais um p\u00f3dio. Desta feita [&hellip;]<\/p>\n","protected":false},"author":2,"featured_media":987,"comment_status":"closed","ping_status":"open","sticky":false,"template":"","format":"standard","meta":{"spay_email":""},"categories":[4,5],"tags":[],"jetpack_featured_media_url":"https:\/\/navalremo.pt\/site\/wp-content\/uploads\/2020\/10\/foto_provas.jpg","_links":{"self":[{"href":"https:\/\/navalremo.pt\/site\/wp-json\/wp\/v2\/posts\/986"}],"collection":[{"href":"https:\/\/navalremo.pt\/site\/wp-json\/wp\/v2\/posts"}],"about":[{"href":"https:\/\/navalremo.pt\/site\/wp-json\/wp\/v2\/types\/post"}],"author":[{"embeddable":true,"href":"https:\/\/navalremo.pt\/site\/wp-json\/wp\/v2\/users\/2"}],"replies":[{"embeddable":true,"href":"https:\/\/navalremo.pt\/site\/wp-json\/wp\/v2\/comments?post=986"}],"version-history":[{"count":1,"href":"https:\/\/navalremo.pt\/site\/wp-json\/wp\/v2\/posts\/986\/revisions"}],"predecessor-version":[{"id":988,"href":"https:\/\/navalremo.pt\/site\/wp-json\/wp\/v2\/posts\/986\/revisions\/988"}],"wp:featuredmedia":[{"embeddable":true,"href":"https:\/\/navalremo.pt\/site\/wp-json\/wp\/v2\/media\/987"}],"wp:attachment":[{"href":"https:\/\/navalremo.pt\/site\/wp-json\/wp\/v2\/media?parent=986"}],"wp:term":[{"taxonomy":"category","embeddable":true,"href":"https:\/\/navalremo.pt\/site\/wp-json\/wp\/v2\/categories?post=986"},{"taxonomy":"post_tag","embeddable":true,"href":"https:\/\/navalremo.pt\/site\/wp-json\/wp\/v2\/tags?post=986"}],"curies":[{"name":"wp","href":"https:\/\/api.w.org\/{rel}","templated":true}]}}