{"id":977,"date":"2020-09-30T16:54:00","date_gmt":"2020-09-30T16:54:00","guid":{"rendered":"https:\/\/navalremo.pt\/site\/?p=977"},"modified":"2020-10-03T16:57:21","modified_gmt":"2020-10-03T16:57:21","slug":"chuva-de-mochilas-para-a-naval-remo-no-encontro-nacional-de-remo-jovem","status":"publish","type":"post","link":"https:\/\/navalremo.pt\/site\/2020\/09\/30\/chuva-de-mochilas-para-a-naval-remo-no-encontro-nacional-de-remo-jovem\/","title":{"rendered":"Chuva de mochilas para a Naval Remo no Encontro Nacional de Remo Jovem"},"content":{"rendered":"\n<p>Realizou-se nos passados dias 26 e 27 de setembro o Encontro Nacional de Remo Jovem na Pista do Centro de Alto Rendimento em Montemor-o-Velho.<\/p>\n\n\n\n<figure class=\"wp-block-image size-large\"><img data-attachment-id=\"979\" data-permalink=\"https:\/\/navalremo.pt\/site\/2020\/09\/30\/chuva-de-mochilas-para-a-naval-remo-no-encontro-nacional-de-remo-jovem\/img_6309\/\" data-orig-file=\"https:\/\/navalremo.pt\/site\/wp-content\/uploads\/2020\/10\/IMG_6309.jpeg\" data-orig-size=\"2048,1536\" data-comments-opened=\"0\" data-image-meta=\"{&quot;aperture&quot;:&quot;1.8&quot;,&quot;credit&quot;:&quot;&quot;,&quot;camera&quot;:&quot;iPhone 7&quot;,&quot;caption&quot;:&quot;&quot;,&quot;created_timestamp&quot;:&quot;1601213248&quot;,&quot;copyright&quot;:&quot;&quot;,&quot;focal_length&quot;:&quot;3.99&quot;,&quot;iso&quot;:&quot;20&quot;,&quot;shutter_speed&quot;:&quot;0.00043802014892685&quot;,&quot;title&quot;:&quot;&quot;,&quot;orientation&quot;:&quot;1&quot;}\" data-image-title=\"IMG_6309\" data-image-description=\"\" data-medium-file=\"https:\/\/navalremo.pt\/site\/wp-content\/uploads\/2020\/10\/IMG_6309-300x225.jpeg\" data-large-file=\"https:\/\/navalremo.pt\/site\/wp-content\/uploads\/2020\/10\/IMG_6309-1024x768.jpeg\" loading=\"lazy\" width=\"1024\" height=\"768\" src=\"https:\/\/navalremo.pt\/site\/wp-content\/uploads\/2020\/10\/IMG_6309-1024x768.jpeg\" alt=\"\" class=\"wp-image-979\" srcset=\"https:\/\/navalremo.pt\/site\/wp-content\/uploads\/2020\/10\/IMG_6309-1024x768.jpeg 1024w, https:\/\/navalremo.pt\/site\/wp-content\/uploads\/2020\/10\/IMG_6309-600x450.jpeg 600w, https:\/\/navalremo.pt\/site\/wp-content\/uploads\/2020\/10\/IMG_6309-300x225.jpeg 300w, https:\/\/navalremo.pt\/site\/wp-content\/uploads\/2020\/10\/IMG_6309-768x576.jpeg 768w, https:\/\/navalremo.pt\/site\/wp-content\/uploads\/2020\/10\/IMG_6309-1536x1152.jpeg 1536w, https:\/\/navalremo.pt\/site\/wp-content\/uploads\/2020\/10\/IMG_6309.jpeg 2048w\" sizes=\"(max-width: 1024px) 100vw, 1024px\" \/><\/figure>\n\n\n\n<p>Com uma altera\u00e7\u00e3o relativamente aos anos anteriores, este ano a Federa\u00e7\u00e3o Portuguesa de Remo em vez de medalhas entregou \u201cMochilas\u201d aos lugares de p\u00f3dio nas v\u00e1rias Regatas\u2026 e foi com \u201cMochilas\u201d que a Naval Remo comemorou os dois p\u00f3dios de ouro, um p\u00f3dio de prata e mais dois p\u00f3dios de bronze, conquistando a 3\u00aa Posi\u00e7\u00e3o a n\u00edvel nacional entre os 18 clubes que participaram nesta Regata.<\/p>\n\n\n\n<figure class=\"wp-block-image size-large\"><img data-attachment-id=\"980\" data-permalink=\"https:\/\/navalremo.pt\/site\/2020\/09\/30\/chuva-de-mochilas-para-a-naval-remo-no-encontro-nacional-de-remo-jovem\/img_6307\/\" data-orig-file=\"https:\/\/navalremo.pt\/site\/wp-content\/uploads\/2020\/10\/IMG_6307.jpeg\" data-orig-size=\"2048,1536\" data-comments-opened=\"0\" data-image-meta=\"{&quot;aperture&quot;:&quot;1.8&quot;,&quot;credit&quot;:&quot;&quot;,&quot;camera&quot;:&quot;iPhone 7&quot;,&quot;caption&quot;:&quot;&quot;,&quot;created_timestamp&quot;:&quot;1601210670&quot;,&quot;copyright&quot;:&quot;&quot;,&quot;focal_length&quot;:&quot;3.99&quot;,&quot;iso&quot;:&quot;20&quot;,&quot;shutter_speed&quot;:&quot;0.00034399724802202&quot;,&quot;title&quot;:&quot;&quot;,&quot;orientation&quot;:&quot;1&quot;}\" data-image-title=\"IMG_6307\" data-image-description=\"\" data-medium-file=\"https:\/\/navalremo.pt\/site\/wp-content\/uploads\/2020\/10\/IMG_6307-300x225.jpeg\" data-large-file=\"https:\/\/navalremo.pt\/site\/wp-content\/uploads\/2020\/10\/IMG_6307-1024x768.jpeg\" loading=\"lazy\" width=\"1024\" height=\"768\" src=\"https:\/\/navalremo.pt\/site\/wp-content\/uploads\/2020\/10\/IMG_6307-1024x768.jpeg\" alt=\"\" class=\"wp-image-980\" srcset=\"https:\/\/navalremo.pt\/site\/wp-content\/uploads\/2020\/10\/IMG_6307-1024x768.jpeg 1024w, https:\/\/navalremo.pt\/site\/wp-content\/uploads\/2020\/10\/IMG_6307-600x450.jpeg 600w, https:\/\/navalremo.pt\/site\/wp-content\/uploads\/2020\/10\/IMG_6307-300x225.jpeg 300w, https:\/\/navalremo.pt\/site\/wp-content\/uploads\/2020\/10\/IMG_6307-768x576.jpeg 768w, https:\/\/navalremo.pt\/site\/wp-content\/uploads\/2020\/10\/IMG_6307-1536x1152.jpeg 1536w, https:\/\/navalremo.pt\/site\/wp-content\/uploads\/2020\/10\/IMG_6307.jpeg 2048w\" sizes=\"(max-width: 1024px) 100vw, 1024px\" \/><\/figure>\n\n\n\n<p>Destacando os 5 lugares de p\u00f3dio obtidos pelos Atletas da Naval Remo liderados pelos Treinadores Jos\u00e9 Canhola e Patr\u00edcia Batista, os resultados neste Encontro Nacional de Remo Jovem 2020 foram os seguintes:<\/p>\n\n\n\n<ul><li>Skiff Benjamin Feminino \u2013 5\u00ba Lugar para Sofia Oliveira<\/li><li>Skiff Infantil Feminino \u2013 9\u00ba Lugar para Maria G\u00f3is<\/li><li>Skiff Infantil Masculino \u2013 13\u00ba Lugar para Alexandre Canhola e 14\u00ba Lugar para Jos\u00e9 Azevedo<\/li><li>Double Scull Infantil Masculino \u2013 <strong>1\u00ba Lugar para Hugo Baeta e Francisco Cruz (Campe\u00f5es Nacionais)<\/strong><\/li><li>Skiff Iniciado Feminino \u2013 10\u00ba Lugar para Joana Rocha<\/li><li>Skiff Iniciado Masculino \u2013 7\u00ba Lugar para Bernardo Cruz<\/li><li>Double Scull Iniciado Masculino \u2013 6\u00ba Lugar para Dinis Oliveira e Rodrigo Verdete<\/li><li>Skiff Juvenil Feminino \u2013 <strong>3\u00ba Lugar Madalena Pe\u00e7a<\/strong> e 9\u00ba Lugar para Matilde Cavaco<\/li><li>Double Scull Juvenil Feminino \u2013 4\u00ba Lugar para Raquel Ferrolho e In\u00eas Mendes<\/li><li>Quadri Scull Juvenil Feminino \u2013 <strong>2\u00ba Lugar para Madalena Pe\u00e7a, In\u00eas Mendes, Raquel Ferrolho e Matilde Cavaco (Vice-Campe\u00e3s Nacionais)<\/strong><\/li><li>Quadri Scull Juvenil Masculino \u2013 <strong>1\u00ba Lugar para Afonso Santos, Pedro Rodrigues, Diogo Ferreira e Jo\u00e3o Oliveira (Campe\u00f5es Nacionais)<\/strong><\/li><li>Shell de 8 com timoneiro Juvenil Masculino \u2013 <strong>3\u00ba Lugar para Jo\u00e3o Bento Oliveira, Pedro Rodrigues, Manuel Baeta, Afonso Santos, Joaquim Martins, Diogo Ferreira, Henrique Pinho, Duarte Pires e a timoneira In\u00eas Jesus<\/strong><\/li><\/ul>\n\n\n\n<figure class=\"wp-block-image size-large\"><img src=\"blob:https:\/\/navalremo.pt\/cc8b2a6c-2e25-4e36-a1de-4ca6bf7b2fd8\" alt=\"\"\/><\/figure>\n\n\n\n<p>A Naval Remo congratula-se com este excelente resultado e manifesta publicamente um enorme orgulho neste grupo de Atletas e nos Treinadores Jos\u00e9 Canhola e Patr\u00edcia Batista que em condi\u00e7\u00f5es at\u00edpicas de treino, seja pela Pandemia seja pela inexist\u00eancia do Posto N\u00e1utico durante grande parte da \u00e9poca, conseguiram atingir um elevado n\u00edvel de desempenho e elevar o nome da Naval e o da cidade da Figueira da Foz ao mais alto patamar do Remo Nacional.<\/p>\n\n\n\n<figure class=\"wp-block-image size-large\"><img data-attachment-id=\"981\" data-permalink=\"https:\/\/navalremo.pt\/site\/2020\/09\/30\/chuva-de-mochilas-para-a-naval-remo-no-encontro-nacional-de-remo-jovem\/dsc_2212\/\" data-orig-file=\"https:\/\/navalremo.pt\/site\/wp-content\/uploads\/2020\/10\/DSC_2212-scaled.jpg\" data-orig-size=\"2560,1444\" data-comments-opened=\"0\" data-image-meta=\"{&quot;aperture&quot;:&quot;0&quot;,&quot;credit&quot;:&quot;&quot;,&quot;camera&quot;:&quot;&quot;,&quot;caption&quot;:&quot;&quot;,&quot;created_timestamp&quot;:&quot;0&quot;,&quot;copyright&quot;:&quot;&quot;,&quot;focal_length&quot;:&quot;0&quot;,&quot;iso&quot;:&quot;0&quot;,&quot;shutter_speed&quot;:&quot;0&quot;,&quot;title&quot;:&quot;&quot;,&quot;orientation&quot;:&quot;0&quot;}\" data-image-title=\"DSC_2212\" data-image-description=\"\" data-medium-file=\"https:\/\/navalremo.pt\/site\/wp-content\/uploads\/2020\/10\/DSC_2212-300x169.jpg\" data-large-file=\"https:\/\/navalremo.pt\/site\/wp-content\/uploads\/2020\/10\/DSC_2212-1024x578.jpg\" loading=\"lazy\" width=\"1024\" height=\"578\" src=\"https:\/\/navalremo.pt\/site\/wp-content\/uploads\/2020\/10\/DSC_2212-1024x578.jpg\" alt=\"\" class=\"wp-image-981\" srcset=\"https:\/\/navalremo.pt\/site\/wp-content\/uploads\/2020\/10\/DSC_2212-1024x578.jpg 1024w, https:\/\/navalremo.pt\/site\/wp-content\/uploads\/2020\/10\/DSC_2212-scaled-600x338.jpg 600w, https:\/\/navalremo.pt\/site\/wp-content\/uploads\/2020\/10\/DSC_2212-300x169.jpg 300w, https:\/\/navalremo.pt\/site\/wp-content\/uploads\/2020\/10\/DSC_2212-768x433.jpg 768w, https:\/\/navalremo.pt\/site\/wp-content\/uploads\/2020\/10\/DSC_2212-1536x866.jpg 1536w, https:\/\/navalremo.pt\/site\/wp-content\/uploads\/2020\/10\/DSC_2212-2048x1155.jpg 2048w\" sizes=\"(max-width: 1024px) 100vw, 1024px\" \/><\/figure>\n","protected":false},"excerpt":{"rendered":"<p>Realizou-se nos passados dias 26 e 27 de setembro o Encontro Nacional de Remo Jovem na Pista do Centro de Alto Rendimento em Montemor-o-Velho. Com uma altera\u00e7\u00e3o relativamente aos anos anteriores, este ano a Federa\u00e7\u00e3o Portuguesa de Remo em vez de medalhas entregou \u201cMochilas\u201d aos lugares de p\u00f3dio nas v\u00e1rias Regatas\u2026 e foi com \u201cMochilas\u201d [&hellip;]<\/p>\n","protected":false},"author":2,"featured_media":978,"comment_status":"closed","ping_status":"open","sticky":false,"template":"","format":"standard","meta":{"spay_email":""},"categories":[4],"tags":[],"jetpack_featured_media_url":"https:\/\/navalremo.pt\/site\/wp-content\/uploads\/2020\/10\/IMG_3173.jpeg","_links":{"self":[{"href":"https:\/\/navalremo.pt\/site\/wp-json\/wp\/v2\/posts\/977"}],"collection":[{"href":"https:\/\/navalremo.pt\/site\/wp-json\/wp\/v2\/posts"}],"about":[{"href":"https:\/\/navalremo.pt\/site\/wp-json\/wp\/v2\/types\/post"}],"author":[{"embeddable":true,"href":"https:\/\/navalremo.pt\/site\/wp-json\/wp\/v2\/users\/2"}],"replies":[{"embeddable":true,"href":"https:\/\/navalremo.pt\/site\/wp-json\/wp\/v2\/comments?post=977"}],"version-history":[{"count":1,"href":"https:\/\/navalremo.pt\/site\/wp-json\/wp\/v2\/posts\/977\/revisions"}],"predecessor-version":[{"id":983,"href":"https:\/\/navalremo.pt\/site\/wp-json\/wp\/v2\/posts\/977\/revisions\/983"}],"wp:featuredmedia":[{"embeddable":true,"href":"https:\/\/navalremo.pt\/site\/wp-json\/wp\/v2\/media\/978"}],"wp:attachment":[{"href":"https:\/\/navalremo.pt\/site\/wp-json\/wp\/v2\/media?parent=977"}],"wp:term":[{"taxonomy":"category","embeddable":true,"href":"https:\/\/navalremo.pt\/site\/wp-json\/wp\/v2\/categories?post=977"},{"taxonomy":"post_tag","embeddable":true,"href":"https:\/\/navalremo.pt\/site\/wp-json\/wp\/v2\/tags?post=977"}],"curies":[{"name":"wp","href":"https:\/\/api.w.org\/{rel}","templated":true}]}}