{"id":970,"date":"2020-09-14T16:48:00","date_gmt":"2020-09-14T16:48:00","guid":{"rendered":"https:\/\/navalremo.pt\/site\/?p=970"},"modified":"2020-10-03T16:53:52","modified_gmt":"2020-10-03T16:53:52","slug":"naval-remo-participou-na-regata-do-campeonato-regional-de-velocidade-2019-2020","status":"publish","type":"post","link":"https:\/\/navalremo.pt\/site\/2020\/09\/14\/naval-remo-participou-na-regata-do-campeonato-regional-de-velocidade-2019-2020\/","title":{"rendered":"Naval Remo participou na Regata do Campeonato Regional de Velocidade &#8211; 2019\/2020"},"content":{"rendered":"\n<p>A Naval Remo participou no Campeonato Regional de Velocidade que teve lugar nos passados dias 12 e 13 de setembro na pista de Remo de Montemor-o-Velho.<\/p>\n\n\n\n<figure class=\"wp-block-image size-large\"><img data-attachment-id=\"973\" data-permalink=\"https:\/\/navalremo.pt\/site\/2020\/09\/14\/naval-remo-participou-na-regata-do-campeonato-regional-de-velocidade-2019-2020\/dsc_2030\/\" data-orig-file=\"https:\/\/navalremo.pt\/site\/wp-content\/uploads\/2020\/10\/DSC_2030-scaled.jpg\" data-orig-size=\"2560,1444\" data-comments-opened=\"0\" data-image-meta=\"{&quot;aperture&quot;:&quot;0&quot;,&quot;credit&quot;:&quot;&quot;,&quot;camera&quot;:&quot;&quot;,&quot;caption&quot;:&quot;&quot;,&quot;created_timestamp&quot;:&quot;0&quot;,&quot;copyright&quot;:&quot;&quot;,&quot;focal_length&quot;:&quot;0&quot;,&quot;iso&quot;:&quot;0&quot;,&quot;shutter_speed&quot;:&quot;0&quot;,&quot;title&quot;:&quot;&quot;,&quot;orientation&quot;:&quot;0&quot;}\" data-image-title=\"DSC_2030\" data-image-description=\"\" data-medium-file=\"https:\/\/navalremo.pt\/site\/wp-content\/uploads\/2020\/10\/DSC_2030-300x169.jpg\" data-large-file=\"https:\/\/navalremo.pt\/site\/wp-content\/uploads\/2020\/10\/DSC_2030-1024x578.jpg\" loading=\"lazy\" width=\"1024\" height=\"578\" src=\"https:\/\/navalremo.pt\/site\/wp-content\/uploads\/2020\/10\/DSC_2030-1024x578.jpg\" alt=\"\" class=\"wp-image-973\" srcset=\"https:\/\/navalremo.pt\/site\/wp-content\/uploads\/2020\/10\/DSC_2030-1024x578.jpg 1024w, https:\/\/navalremo.pt\/site\/wp-content\/uploads\/2020\/10\/DSC_2030-scaled-600x338.jpg 600w, https:\/\/navalremo.pt\/site\/wp-content\/uploads\/2020\/10\/DSC_2030-300x169.jpg 300w, https:\/\/navalremo.pt\/site\/wp-content\/uploads\/2020\/10\/DSC_2030-768x433.jpg 768w, https:\/\/navalremo.pt\/site\/wp-content\/uploads\/2020\/10\/DSC_2030-1536x866.jpg 1536w, https:\/\/navalremo.pt\/site\/wp-content\/uploads\/2020\/10\/DSC_2030-2048x1155.jpg 2048w\" sizes=\"(max-width: 1024px) 100vw, 1024px\" \/><\/figure>\n\n\n\n<p><\/p>\n\n\n\n<p>Numa Regata organizada pela ARBL (Associa\u00e7\u00e3o de Remo da Beira Litoral), onde participaram mais de 100 Atletas, respeitando as regras de higiene e seguran\u00e7a e sem uma cerim\u00f3nia oficial de entrega de pr\u00e9mios, a Naval Remo conquistou diversos p\u00f3dios entre outros tantos bons resultados, nomeadamente:<\/p>\n\n\n\n<ul><li>Skiff Benjamins Femininos \u2013 <strong>3\u00ba Lugar para Sofia Oliveira<\/strong>;<ul><li>Double Scull Iniciado Masculino \u2013 <strong>1\u00ba Lugar para Rodrigo Verdete e Dinis Oliveira<\/strong>;<\/li><\/ul><ul><li>Skiff Infantil Feminino \u2013 5\u00ba Lugar para Maria Santos;<\/li><\/ul><ul><li>Skiff Infantil Masculino \u2013 6\u00ba Lugar para Alexandre Canhola e 11\u00ba Lugar para Jos\u00e9 Azevedo;<\/li><\/ul><ul><li>Double Scull Infantil Masculino \u2013 <strong>1\u00ba Lugar para Hugo Baeta e Francisco Cruz<\/strong>;<\/li><\/ul><ul><li>Skiff Iniciado Feminino \u2013 5\u00ba Lugar para Joana Rocha;<\/li><\/ul><ul><li>Skiff Iniciado Masculino \u2013 5\u00ba Lugar para Bernardo Cruz;<\/li><\/ul><ul><li>Skiff Juvenil Feminino \u2013 <strong>2\u00ba Lugar para Madalena Pe\u00e7a<\/strong> e 4\u00ba Lugar para Matilde Cavaco;<\/li><\/ul><ul><li>Double Scull Juvenil Feminino \u2013 <strong>2\u00ba Lugar para Raquel Ferrolho e In\u00eas Mendes<\/strong>;<\/li><\/ul><ul><li>Double Scull Juvenil Masculino \u2013 4\u00ba Lugar para Manuel Baeta e Henrique Pinho;<\/li><\/ul><ul><li>Quadri Scull Juvenil Masculino \u2013 <strong>1\u00ba Lugar para Afonso Santos, Pedro Rodrigues, Diogo Ferreira e Jo\u00e3o Oliveira<\/strong>;<\/li><\/ul><ul><li>Skiff Junior Masculino \u2013 <strong>1\u00ba Lugar para Diogo Carvalho<\/strong>;<\/li><\/ul><ul><li>Skiff S\u00e9nior Feminino \u2013 <strong>1\u00ba Lugar para Patr\u00edcia Batista e 2\u00ba Lugar para In\u00eas Jesus<\/strong>;<\/li><\/ul><ul><li>Double Scull Veterano Masculino \u2013 <strong>2\u00ba Lugar para Jos\u00e9 Canhola e Jos\u00e9 Silva e 3\u00ba Lugar para Nelson Silva e Carlos Gil<\/strong>.<\/li><\/ul><\/li><\/ul>\n\n\n\n<figure class=\"wp-block-image size-large\"><img data-attachment-id=\"974\" data-permalink=\"https:\/\/navalremo.pt\/site\/2020\/09\/14\/naval-remo-participou-na-regata-do-campeonato-regional-de-velocidade-2019-2020\/dsc_2060\/\" data-orig-file=\"https:\/\/navalremo.pt\/site\/wp-content\/uploads\/2020\/10\/DSC_2060-scaled.jpg\" data-orig-size=\"2560,1444\" data-comments-opened=\"0\" data-image-meta=\"{&quot;aperture&quot;:&quot;0&quot;,&quot;credit&quot;:&quot;&quot;,&quot;camera&quot;:&quot;&quot;,&quot;caption&quot;:&quot;&quot;,&quot;created_timestamp&quot;:&quot;0&quot;,&quot;copyright&quot;:&quot;&quot;,&quot;focal_length&quot;:&quot;0&quot;,&quot;iso&quot;:&quot;0&quot;,&quot;shutter_speed&quot;:&quot;0&quot;,&quot;title&quot;:&quot;&quot;,&quot;orientation&quot;:&quot;0&quot;}\" data-image-title=\"DSC_2060\" data-image-description=\"\" data-medium-file=\"https:\/\/navalremo.pt\/site\/wp-content\/uploads\/2020\/10\/DSC_2060-300x169.jpg\" data-large-file=\"https:\/\/navalremo.pt\/site\/wp-content\/uploads\/2020\/10\/DSC_2060-1024x578.jpg\" loading=\"lazy\" width=\"1024\" height=\"578\" src=\"https:\/\/navalremo.pt\/site\/wp-content\/uploads\/2020\/10\/DSC_2060-1024x578.jpg\" alt=\"\" class=\"wp-image-974\" srcset=\"https:\/\/navalremo.pt\/site\/wp-content\/uploads\/2020\/10\/DSC_2060-1024x578.jpg 1024w, https:\/\/navalremo.pt\/site\/wp-content\/uploads\/2020\/10\/DSC_2060-scaled-600x338.jpg 600w, https:\/\/navalremo.pt\/site\/wp-content\/uploads\/2020\/10\/DSC_2060-300x169.jpg 300w, https:\/\/navalremo.pt\/site\/wp-content\/uploads\/2020\/10\/DSC_2060-768x433.jpg 768w, https:\/\/navalremo.pt\/site\/wp-content\/uploads\/2020\/10\/DSC_2060-1536x866.jpg 1536w, https:\/\/navalremo.pt\/site\/wp-content\/uploads\/2020\/10\/DSC_2060-2048x1155.jpg 2048w\" sizes=\"(max-width: 1024px) 100vw, 1024px\" \/><\/figure>\n\n\n\n<p>O N\u00facleo de Antigos Remadores da Associa\u00e7\u00e3o Naval 1\u00ba de Maio endere\u00e7a publicamente os sinceros parab\u00e9ns a este conjunto de Atletas e aos seus Treinadores Jos\u00e9 Canhola e Patr\u00edcia Batista, que contribuem de sobremaneira para elevar o nome da Naval e o da cidade da Figueira da Foz ao mais alto patamar do Remo Regional.<\/p>\n\n\n\n<p><\/p>\n","protected":false},"excerpt":{"rendered":"<p>A Naval Remo participou no Campeonato Regional de Velocidade que teve lugar nos passados dias 12 e 13 de setembro na pista de Remo de Montemor-o-Velho. Numa Regata organizada pela ARBL (Associa\u00e7\u00e3o de Remo da Beira Litoral), onde participaram mais de 100 Atletas, respeitando as regras de higiene e seguran\u00e7a e sem uma cerim\u00f3nia oficial [&hellip;]<\/p>\n","protected":false},"author":2,"featured_media":972,"comment_status":"closed","ping_status":"open","sticky":false,"template":"","format":"standard","meta":{"spay_email":""},"categories":[4],"tags":[],"jetpack_featured_media_url":"https:\/\/navalremo.pt\/site\/wp-content\/uploads\/2020\/09\/DSC_2100-scaled.jpg","_links":{"self":[{"href":"https:\/\/navalremo.pt\/site\/wp-json\/wp\/v2\/posts\/970"}],"collection":[{"href":"https:\/\/navalremo.pt\/site\/wp-json\/wp\/v2\/posts"}],"about":[{"href":"https:\/\/navalremo.pt\/site\/wp-json\/wp\/v2\/types\/post"}],"author":[{"embeddable":true,"href":"https:\/\/navalremo.pt\/site\/wp-json\/wp\/v2\/users\/2"}],"replies":[{"embeddable":true,"href":"https:\/\/navalremo.pt\/site\/wp-json\/wp\/v2\/comments?post=970"}],"version-history":[{"count":3,"href":"https:\/\/navalremo.pt\/site\/wp-json\/wp\/v2\/posts\/970\/revisions"}],"predecessor-version":[{"id":976,"href":"https:\/\/navalremo.pt\/site\/wp-json\/wp\/v2\/posts\/970\/revisions\/976"}],"wp:featuredmedia":[{"embeddable":true,"href":"https:\/\/navalremo.pt\/site\/wp-json\/wp\/v2\/media\/972"}],"wp:attachment":[{"href":"https:\/\/navalremo.pt\/site\/wp-json\/wp\/v2\/media?parent=970"}],"wp:term":[{"taxonomy":"category","embeddable":true,"href":"https:\/\/navalremo.pt\/site\/wp-json\/wp\/v2\/categories?post=970"},{"taxonomy":"post_tag","embeddable":true,"href":"https:\/\/navalremo.pt\/site\/wp-json\/wp\/v2\/tags?post=970"}],"curies":[{"name":"wp","href":"https:\/\/api.w.org\/{rel}","templated":true}]}}