{"id":945,"date":"2020-07-07T06:51:10","date_gmt":"2020-07-07T06:51:10","guid":{"rendered":"https:\/\/navalremo.pt\/site\/?p=945"},"modified":"2020-07-07T07:55:15","modified_gmt":"2020-07-07T07:55:15","slug":"assembleia-geral-extraordinaria","status":"publish","type":"post","link":"https:\/\/navalremo.pt\/site\/2020\/07\/07\/assembleia-geral-extraordinaria\/","title":{"rendered":"Assembleia Geral Extraordin\u00e1ria"},"content":{"rendered":"\n<p style=\"text-align:center\"><strong>CONVOCAT\u00d3RIA<\/strong><\/p>\n\n\n\n<p>O N\u00facleo de Antigos Remadores da Associa\u00e7\u00e3o Naval 1\u00ba de\nMaio, nos termos do artigo 4\u00ba do Regulamento Interno convoca os Associados\ndeste N\u00facleo para a realiza\u00e7\u00e3o de uma Assembleia Geral de car\u00e1cter extraordin\u00e1rio\nque ter\u00e1 lugar no pr\u00f3ximo dia <strong>24 de julho pelas 20H30<\/strong>, na sua Sede \u2013\nPosto N\u00e1utico junto \u00e0 Marina de Recreio, segundo a seguinte ordem de trabalhos:<\/p>\n\n\n\n<ul><li>Proposta de altera\u00e7\u00e3o dos Estatutos do N\u00facleo,\ncom altera\u00e7\u00e3o do n\u00famero de membros da Dire\u00e7\u00e3o passando a 7;<\/li><li>Vota\u00e7\u00e3o sobre a proposta de altera\u00e7\u00e3o dos Estatutos;<\/li><li>Proposta de altera\u00e7\u00e3o da denomina\u00e7\u00e3o do clube e\nado\u00e7\u00e3o de nova imagem que ser\u00e1 introduzida gradualmente ao longo de alguns\nmeses;<\/li><li>Vota\u00e7\u00e3o sobre a proposta de altera\u00e7\u00e3o da\ndenomina\u00e7\u00e3o.<\/li><\/ul>\n\n\n\n<p>06 de julho de 2020,\nFigueira da Foz<\/p>\n\n\n\n<p>O Presidente da\nAssembleia Geral<\/p>\n\n\n\n<p>Jo\u00e3o Ant\u00f3nio Varela\nda Silva Faria<\/p>\n","protected":false},"excerpt":{"rendered":"<p>CONVOCAT\u00d3RIA O N\u00facleo de Antigos Remadores da Associa\u00e7\u00e3o Naval 1\u00ba de Maio, nos termos do artigo 4\u00ba do Regulamento Interno convoca os Associados deste N\u00facleo para a realiza\u00e7\u00e3o de uma Assembleia Geral de car\u00e1cter extraordin\u00e1rio que ter\u00e1 lugar no pr\u00f3ximo dia 24 de julho pelas 20H30, na sua Sede \u2013 Posto N\u00e1utico junto \u00e0 Marina [&hellip;]<\/p>\n","protected":false},"author":2,"featured_media":947,"comment_status":"closed","ping_status":"open","sticky":false,"template":"","format":"standard","meta":{"spay_email":""},"categories":[4],"tags":[],"jetpack_featured_media_url":"https:\/\/navalremo.pt\/site\/wp-content\/uploads\/2020\/07\/convocat\u00f3ria-AG-extraordin\u00e1ria-2020-1.jpg","_links":{"self":[{"href":"https:\/\/navalremo.pt\/site\/wp-json\/wp\/v2\/posts\/945"}],"collection":[{"href":"https:\/\/navalremo.pt\/site\/wp-json\/wp\/v2\/posts"}],"about":[{"href":"https:\/\/navalremo.pt\/site\/wp-json\/wp\/v2\/types\/post"}],"author":[{"embeddable":true,"href":"https:\/\/navalremo.pt\/site\/wp-json\/wp\/v2\/users\/2"}],"replies":[{"embeddable":true,"href":"https:\/\/navalremo.pt\/site\/wp-json\/wp\/v2\/comments?post=945"}],"version-history":[{"count":1,"href":"https:\/\/navalremo.pt\/site\/wp-json\/wp\/v2\/posts\/945\/revisions"}],"predecessor-version":[{"id":948,"href":"https:\/\/navalremo.pt\/site\/wp-json\/wp\/v2\/posts\/945\/revisions\/948"}],"wp:featuredmedia":[{"embeddable":true,"href":"https:\/\/navalremo.pt\/site\/wp-json\/wp\/v2\/media\/947"}],"wp:attachment":[{"href":"https:\/\/navalremo.pt\/site\/wp-json\/wp\/v2\/media?parent=945"}],"wp:term":[{"taxonomy":"category","embeddable":true,"href":"https:\/\/navalremo.pt\/site\/wp-json\/wp\/v2\/categories?post=945"},{"taxonomy":"post_tag","embeddable":true,"href":"https:\/\/navalremo.pt\/site\/wp-json\/wp\/v2\/tags?post=945"}],"curies":[{"name":"wp","href":"https:\/\/api.w.org\/{rel}","templated":true}]}}