{"id":942,"date":"2020-07-06T13:35:33","date_gmt":"2020-07-06T13:35:33","guid":{"rendered":"https:\/\/navalremo.pt\/site\/?p=942"},"modified":"2020-07-06T14:37:04","modified_gmt":"2020-07-06T14:37:04","slug":"assembleia-geral-ordinaria","status":"publish","type":"post","link":"https:\/\/navalremo.pt\/site\/2020\/07\/06\/assembleia-geral-ordinaria\/","title":{"rendered":"Assembleia Geral Ordin\u00e1ria"},"content":{"rendered":"\n<p style=\"text-align:center\"><strong>Convocat\u00f3ria<\/strong><\/p>\n\n\n\n<p>O N\u00facleo de Antigos Remadores da Associa\u00e7\u00e3o Naval 1\u00ba de Maio, nos termos do artigo 4\u00ba do Regulamento Interno convoca os Associados deste N\u00facleo para a realiza\u00e7\u00e3o de uma Assembleia Geral de car\u00e1cter ordin\u00e1rio que ter\u00e1 lugar no pr\u00f3ximo dia <strong>24 de julho<\/strong> 30 minutos ap\u00f3s a realiza\u00e7\u00e3o da Assembleia Geral de caracter extraordin\u00e1rio convocada para o mesmo dia, na sua Sede \u2013 Posto N\u00e1utico junto \u00e0 Marina de Recreio, segundo a seguinte ordem de trabalhos:<\/p>\n\n\n\n<ul><li>Apresenta\u00e7\u00e3o do Relat\u00f3rio de Atividades e contas\n2019<\/li><li>Vota\u00e7\u00e3o sobre Relat\u00f3rio de Atividades e Contas\n2019<\/li><li>Elei\u00e7\u00e3o dos Corpos Sociais<\/li><\/ul>\n\n\n\n<p>06 de julho de 2020,\nFigueira da Foz<\/p>\n\n\n\n<p>O Presidente da\nAssembleia Geral<\/p>\n\n\n\n<p>Jo\u00e3o Ant\u00f3nio Varela\nda Silva Faria<\/p>\n","protected":false},"excerpt":{"rendered":"<p>Convocat\u00f3ria O N\u00facleo de Antigos Remadores da Associa\u00e7\u00e3o Naval 1\u00ba de Maio, nos termos do artigo 4\u00ba do Regulamento Interno convoca os Associados deste N\u00facleo para a realiza\u00e7\u00e3o de uma Assembleia Geral de car\u00e1cter ordin\u00e1rio que ter\u00e1 lugar no pr\u00f3ximo dia 24 de julho 30 minutos ap\u00f3s a realiza\u00e7\u00e3o da Assembleia Geral de caracter extraordin\u00e1rio [&hellip;]<\/p>\n","protected":false},"author":2,"featured_media":943,"comment_status":"closed","ping_status":"open","sticky":false,"template":"","format":"standard","meta":{"spay_email":""},"categories":[4],"tags":[],"jetpack_featured_media_url":"https:\/\/navalremo.pt\/site\/wp-content\/uploads\/2020\/07\/convocat\u00f3ria-AG-ordin\u00e1ria-2020-e1594046030199.jpg","_links":{"self":[{"href":"https:\/\/navalremo.pt\/site\/wp-json\/wp\/v2\/posts\/942"}],"collection":[{"href":"https:\/\/navalremo.pt\/site\/wp-json\/wp\/v2\/posts"}],"about":[{"href":"https:\/\/navalremo.pt\/site\/wp-json\/wp\/v2\/types\/post"}],"author":[{"embeddable":true,"href":"https:\/\/navalremo.pt\/site\/wp-json\/wp\/v2\/users\/2"}],"replies":[{"embeddable":true,"href":"https:\/\/navalremo.pt\/site\/wp-json\/wp\/v2\/comments?post=942"}],"version-history":[{"count":1,"href":"https:\/\/navalremo.pt\/site\/wp-json\/wp\/v2\/posts\/942\/revisions"}],"predecessor-version":[{"id":944,"href":"https:\/\/navalremo.pt\/site\/wp-json\/wp\/v2\/posts\/942\/revisions\/944"}],"wp:featuredmedia":[{"embeddable":true,"href":"https:\/\/navalremo.pt\/site\/wp-json\/wp\/v2\/media\/943"}],"wp:attachment":[{"href":"https:\/\/navalremo.pt\/site\/wp-json\/wp\/v2\/media?parent=942"}],"wp:term":[{"taxonomy":"category","embeddable":true,"href":"https:\/\/navalremo.pt\/site\/wp-json\/wp\/v2\/categories?post=942"},{"taxonomy":"post_tag","embeddable":true,"href":"https:\/\/navalremo.pt\/site\/wp-json\/wp\/v2\/tags?post=942"}],"curies":[{"name":"wp","href":"https:\/\/api.w.org\/{rel}","templated":true}]}}