{"id":938,"date":"2020-01-14T20:22:20","date_gmt":"2020-01-14T20:22:20","guid":{"rendered":"https:\/\/navalremo.pt\/site\/?p=938"},"modified":"2020-01-14T20:22:25","modified_gmt":"2020-01-14T20:22:25","slug":"remo-da-naval-participou-na-4a-regata-das-primeiras-remadas-e-remo-jovem-2","status":"publish","type":"post","link":"https:\/\/navalremo.pt\/site\/2020\/01\/14\/remo-da-naval-participou-na-4a-regata-das-primeiras-remadas-e-remo-jovem-2\/","title":{"rendered":"Remo da Naval participou na 4\u00aa Regata das Primeiras Remadas e Remo Jovem"},"content":{"rendered":"\n<p>A Naval participou na 4\u00aa Regata do\nTorneio das Primeiras Remadas e Remo Jovem, que se realizou no passado dia 11\nde janeiro na Barrinha de Mira e conquista um excelente resultado com 11 p\u00f3dios.<\/p>\n\n\n\n<p>Nestas Regatas onde participaram mais\nde 150 Atletas dos Clubes que constituem a Associa\u00e7\u00e3o de Remo da Beira Litoral\n(ARBL), a Naval Remo obteve os seguintes resultados:<\/p>\n\n\n\n<p>Torneio das Primeiras Remadas:<\/p>\n\n\n\n<ul><li>Benjamins Femininos\n\u2013 2\u00ba Lugar para Sofia Oliveira<ul><li>Infantis\nMasculinos \u2013 2\u00ba Lugar para Francisco Cruz<\/li><\/ul><ul><li>Infantis\nFemininos \u2013 3\u00ba Ludar para Maria Santos<\/li><\/ul><ul><li>Iniciados\nMasculinos \u20137\u00ba Lugar para Dinis Oliveira<\/li><\/ul><ul><li>Juvenis\nFemininos \u2013 1\u00ba Lugar para Matilde Cavaco<\/li><\/ul><ul><li>Juvenis\nMasculinos \u2013 1\u00ba Lugar para Pedro Rodrigues<\/li><\/ul><\/li><\/ul>\n\n\n\n<p>Regatas do Remo Jovem:<\/p>\n\n\n\n<ul><li>Double\nScull Infantis Masculinos \u2013 1\u00ba Lugar Alexandre Canhola e Hugo Baeta<ul><li>Skiff Iniciados\nMasculinos \u2013 6\u00ba Lugar para Jos\u00e9 Azevedo<\/li><\/ul><ul><li>Skiff\nIniciado Feminino \u2013 4\u00ba Lugar para Joana Rocha<\/li><\/ul><ul><li>Quadri\nScull Iniciado Masculino \u2013 2\u00ba Lugar para Rodrigo Verdete, Daniel Alexandre, Bernardo\nCruz e Jos\u00e9 Loureiro<\/li><\/ul><ul><li>Skiff\nJuvenil Feminino \u2013 2\u00ba Lugar para Raquel Ferrolho<\/li><\/ul><ul><li>Double\nScull Juvenil Feminino \u2013 3\u00ba Lugar Madalena Pe\u00e7a e In\u00eas Mendes<\/li><\/ul><ul><li>Double Scull\nJuvenil Masculino \u2013 2\u00ba Lugar Henrique Pinho e Duarte Pires<\/li><\/ul><ul><li>Quadro\nScull Juvenil Masculino \u2013 2\u00ba Lugar para Daniel Silva, Diogo Ferreira, Jo\u00e3o\nOliveira e Manuel Baeta<\/li><\/ul><\/li><\/ul>\n\n\n\n<p>Mais uma boa presta\u00e7\u00e3o da Naval\nRemo, que se congratula com os resultados obtidos e endere\u00e7a publicamente os\nsinceros parab\u00e9ns a este conjunto de Atletas e aos seus Treinadores Jos\u00e9\nCanhola e Patr\u00edcia Batista, que contribuem de sobremaneira para elevar o nome\nda Naval e o da cidade da Figueira da Foz ao mais alto patamar do Remo Nacional.<\/p>\n","protected":false},"excerpt":{"rendered":"<p>A Naval participou na 4\u00aa Regata do Torneio das Primeiras Remadas e Remo Jovem, que se realizou no passado dia 11 de janeiro na Barrinha de Mira e conquista um excelente resultado com 11 p\u00f3dios. Nestas Regatas onde participaram mais de 150 Atletas dos Clubes que constituem a Associa\u00e7\u00e3o de Remo da Beira Litoral (ARBL), [&hellip;]<\/p>\n","protected":false},"author":2,"featured_media":939,"comment_status":"closed","ping_status":"open","sticky":false,"template":"","format":"standard","meta":{"spay_email":""},"categories":[4,5],"tags":[],"jetpack_featured_media_url":"https:\/\/navalremo.pt\/site\/wp-content\/uploads\/2020\/01\/4arbl.png","_links":{"self":[{"href":"https:\/\/navalremo.pt\/site\/wp-json\/wp\/v2\/posts\/938"}],"collection":[{"href":"https:\/\/navalremo.pt\/site\/wp-json\/wp\/v2\/posts"}],"about":[{"href":"https:\/\/navalremo.pt\/site\/wp-json\/wp\/v2\/types\/post"}],"author":[{"embeddable":true,"href":"https:\/\/navalremo.pt\/site\/wp-json\/wp\/v2\/users\/2"}],"replies":[{"embeddable":true,"href":"https:\/\/navalremo.pt\/site\/wp-json\/wp\/v2\/comments?post=938"}],"version-history":[{"count":1,"href":"https:\/\/navalremo.pt\/site\/wp-json\/wp\/v2\/posts\/938\/revisions"}],"predecessor-version":[{"id":940,"href":"https:\/\/navalremo.pt\/site\/wp-json\/wp\/v2\/posts\/938\/revisions\/940"}],"wp:featuredmedia":[{"embeddable":true,"href":"https:\/\/navalremo.pt\/site\/wp-json\/wp\/v2\/media\/939"}],"wp:attachment":[{"href":"https:\/\/navalremo.pt\/site\/wp-json\/wp\/v2\/media?parent=938"}],"wp:term":[{"taxonomy":"category","embeddable":true,"href":"https:\/\/navalremo.pt\/site\/wp-json\/wp\/v2\/categories?post=938"},{"taxonomy":"post_tag","embeddable":true,"href":"https:\/\/navalremo.pt\/site\/wp-json\/wp\/v2\/tags?post=938"}],"curies":[{"name":"wp","href":"https:\/\/api.w.org\/{rel}","templated":true}]}}