{"id":930,"date":"2019-12-08T14:26:02","date_gmt":"2019-12-08T14:26:02","guid":{"rendered":"https:\/\/navalremo.pt\/site\/?p=930"},"modified":"2019-12-29T14:35:45","modified_gmt":"2019-12-29T14:35:45","slug":"3a-regata-da-associacao-de-remo-da-beira-litoral-arbl","status":"publish","type":"post","link":"https:\/\/navalremo.pt\/site\/2019\/12\/08\/3a-regata-da-associacao-de-remo-da-beira-litoral-arbl\/","title":{"rendered":"3\u00aa Regata da Associa\u00e7\u00e3o de Remo da Beira Litoral (ARBL)"},"content":{"rendered":"\n<p>O Remo da Naval participou na 3\u00aa\nprova do Torneio 1\u00aas Remadas e Circuito Remo Jovem e Adaptado 2019\/20, que se realizou\na 07 de dezembro em Aveiro.<\/p>\n\n\n\n<p>Esta 3\u00aa prova \u00e9 um duatlo onde os\natletas efetuam uma primeira prova em erg\u00f3metro e de seguida correm mais uma\ndist\u00e2ncia consoante o seu escal\u00e3o, tendo participado 8 clubes e mais de 200\nAtletas.<\/p>\n\n\n\n<p>A Naval continua a obter excelentes resultados nos v\u00e1rios escal\u00f5es em\ncompeti\u00e7\u00e3o, nomeadamente:<\/p>\n\n\n\n<ul><li>Torneio 1\u00aas Remadas:<ul><li>Benjamin\nFeminino \u2013 2\u00ba Lugar para Sofia Oliveira<\/li><\/ul><ul><li>Infantil\nFeminino \u2013 3\u00ba Lugar para Maria Santos;<\/li><\/ul><ul><li>Infantis\nMasculinos \u2013 1\u00ba Lugar para Francisco Cruz;<\/li><\/ul><ul><li>Iniciados\nMasculinos \u2013 5\u00ba Lugar para Dinis Oliveira;<\/li><\/ul><ul><li>Juvenis\nFemininos \u2013 2\u00ba Lugar para Matilde Cavaco;<\/li><\/ul><ul><li>Juvenis\nMasculinos \u2013 3\u00ba Lugar para Pedro Rodrigues.<\/li><\/ul><\/li><li>Remo Jovem:<ul><li>Infantil\nMasculino \u2013 6\u00ba Lugar para Alexandre Canhola e 7\u00ba Lugar para Hugo Baeta;<\/li><\/ul><ul><li>Iniciados Femininos\n\u2013 11\u00ba Lugar para Joana Rocha<\/li><\/ul><ul><li>Iniciados\nMasculinos \u2013 4\u00ba Lugar para Dinis Lagem, 12\u00ba Lugar para Bernardo Cruz, 14\u00ba Lugar\npara Daniel Alexandre e 22\u00ba Lugar para Jos\u00e9 Loureiro;<\/li><\/ul><ul><li>Juvenis\nFemininos \u2013 1\u00ba Lugar para Madalena Pe\u00e7a, 2\u00ba Lugar para Raquel Ferrolho e 8\u00ba\nLugar para In\u00eas Mendes.<\/li><\/ul><ul><li>Juvenis\nMasculinos \u2013 7\u00ba Lugar para Diogo Ferreira, 19\u00ba Lugar para Jo\u00e3o Oliveira, 32\u00ba\nLugar para Henrique Pinho e 38\u00ba Lugar para Daniel Silva. <\/li><\/ul><\/li><\/ul>\n\n\n\n<p>Estas classifica\u00e7\u00f5es s\u00e3o o\nresultado do enorme esfor\u00e7o que o Corpo T\u00e9cnico da Naval e aos seus Atletas t\u00eam\nfeito esta \u00e9poca, continuando a treinar durante a semana no Mercado Municipal e\nao fim de semana em Montemor o Velho, enquanto ainda n\u00e3o est\u00e1 constru\u00eddo o\nPavilh\u00e3o N\u00e1utico. Por este motivo o N\u00facleo de Antigos Remadores da Associa\u00e7\u00e3o\nNaval 1\u00ba de Maio endere\u00e7a os Parab\u00e9ns aos treinadores Jos\u00e9 Canhola e Patr\u00edcia\nBatista e aos Atletas da Naval com votos de continua\u00e7\u00e3o do bom trabalho que t\u00eam\nfeito at\u00e9 aqui.<\/p>\n","protected":false},"excerpt":{"rendered":"<p>O Remo da Naval participou na 3\u00aa prova do Torneio 1\u00aas Remadas e Circuito Remo Jovem e Adaptado 2019\/20, que se realizou a 07 de dezembro em Aveiro. Esta 3\u00aa prova \u00e9 um duatlo onde os atletas efetuam uma primeira prova em erg\u00f3metro e de seguida correm mais uma dist\u00e2ncia consoante o seu escal\u00e3o, tendo [&hellip;]<\/p>\n","protected":false},"author":2,"featured_media":931,"comment_status":"closed","ping_status":"open","sticky":false,"template":"","format":"standard","meta":{"spay_email":""},"categories":[4,5],"tags":[],"jetpack_featured_media_url":"https:\/\/navalremo.pt\/site\/wp-content\/uploads\/2019\/12\/foto_arbl.jpg","_links":{"self":[{"href":"https:\/\/navalremo.pt\/site\/wp-json\/wp\/v2\/posts\/930"}],"collection":[{"href":"https:\/\/navalremo.pt\/site\/wp-json\/wp\/v2\/posts"}],"about":[{"href":"https:\/\/navalremo.pt\/site\/wp-json\/wp\/v2\/types\/post"}],"author":[{"embeddable":true,"href":"https:\/\/navalremo.pt\/site\/wp-json\/wp\/v2\/users\/2"}],"replies":[{"embeddable":true,"href":"https:\/\/navalremo.pt\/site\/wp-json\/wp\/v2\/comments?post=930"}],"version-history":[{"count":1,"href":"https:\/\/navalremo.pt\/site\/wp-json\/wp\/v2\/posts\/930\/revisions"}],"predecessor-version":[{"id":932,"href":"https:\/\/navalremo.pt\/site\/wp-json\/wp\/v2\/posts\/930\/revisions\/932"}],"wp:featuredmedia":[{"embeddable":true,"href":"https:\/\/navalremo.pt\/site\/wp-json\/wp\/v2\/media\/931"}],"wp:attachment":[{"href":"https:\/\/navalremo.pt\/site\/wp-json\/wp\/v2\/media?parent=930"}],"wp:term":[{"taxonomy":"category","embeddable":true,"href":"https:\/\/navalremo.pt\/site\/wp-json\/wp\/v2\/categories?post=930"},{"taxonomy":"post_tag","embeddable":true,"href":"https:\/\/navalremo.pt\/site\/wp-json\/wp\/v2\/tags?post=930"}],"curies":[{"name":"wp","href":"https:\/\/api.w.org\/{rel}","templated":true}]}}