{"id":925,"date":"2019-12-21T14:17:33","date_gmt":"2019-12-21T14:17:33","guid":{"rendered":"https:\/\/navalremo.pt\/site\/?p=925"},"modified":"2019-12-29T14:22:38","modified_gmt":"2019-12-29T14:22:38","slug":"remo-da-naval-participou-na-xxxi-regata-internacional-de-natal","status":"publish","type":"post","link":"https:\/\/navalremo.pt\/site\/2019\/12\/21\/remo-da-naval-participou-na-xxxi-regata-internacional-de-natal\/","title":{"rendered":"Remo da Naval participou na XXXI Regata Internacional de Natal"},"content":{"rendered":"\n<p>Decorreu no passado dia 08 de\ndezembro, no Rio Douro, a XXXI edi\u00e7\u00e3o da Regata Internacional de Natal e o Remo\nda Naval apresentou-se com uma tripula\u00e7\u00e3o de Shell de 4 sem timoneiro Feminino.<\/p>\n\n\n\n<p>A tripula\u00e7\u00e3o composta pela Daila\nAlexandre, Patr\u00edcia Batista, Sofia Silva e In\u00eas Rodrigues obteve a 3\u00aa posi\u00e7\u00e3o\nnuma Regata muito disputada onde participaram outras 4 embarca\u00e7\u00f5es.<\/p>\n\n\n\n<p>Esta regata \u00e9 importante para\ncome\u00e7ar a aferir os valores para a presente \u00e9poca ao n\u00edvel das provas de maior\ndist\u00e2ncia, relevando-se como bons os resultados do Remo da Naval e que deixam\nigualmente boas indica\u00e7\u00f5es para o futuro.<\/p>\n\n\n\n<p>O N\u00facleo de Antigos Remadores da\nAssocia\u00e7\u00e3o Naval 1\u00ba de Maio endere\u00e7a os parab\u00e9ns ao treinador Jos\u00e9 Canhola e \u00e0s\natletas pelos resultados obtidos.<\/p>\n","protected":false},"excerpt":{"rendered":"<p>Decorreu no passado dia 08 de dezembro, no Rio Douro, a XXXI edi\u00e7\u00e3o da Regata Internacional de Natal e o Remo da Naval apresentou-se com uma tripula\u00e7\u00e3o de Shell de 4 sem timoneiro Feminino. A tripula\u00e7\u00e3o composta pela Daila Alexandre, Patr\u00edcia Batista, Sofia Silva e In\u00eas Rodrigues obteve a 3\u00aa posi\u00e7\u00e3o numa Regata muito disputada [&hellip;]<\/p>\n","protected":false},"author":2,"featured_media":927,"comment_status":"closed","ping_status":"open","sticky":false,"template":"","format":"standard","meta":{"spay_email":""},"categories":[4,5],"tags":[],"jetpack_featured_media_url":"https:\/\/navalremo.pt\/site\/wp-content\/uploads\/2019\/12\/XXXI_Regata_Internacional_de_Natal.jpg","_links":{"self":[{"href":"https:\/\/navalremo.pt\/site\/wp-json\/wp\/v2\/posts\/925"}],"collection":[{"href":"https:\/\/navalremo.pt\/site\/wp-json\/wp\/v2\/posts"}],"about":[{"href":"https:\/\/navalremo.pt\/site\/wp-json\/wp\/v2\/types\/post"}],"author":[{"embeddable":true,"href":"https:\/\/navalremo.pt\/site\/wp-json\/wp\/v2\/users\/2"}],"replies":[{"embeddable":true,"href":"https:\/\/navalremo.pt\/site\/wp-json\/wp\/v2\/comments?post=925"}],"version-history":[{"count":1,"href":"https:\/\/navalremo.pt\/site\/wp-json\/wp\/v2\/posts\/925\/revisions"}],"predecessor-version":[{"id":928,"href":"https:\/\/navalremo.pt\/site\/wp-json\/wp\/v2\/posts\/925\/revisions\/928"}],"wp:featuredmedia":[{"embeddable":true,"href":"https:\/\/navalremo.pt\/site\/wp-json\/wp\/v2\/media\/927"}],"wp:attachment":[{"href":"https:\/\/navalremo.pt\/site\/wp-json\/wp\/v2\/media?parent=925"}],"wp:term":[{"taxonomy":"category","embeddable":true,"href":"https:\/\/navalremo.pt\/site\/wp-json\/wp\/v2\/categories?post=925"},{"taxonomy":"post_tag","embeddable":true,"href":"https:\/\/navalremo.pt\/site\/wp-json\/wp\/v2\/tags?post=925"}],"curies":[{"name":"wp","href":"https:\/\/api.w.org\/{rel}","templated":true}]}}