{"id":916,"date":"2019-07-30T09:40:27","date_gmt":"2019-07-30T09:40:27","guid":{"rendered":"https:\/\/navalremo.pt\/site\/?p=916"},"modified":"2019-07-30T09:42:02","modified_gmt":"2019-07-30T09:42:02","slug":"naval-remo-afirma-se-no-remo-de-mar","status":"publish","type":"post","link":"https:\/\/navalremo.pt\/site\/2019\/07\/30\/naval-remo-afirma-se-no-remo-de-mar\/","title":{"rendered":"Naval Remo afirma-se no Remo de Mar"},"content":{"rendered":"\n<p>Depois das regatas em Pista e no Rio a Naval Remo conquista\nv\u00e1rios p\u00f3dios no Remo de Mar, uma modalidade que conta com cada vez mais participantes.<\/p>\n\n\n\n<p>A primeira etapa deste circuito de Remo de Mar foi nas \u201cBerlengas\nOcean Challenge 2019\u201d, uma Regata que se realizou no passado dia 01 de junho e\nteve origem nas Berlengas e terminou em Penhiche. A 2\u00aa etapa realizou-se a 27\nde julho entre Set\u00fabal e a Arr\u00e1bida.<\/p>\n\n\n\n<p>Com uma s\u00e9rie de boas presta\u00e7\u00f5es os resultados da Naval Remo\nforam os seguintes:<\/p>\n\n\n\n<p>Regata Berlengas Ocean Challenge 2019:<\/p>\n\n\n\n<ul><li>C2X Veteranos Masculinos \u2013 <strong>1\u00ba Lugar<\/strong> para Jos\u00e9 Silva e Jos\u00e9 Canhola<\/li><\/ul>\n\n\n\n<p>Regata Set\u00fabal \u2013 Arr\u00e1bida:<\/p>\n\n\n\n<ul><li>C2X Jovens B Masculinos \u2013 <strong>2\u00ba Lugar<\/strong> para Afonso Santos e Henrique Pinho<\/li><li>C2X Seniores Masculinos \u2013 <strong>1\u00ba Lugar<\/strong> para Roman Nayavko e David Martinho<\/li><li>C2X Seniores Femininos \u2013 <strong>1\u00ba Lugar<\/strong> para Patr\u00edcia Batista e Daila Alexandre<\/li><li>C2X Veteranos Masculinos \u2013 <strong>3\u00ba Lugar<\/strong> para Jos\u00e9 Silva e Jos\u00e9 Canhola<\/li><\/ul>\n\n\n\n<p>A Naval Remo soma e segue agora tamb\u00e9m com o Remo de Mar\u2026 parab\u00e9ns aos medalhados! <\/p>\n\n\n\n<figure class=\"wp-block-image is-resized\"><img data-attachment-id=\"918\" data-permalink=\"https:\/\/navalremo.pt\/site\/2019\/07\/30\/naval-remo-afirma-se-no-remo-de-mar\/remo-mar-as-e-hp\/\" data-orig-file=\"https:\/\/navalremo.pt\/site\/wp-content\/uploads\/2019\/07\/Remo-mar-AS-e-HP.jpg\" data-orig-size=\"2048,1152\" data-comments-opened=\"0\" data-image-meta=\"{&quot;aperture&quot;:&quot;0&quot;,&quot;credit&quot;:&quot;&quot;,&quot;camera&quot;:&quot;&quot;,&quot;caption&quot;:&quot;&quot;,&quot;created_timestamp&quot;:&quot;0&quot;,&quot;copyright&quot;:&quot;&quot;,&quot;focal_length&quot;:&quot;0&quot;,&quot;iso&quot;:&quot;0&quot;,&quot;shutter_speed&quot;:&quot;0&quot;,&quot;title&quot;:&quot;&quot;,&quot;orientation&quot;:&quot;0&quot;}\" data-image-title=\"Remo-mar-AS-e-HP\" data-image-description=\"\" data-medium-file=\"https:\/\/navalremo.pt\/site\/wp-content\/uploads\/2019\/07\/Remo-mar-AS-e-HP-300x169.jpg\" data-large-file=\"https:\/\/navalremo.pt\/site\/wp-content\/uploads\/2019\/07\/Remo-mar-AS-e-HP-1024x576.jpg\" loading=\"lazy\" src=\"https:\/\/navalremo.pt\/site\/wp-content\/uploads\/2019\/07\/Remo-mar-AS-e-HP-1024x576.jpg\" alt=\"Afonso Santos e Henrique Pinho \" class=\"wp-image-918\" width=\"512\" height=\"288\" srcset=\"https:\/\/navalremo.pt\/site\/wp-content\/uploads\/2019\/07\/Remo-mar-AS-e-HP-1024x576.jpg 1024w, https:\/\/navalremo.pt\/site\/wp-content\/uploads\/2019\/07\/Remo-mar-AS-e-HP-600x338.jpg 600w, https:\/\/navalremo.pt\/site\/wp-content\/uploads\/2019\/07\/Remo-mar-AS-e-HP-300x169.jpg 300w, https:\/\/navalremo.pt\/site\/wp-content\/uploads\/2019\/07\/Remo-mar-AS-e-HP-768x432.jpg 768w, https:\/\/navalremo.pt\/site\/wp-content\/uploads\/2019\/07\/Remo-mar-AS-e-HP.jpg 2048w\" sizes=\"(max-width: 512px) 100vw, 512px\" \/><figcaption>Afonso Santos e Henrique Pinho (2\u00ba Lugar)<\/figcaption><\/figure>\n\n\n\n<figure class=\"wp-block-image is-resized\"><img data-attachment-id=\"919\" data-permalink=\"https:\/\/navalremo.pt\/site\/2019\/07\/30\/naval-remo-afirma-se-no-remo-de-mar\/remo-mar-rn-e-dm\/\" data-orig-file=\"https:\/\/navalremo.pt\/site\/wp-content\/uploads\/2019\/07\/Remo-mar-RN-e-DM.jpg\" data-orig-size=\"2048,1152\" data-comments-opened=\"0\" data-image-meta=\"{&quot;aperture&quot;:&quot;0&quot;,&quot;credit&quot;:&quot;&quot;,&quot;camera&quot;:&quot;&quot;,&quot;caption&quot;:&quot;&quot;,&quot;created_timestamp&quot;:&quot;0&quot;,&quot;copyright&quot;:&quot;&quot;,&quot;focal_length&quot;:&quot;0&quot;,&quot;iso&quot;:&quot;0&quot;,&quot;shutter_speed&quot;:&quot;0&quot;,&quot;title&quot;:&quot;&quot;,&quot;orientation&quot;:&quot;0&quot;}\" data-image-title=\"Remo-mar-RN-e-DM\" data-image-description=\"\" data-medium-file=\"https:\/\/navalremo.pt\/site\/wp-content\/uploads\/2019\/07\/Remo-mar-RN-e-DM-300x169.jpg\" data-large-file=\"https:\/\/navalremo.pt\/site\/wp-content\/uploads\/2019\/07\/Remo-mar-RN-e-DM-1024x576.jpg\" loading=\"lazy\" src=\"https:\/\/navalremo.pt\/site\/wp-content\/uploads\/2019\/07\/Remo-mar-RN-e-DM-1024x576.jpg\" alt=\"Roman Nayavko e David Martinho\" class=\"wp-image-919\" width=\"512\" height=\"288\" srcset=\"https:\/\/navalremo.pt\/site\/wp-content\/uploads\/2019\/07\/Remo-mar-RN-e-DM-1024x576.jpg 1024w, https:\/\/navalremo.pt\/site\/wp-content\/uploads\/2019\/07\/Remo-mar-RN-e-DM-600x338.jpg 600w, https:\/\/navalremo.pt\/site\/wp-content\/uploads\/2019\/07\/Remo-mar-RN-e-DM-300x169.jpg 300w, https:\/\/navalremo.pt\/site\/wp-content\/uploads\/2019\/07\/Remo-mar-RN-e-DM-768x432.jpg 768w, https:\/\/navalremo.pt\/site\/wp-content\/uploads\/2019\/07\/Remo-mar-RN-e-DM.jpg 2048w\" sizes=\"(max-width: 512px) 100vw, 512px\" \/><figcaption> Roman Nayavko e David Martinho (1\u00ba Lugar)<\/figcaption><\/figure>\n\n\n\n<figure class=\"wp-block-image is-resized\"><img data-attachment-id=\"920\" data-permalink=\"https:\/\/navalremo.pt\/site\/2019\/07\/30\/naval-remo-afirma-se-no-remo-de-mar\/remo-mar-pb-e-da\/\" data-orig-file=\"https:\/\/navalremo.pt\/site\/wp-content\/uploads\/2019\/07\/Remo-mar-PB-e-DA.jpg\" data-orig-size=\"2048,1152\" data-comments-opened=\"0\" data-image-meta=\"{&quot;aperture&quot;:&quot;0&quot;,&quot;credit&quot;:&quot;&quot;,&quot;camera&quot;:&quot;&quot;,&quot;caption&quot;:&quot;&quot;,&quot;created_timestamp&quot;:&quot;0&quot;,&quot;copyright&quot;:&quot;&quot;,&quot;focal_length&quot;:&quot;0&quot;,&quot;iso&quot;:&quot;0&quot;,&quot;shutter_speed&quot;:&quot;0&quot;,&quot;title&quot;:&quot;&quot;,&quot;orientation&quot;:&quot;0&quot;}\" data-image-title=\"Remo-mar-PB-e-DA\" data-image-description=\"\" data-medium-file=\"https:\/\/navalremo.pt\/site\/wp-content\/uploads\/2019\/07\/Remo-mar-PB-e-DA-300x169.jpg\" data-large-file=\"https:\/\/navalremo.pt\/site\/wp-content\/uploads\/2019\/07\/Remo-mar-PB-e-DA-1024x576.jpg\" loading=\"lazy\" src=\"https:\/\/navalremo.pt\/site\/wp-content\/uploads\/2019\/07\/Remo-mar-PB-e-DA-1024x576.jpg\" alt=\"Patr\u00edcia Batista e Daila Alexandre\" class=\"wp-image-920\" width=\"512\" height=\"288\" srcset=\"https:\/\/navalremo.pt\/site\/wp-content\/uploads\/2019\/07\/Remo-mar-PB-e-DA-1024x576.jpg 1024w, https:\/\/navalremo.pt\/site\/wp-content\/uploads\/2019\/07\/Remo-mar-PB-e-DA-600x338.jpg 600w, https:\/\/navalremo.pt\/site\/wp-content\/uploads\/2019\/07\/Remo-mar-PB-e-DA-300x169.jpg 300w, https:\/\/navalremo.pt\/site\/wp-content\/uploads\/2019\/07\/Remo-mar-PB-e-DA-768x432.jpg 768w, https:\/\/navalremo.pt\/site\/wp-content\/uploads\/2019\/07\/Remo-mar-PB-e-DA.jpg 2048w\" sizes=\"(max-width: 512px) 100vw, 512px\" \/><figcaption> Patr\u00edcia Batista e Daila Alexandre (1\u00ba Lugar)<\/figcaption><\/figure>\n\n\n\n<figure class=\"wp-block-image is-resized\"><img data-attachment-id=\"921\" data-permalink=\"https:\/\/navalremo.pt\/site\/2019\/07\/30\/naval-remo-afirma-se-no-remo-de-mar\/remo-mar-js-e-jc\/\" data-orig-file=\"https:\/\/navalremo.pt\/site\/wp-content\/uploads\/2019\/07\/Remo-mar-JS-e-JC.jpg\" data-orig-size=\"2048,1152\" data-comments-opened=\"0\" data-image-meta=\"{&quot;aperture&quot;:&quot;0&quot;,&quot;credit&quot;:&quot;&quot;,&quot;camera&quot;:&quot;&quot;,&quot;caption&quot;:&quot;&quot;,&quot;created_timestamp&quot;:&quot;0&quot;,&quot;copyright&quot;:&quot;&quot;,&quot;focal_length&quot;:&quot;0&quot;,&quot;iso&quot;:&quot;0&quot;,&quot;shutter_speed&quot;:&quot;0&quot;,&quot;title&quot;:&quot;&quot;,&quot;orientation&quot;:&quot;0&quot;}\" data-image-title=\"Remo-mar-JS-e-JC\" data-image-description=\"\" data-medium-file=\"https:\/\/navalremo.pt\/site\/wp-content\/uploads\/2019\/07\/Remo-mar-JS-e-JC-300x169.jpg\" data-large-file=\"https:\/\/navalremo.pt\/site\/wp-content\/uploads\/2019\/07\/Remo-mar-JS-e-JC-1024x576.jpg\" loading=\"lazy\" src=\"https:\/\/navalremo.pt\/site\/wp-content\/uploads\/2019\/07\/Remo-mar-JS-e-JC-1024x576.jpg\" alt=\"Jos\u00e9 Silva e Jos\u00e9 Canhola\" class=\"wp-image-921\" width=\"512\" height=\"288\" srcset=\"https:\/\/navalremo.pt\/site\/wp-content\/uploads\/2019\/07\/Remo-mar-JS-e-JC-1024x576.jpg 1024w, https:\/\/navalremo.pt\/site\/wp-content\/uploads\/2019\/07\/Remo-mar-JS-e-JC-600x338.jpg 600w, https:\/\/navalremo.pt\/site\/wp-content\/uploads\/2019\/07\/Remo-mar-JS-e-JC-300x169.jpg 300w, https:\/\/navalremo.pt\/site\/wp-content\/uploads\/2019\/07\/Remo-mar-JS-e-JC-768x432.jpg 768w, https:\/\/navalremo.pt\/site\/wp-content\/uploads\/2019\/07\/Remo-mar-JS-e-JC.jpg 2048w\" sizes=\"(max-width: 512px) 100vw, 512px\" \/><figcaption>  Jos\u00e9 Silva e Jos\u00e9 Canhola (3\u00ba Lugar)<\/figcaption><\/figure>\n\n\n\n<p>E a atividade continua com o programa \u201cF\u00e9rias Escolares em\nMovimento\u2026\u201d\u2026 divers\u00e3o, atividades diversas, primeiras remadas e novas amizades\u2026\nbasta aparecerem no Posto N\u00e1utico da Naval junto \u00e0 Marina de Recreio e os\nTreinadores Jos\u00e9 Canhola, a Patr\u00edcia Batista e o Daniel Mendes estar\u00e3o \u00e0 vossa\nespera.<\/p>\n","protected":false},"excerpt":{"rendered":"<p>Depois das regatas em Pista e no Rio a Naval Remo conquista v\u00e1rios p\u00f3dios no Remo de Mar, uma modalidade que conta com cada vez mais participantes. A primeira etapa deste circuito de Remo de Mar foi nas \u201cBerlengas Ocean Challenge 2019\u201d, uma Regata que se realizou no passado dia 01 de junho e teve [&hellip;]<\/p>\n","protected":false},"author":2,"featured_media":917,"comment_status":"closed","ping_status":"open","sticky":false,"template":"","format":"standard","meta":{"spay_email":""},"categories":[4,5],"tags":[],"jetpack_featured_media_url":"https:\/\/navalremo.pt\/site\/wp-content\/uploads\/2019\/07\/Remo-mar-Grupo.jpg","_links":{"self":[{"href":"https:\/\/navalremo.pt\/site\/wp-json\/wp\/v2\/posts\/916"}],"collection":[{"href":"https:\/\/navalremo.pt\/site\/wp-json\/wp\/v2\/posts"}],"about":[{"href":"https:\/\/navalremo.pt\/site\/wp-json\/wp\/v2\/types\/post"}],"author":[{"embeddable":true,"href":"https:\/\/navalremo.pt\/site\/wp-json\/wp\/v2\/users\/2"}],"replies":[{"embeddable":true,"href":"https:\/\/navalremo.pt\/site\/wp-json\/wp\/v2\/comments?post=916"}],"version-history":[{"count":1,"href":"https:\/\/navalremo.pt\/site\/wp-json\/wp\/v2\/posts\/916\/revisions"}],"predecessor-version":[{"id":922,"href":"https:\/\/navalremo.pt\/site\/wp-json\/wp\/v2\/posts\/916\/revisions\/922"}],"wp:featuredmedia":[{"embeddable":true,"href":"https:\/\/navalremo.pt\/site\/wp-json\/wp\/v2\/media\/917"}],"wp:attachment":[{"href":"https:\/\/navalremo.pt\/site\/wp-json\/wp\/v2\/media?parent=916"}],"wp:term":[{"taxonomy":"category","embeddable":true,"href":"https:\/\/navalremo.pt\/site\/wp-json\/wp\/v2\/categories?post=916"},{"taxonomy":"post_tag","embeddable":true,"href":"https:\/\/navalremo.pt\/site\/wp-json\/wp\/v2\/tags?post=916"}],"curies":[{"name":"wp","href":"https:\/\/api.w.org\/{rel}","templated":true}]}}