{"id":903,"date":"2019-07-10T11:36:19","date_gmt":"2019-07-10T11:36:19","guid":{"rendered":"https:\/\/navalremo.pt\/site\/?p=903"},"modified":"2019-07-10T11:36:25","modified_gmt":"2019-07-10T11:36:25","slug":"convocatoria-para-a-assembleia-geral-de-20-de-julho-de-2019","status":"publish","type":"post","link":"https:\/\/navalremo.pt\/site\/2019\/07\/10\/convocatoria-para-a-assembleia-geral-de-20-de-julho-de-2019\/","title":{"rendered":"Convocat\u00f3ria para a Assembleia Geral de 20 de julho de 2019"},"content":{"rendered":"\n<p>O N\u00facleo de Antigos Remadores da Associa\u00e7\u00e3o Naval 1e de Maio, nos termos do artigo 4\u00ba do Regulamento lnterno convoca os Associados deste N\u00facleo para a realiza\u00e7\u00e3o de uma AssembleiaGeral que ter\u00e1 lugar no pr\u00f3ximo dia 20 de jutho petas 21H00 numa sala da Junta de Freguesia de Tavarede, segundo a seguinte ordem de trabalhos:Apresenta\u00e7\u00e3o e aprova\u00e7\u00e3o das contas 20L8Decis\u00e3o sobre extens\u00e3o do mandato dos presentes \u00d3rg\u00e3os Sociais at\u00e9 mais 1 ano, porraz\u00f5es excecionais relacionadas com a plena edifica\u00e7\u00e3o do Posto N\u00e1utico, relan\u00e7ando oRemo da Naval para o futuroAprova\u00e7\u00e3o dos Termos do Protocolo a celebrar com a CMFF no contexto do processo deconcess\u00e3o de apoios da Tempestade LeslieConfirmar compromisso para o N\u00facleo dos Antigos Remadores da Associa\u00e7\u00e3o Naval Lede Maio suportar 10% das obras a realizar por recurso a capitais pr\u00f3priosNomear 2 representantes lega\u00cds para assinarem documentos referentes ao processoLeslie, concess\u00e3o da APFF e outros conexos05 de julho de 2019, Figueira da FozO Presidente da Assembleia GeralJo\u00e3o Ant\u00f3nio Varela da Silva FariaaaQ_1A-z4aAvenida de Espanha I Marina de rereio &#8211; Posto N\u00e1utico, s\/n I Apartado 2036 &#8211; EC Figueira da Foz | 3081-901 Figueira da FozEmail: antigos.remadores.naval@gmail.comr4ilij@r*tr *&amp;_.,f, &amp;,ll &amp;<\/p>\n\n\n\n<ul><li>Apresenta\u00e7\u00e3o e aprova\u00e7\u00e3o das contas 2018<\/li><li>Decis\u00e3o sobre extens\u00e3o do mandato dos presentes \u00d3rg\u00e3os Sociais at\u00e9 mais 1 ano, por raz\u00f5es excecionais relacionadas com a plena edifica\u00e7\u00e3o do Posto N\u00e1utico, relan\u00e7ando o Remo da Naval para o futuro<\/li><li>Aprova\u00e7\u00e3o dos Termos do Protocolo a celebrar com a CMFF no contexto do processo de concess\u00e3o de apoios da Tempestade Leslie<\/li><li>Confirmar compromisso para o N\u00facleo dos Antigos Remadores da Associa\u00e7\u00e3o Naval 1\u00ba de Maio suportar 10% das obras a realizar por recurso a capitais pr\u00f3prios<\/li><li>Nomear 2 representantes legais para assinarem documentos referentes ao processoLeslie, concess\u00e3o da APFF e outros conexos<\/li><\/ul>\n","protected":false},"excerpt":{"rendered":"<p>O N\u00facleo de Antigos Remadores da Associa\u00e7\u00e3o Naval 1e de Maio, nos termos do artigo 4\u00ba do Regulamento lnterno convoca os Associados deste N\u00facleo para a realiza\u00e7\u00e3o de uma AssembleiaGeral que ter\u00e1 lugar no pr\u00f3ximo dia 20 de jutho petas 21H00 numa sala da Junta de Freguesia de Tavarede, segundo a seguinte ordem de trabalhos:Apresenta\u00e7\u00e3o [&hellip;]<\/p>\n","protected":false},"author":2,"featured_media":904,"comment_status":"closed","ping_status":"open","sticky":false,"template":"","format":"standard","meta":{"spay_email":""},"categories":[4],"tags":[],"jetpack_featured_media_url":"https:\/\/navalremo.pt\/site\/wp-content\/uploads\/2019\/07\/AssembleiaGeral2019.jpg","_links":{"self":[{"href":"https:\/\/navalremo.pt\/site\/wp-json\/wp\/v2\/posts\/903"}],"collection":[{"href":"https:\/\/navalremo.pt\/site\/wp-json\/wp\/v2\/posts"}],"about":[{"href":"https:\/\/navalremo.pt\/site\/wp-json\/wp\/v2\/types\/post"}],"author":[{"embeddable":true,"href":"https:\/\/navalremo.pt\/site\/wp-json\/wp\/v2\/users\/2"}],"replies":[{"embeddable":true,"href":"https:\/\/navalremo.pt\/site\/wp-json\/wp\/v2\/comments?post=903"}],"version-history":[{"count":1,"href":"https:\/\/navalremo.pt\/site\/wp-json\/wp\/v2\/posts\/903\/revisions"}],"predecessor-version":[{"id":905,"href":"https:\/\/navalremo.pt\/site\/wp-json\/wp\/v2\/posts\/903\/revisions\/905"}],"wp:featuredmedia":[{"embeddable":true,"href":"https:\/\/navalremo.pt\/site\/wp-json\/wp\/v2\/media\/904"}],"wp:attachment":[{"href":"https:\/\/navalremo.pt\/site\/wp-json\/wp\/v2\/media?parent=903"}],"wp:term":[{"taxonomy":"category","embeddable":true,"href":"https:\/\/navalremo.pt\/site\/wp-json\/wp\/v2\/categories?post=903"},{"taxonomy":"post_tag","embeddable":true,"href":"https:\/\/navalremo.pt\/site\/wp-json\/wp\/v2\/tags?post=903"}],"curies":[{"name":"wp","href":"https:\/\/api.w.org\/{rel}","templated":true}]}}