{"id":891,"date":"2019-07-10T11:02:58","date_gmt":"2019-07-10T11:02:58","guid":{"rendered":"https:\/\/navalremo.pt\/site\/?p=891"},"modified":"2019-07-10T11:24:21","modified_gmt":"2019-07-10T11:24:21","slug":"naval-remo-conquista-5-podios-no-campeonato-nacional-de-velocidade-de-remo","status":"publish","type":"post","link":"https:\/\/navalremo.pt\/site\/2019\/07\/10\/naval-remo-conquista-5-podios-no-campeonato-nacional-de-velocidade-de-remo\/","title":{"rendered":"Naval Remo conquista 5 p\u00f3dios no Campeonato Nacional de Velocidade de Remo"},"content":{"rendered":"\n<p>Realizou-se nos passados dias 06 e 07 de julho na Pista do Centro de Alto Rendimento em Montemor-o-Velho, o Campeonato Nacional de Velocidade de Remo, tendo o Remo da Naval participado com 43 Atletas em 23 tripula\u00e7\u00f5es distintas.<\/p>\n\n\n\n<p>Como corol\u00e1rio de uma \u00e9poca desportiva realizada em condi\u00e7\u00f5es de treino muito dif\u00edceis, motivadas pela perda do Posto N\u00e1utico na Tempestade Leslie, a Naval Remo consegue ainda assim conquistar 5 p\u00f3dios no Campeonato Nacional, mantendo um patamar digno de destaque ao n\u00edvel nacional.<\/p>\n\n\n\n<p>Os resultados obtidos nesta \u00e9poca desportiva, melhorando em muitos aspetos os resultados da \u00faltima \u00e9poca, que j\u00e1 por si foram excelentes, consolidam e refor\u00e7am uma forma de ser e de estar, com uma atitude construtiva inteiramente comprometida com a pr\u00e1tica do Remo e ao servi\u00e7o da Sociedade, tendo como objetivo devolver a modalidade do Remo da Naval \u00e0 Cidade e aos Figueirenses.<\/p>\n\n\n\n<p>Destacando os 5 lugares de p\u00f3dio obtidos pelos Atletas da Naval liderados pelos Treinadores Jos\u00e9 Canhola e Patr\u00edcia Batista, os resultados no Campeonato Nacional de velocidade foram os seguintes:<\/p>\n\n\n\n<ul><li>Skiff Benjamin Masculino \u2013 9\u00ba Lugar para Jos\u00e9 Azevedo<\/li><li>Skiff Infantil Masculino \u2013 22\u00ba Lugar para Hugo Baeta<\/li><li>Double Scull Infantil Masculino \u2013 8\u00ba Lugar para Alexandre Canhola e Jos\u00e9 Loureiro<\/li><li>Skiff Iniciado Feminino \u2013 2\u00ba lugar para In\u00eas Mendes (Vice-Campe\u00e3 Nacional)<\/li><\/ul>\n\n\n\n<figure class=\"wp-block-image is-resized\"><img data-attachment-id=\"898\" data-permalink=\"https:\/\/navalremo.pt\/site\/2019\/07\/10\/naval-remo-conquista-5-podios-no-campeonato-nacional-de-velocidade-de-remo\/ines\/\" data-orig-file=\"https:\/\/navalremo.pt\/site\/wp-content\/uploads\/2019\/07\/in\u00eas.jpg\" data-orig-size=\"1980,1322\" data-comments-opened=\"0\" data-image-meta=\"{&quot;aperture&quot;:&quot;0&quot;,&quot;credit&quot;:&quot;Rossana Ferreira&quot;,&quot;camera&quot;:&quot;&quot;,&quot;caption&quot;:&quot;&quot;,&quot;created_timestamp&quot;:&quot;0&quot;,&quot;copyright&quot;:&quot;rossanaf.net&quot;,&quot;focal_length&quot;:&quot;0&quot;,&quot;iso&quot;:&quot;0&quot;,&quot;shutter_speed&quot;:&quot;0&quot;,&quot;title&quot;:&quot;&quot;,&quot;orientation&quot;:&quot;0&quot;}\" data-image-title=\"in\u00eas\" data-image-description=\"\" data-medium-file=\"https:\/\/navalremo.pt\/site\/wp-content\/uploads\/2019\/07\/in\u00eas-300x200.jpg\" data-large-file=\"https:\/\/navalremo.pt\/site\/wp-content\/uploads\/2019\/07\/in\u00eas-1024x684.jpg\" loading=\"lazy\" src=\"https:\/\/navalremo.pt\/site\/wp-content\/uploads\/2019\/07\/in\u00eas-1024x684.jpg\" alt=\"Fotografia p\u00f3dio com In\u00eas Mendes\" class=\"wp-image-898\" width=\"768\" height=\"513\" srcset=\"https:\/\/navalremo.pt\/site\/wp-content\/uploads\/2019\/07\/in\u00eas-1024x684.jpg 1024w, https:\/\/navalremo.pt\/site\/wp-content\/uploads\/2019\/07\/in\u00eas-600x401.jpg 600w, https:\/\/navalremo.pt\/site\/wp-content\/uploads\/2019\/07\/in\u00eas-300x200.jpg 300w, https:\/\/navalremo.pt\/site\/wp-content\/uploads\/2019\/07\/in\u00eas-768x513.jpg 768w, https:\/\/navalremo.pt\/site\/wp-content\/uploads\/2019\/07\/in\u00eas.jpg 1980w\" sizes=\"(max-width: 768px) 100vw, 768px\" \/><figcaption>In\u00eas Mendes<\/figcaption><\/figure>\n\n\n\n<ul><li>Skiff Iniciado Masculino \u2013 9\u00ba Lugar para Dinis Lagem<\/li><li>Double Scull Iniciado Feminino \u2013 6\u00ba Lugar para Raquel Ferrolho e Joana Rocha<\/li><li>Double Scull Iniciado Masculino \u2013 5\u00ba Lugar para Afonso Santos e Diogo Perp\u00e9tuo Ferreira<\/li><li>Quadri Scull Iniciado Masculino \u2013 5\u00ba Lugar para Rodrigo Verdete, Daniel Alexandre, Manuel Baeta e Bernardo Braga Cruz<\/li><li>Quadri Scull Juvenil Masculino \u2013 12\u00ba Lugar para Jo\u00e3o Bento Oliveira, Henrique Pinho, Duarte Pires e Daniel Ruivo da Silva<\/li><li>Skiff Juvenil Masculino \u2013 1\u00ba Lugar para Diogo Carvalho (Campe\u00e3o Nacional)<\/li><\/ul>\n\n\n\n<figure class=\"wp-block-image is-resized\"><img data-attachment-id=\"895\" data-permalink=\"https:\/\/navalremo.pt\/site\/2019\/07\/10\/naval-remo-conquista-5-podios-no-campeonato-nacional-de-velocidade-de-remo\/diogo-3\/\" data-orig-file=\"https:\/\/navalremo.pt\/site\/wp-content\/uploads\/2019\/07\/diogo-3.jpg\" data-orig-size=\"1980,1322\" data-comments-opened=\"0\" data-image-meta=\"{&quot;aperture&quot;:&quot;0&quot;,&quot;credit&quot;:&quot;Rossana Ferreira&quot;,&quot;camera&quot;:&quot;&quot;,&quot;caption&quot;:&quot;&quot;,&quot;created_timestamp&quot;:&quot;0&quot;,&quot;copyright&quot;:&quot;rossanaf.net&quot;,&quot;focal_length&quot;:&quot;0&quot;,&quot;iso&quot;:&quot;0&quot;,&quot;shutter_speed&quot;:&quot;0&quot;,&quot;title&quot;:&quot;&quot;,&quot;orientation&quot;:&quot;0&quot;}\" data-image-title=\"diogo-3\" data-image-description=\"\" data-medium-file=\"https:\/\/navalremo.pt\/site\/wp-content\/uploads\/2019\/07\/diogo-3-300x200.jpg\" data-large-file=\"https:\/\/navalremo.pt\/site\/wp-content\/uploads\/2019\/07\/diogo-3-1024x684.jpg\" loading=\"lazy\" src=\"https:\/\/navalremo.pt\/site\/wp-content\/uploads\/2019\/07\/diogo-3-1024x684.jpg\" alt=\"Fotografia p\u00f3dio com Diogo Carvalho\" class=\"wp-image-895\" width=\"768\" height=\"513\" srcset=\"https:\/\/navalremo.pt\/site\/wp-content\/uploads\/2019\/07\/diogo-3-1024x684.jpg 1024w, https:\/\/navalremo.pt\/site\/wp-content\/uploads\/2019\/07\/diogo-3-600x401.jpg 600w, https:\/\/navalremo.pt\/site\/wp-content\/uploads\/2019\/07\/diogo-3-300x200.jpg 300w, https:\/\/navalremo.pt\/site\/wp-content\/uploads\/2019\/07\/diogo-3-768x513.jpg 768w, https:\/\/navalremo.pt\/site\/wp-content\/uploads\/2019\/07\/diogo-3.jpg 1980w\" sizes=\"(max-width: 768px) 100vw, 768px\" \/><\/figure>\n\n\n\n<ul><li>Shell de 8 com timoneiro Juvenil Masculino \u2013 5\u00ba Lugar para Jo\u00e3o Bento Oliveira, Jo\u00e3o Silva Rodrigues, Tom\u00e1s Soares, Joaquim Martins, Henrique Pinho, Diogo Monteiro de Carvalho, Duarte Pires, Daniel Ruivo da Silva e Marta Ferrolho<\/li><li>Skiff J\u00fanior Feminino \u2013 6\u00ba Lugar para Sofia Silva<\/li><li>Skiff J\u00fanior Masculino \u2013 5\u00ba Lugar para Duarte Oliveira<\/li><li>Shell de 2 sem timoneiro J\u00fanior Feminino \u2013 1\u00ba Lugar para In\u00eas Jesus e Daila Alexandre (Campe\u00e3s Nacionais)<\/li><\/ul>\n\n\n\n<figure class=\"wp-block-image is-resized\"><img data-attachment-id=\"897\" data-permalink=\"https:\/\/navalremo.pt\/site\/2019\/07\/10\/naval-remo-conquista-5-podios-no-campeonato-nacional-de-velocidade-de-remo\/ines-e-daila-1lugar\/\" data-orig-file=\"https:\/\/navalremo.pt\/site\/wp-content\/uploads\/2019\/07\/in\u00eas-e-daila-1lugar.jpg\" data-orig-size=\"1980,1320\" data-comments-opened=\"0\" data-image-meta=\"{&quot;aperture&quot;:&quot;0&quot;,&quot;credit&quot;:&quot;Rossana Ferreira&quot;,&quot;camera&quot;:&quot;&quot;,&quot;caption&quot;:&quot;&quot;,&quot;created_timestamp&quot;:&quot;0&quot;,&quot;copyright&quot;:&quot;RossanaF.net&quot;,&quot;focal_length&quot;:&quot;0&quot;,&quot;iso&quot;:&quot;0&quot;,&quot;shutter_speed&quot;:&quot;0&quot;,&quot;title&quot;:&quot;&quot;,&quot;orientation&quot;:&quot;0&quot;}\" data-image-title=\"in\u00eas-e-daila-1lugar\" data-image-description=\"\" data-medium-file=\"https:\/\/navalremo.pt\/site\/wp-content\/uploads\/2019\/07\/in\u00eas-e-daila-1lugar-300x200.jpg\" data-large-file=\"https:\/\/navalremo.pt\/site\/wp-content\/uploads\/2019\/07\/in\u00eas-e-daila-1lugar-1024x683.jpg\" loading=\"lazy\" src=\"https:\/\/navalremo.pt\/site\/wp-content\/uploads\/2019\/07\/in\u00eas-e-daila-1lugar-1024x683.jpg\" alt=\"Fotografia p\u00f3dio com In\u00eas Jesus e Daila Alexandre - 1\u00ba lugar\" class=\"wp-image-897\" width=\"768\" height=\"512\" srcset=\"https:\/\/navalremo.pt\/site\/wp-content\/uploads\/2019\/07\/in\u00eas-e-daila-1lugar-1024x683.jpg 1024w, https:\/\/navalremo.pt\/site\/wp-content\/uploads\/2019\/07\/in\u00eas-e-daila-1lugar-600x400.jpg 600w, https:\/\/navalremo.pt\/site\/wp-content\/uploads\/2019\/07\/in\u00eas-e-daila-1lugar-300x200.jpg 300w, https:\/\/navalremo.pt\/site\/wp-content\/uploads\/2019\/07\/in\u00eas-e-daila-1lugar-768x512.jpg 768w, https:\/\/navalremo.pt\/site\/wp-content\/uploads\/2019\/07\/in\u00eas-e-daila-1lugar.jpg 1980w\" sizes=\"(max-width: 768px) 100vw, 768px\" \/><figcaption>In\u00eas&nbsp;Jesus&nbsp;e Daila Alexandre<\/figcaption><\/figure>\n\n\n\n<ul><li>Double Scull Junior Masculino \u2013 4\u00ba Lugar para Jo\u00e3o Fidalgo Gaspar e Ra\u00fal Rodrigues<\/li><li>Skiff S\u00e9nior Feminino \u2013 9\u00ba Lugar para Marta Ferrolho&nbsp; <\/li><li>Skiff S\u00e9nior Feminino \u2013 2\u00ba Lugar para Patr\u00edcia Batista (Vice-Campe\u00e3 Nacional)<\/li><\/ul>\n\n\n\n<figure class=\"wp-block-image is-resized\"><img data-attachment-id=\"899\" data-permalink=\"https:\/\/navalremo.pt\/site\/2019\/07\/10\/naval-remo-conquista-5-podios-no-campeonato-nacional-de-velocidade-de-remo\/patricia-3\/\" data-orig-file=\"https:\/\/navalremo.pt\/site\/wp-content\/uploads\/2019\/07\/patricia.jpg\" data-orig-size=\"1080,1001\" data-comments-opened=\"0\" data-image-meta=\"{&quot;aperture&quot;:&quot;0&quot;,&quot;credit&quot;:&quot;Nelson Ruivo da Silva&quot;,&quot;camera&quot;:&quot;&quot;,&quot;caption&quot;:&quot;&quot;,&quot;created_timestamp&quot;:&quot;0&quot;,&quot;copyright&quot;:&quot;&quot;,&quot;focal_length&quot;:&quot;0&quot;,&quot;iso&quot;:&quot;0&quot;,&quot;shutter_speed&quot;:&quot;0&quot;,&quot;title&quot;:&quot;&quot;,&quot;orientation&quot;:&quot;0&quot;}\" data-image-title=\"patricia\" data-image-description=\"\" data-medium-file=\"https:\/\/navalremo.pt\/site\/wp-content\/uploads\/2019\/07\/patricia-300x278.jpg\" data-large-file=\"https:\/\/navalremo.pt\/site\/wp-content\/uploads\/2019\/07\/patricia-1024x949.jpg\" loading=\"lazy\" src=\"https:\/\/navalremo.pt\/site\/wp-content\/uploads\/2019\/07\/patricia-1024x949.jpg\" alt=\"Fotografia p\u00f3dio com Patr\u00edcia Batista\" class=\"wp-image-899\" width=\"768\" height=\"712\" srcset=\"https:\/\/navalremo.pt\/site\/wp-content\/uploads\/2019\/07\/patricia-1024x949.jpg 1024w, https:\/\/navalremo.pt\/site\/wp-content\/uploads\/2019\/07\/patricia-600x556.jpg 600w, https:\/\/navalremo.pt\/site\/wp-content\/uploads\/2019\/07\/patricia-300x278.jpg 300w, https:\/\/navalremo.pt\/site\/wp-content\/uploads\/2019\/07\/patricia-768x712.jpg 768w, https:\/\/navalremo.pt\/site\/wp-content\/uploads\/2019\/07\/patricia.jpg 1080w\" sizes=\"(max-width: 768px) 100vw, 768px\" \/><figcaption>Patr\u00edcia Batista<\/figcaption><\/figure>\n\n\n\n<ul><li>Shell de 2 sem timoneiro S\u00e9nior Feminino \u2013 3\u00ba Lugar para In\u00eas Jesus e Daila Alexandre<\/li><\/ul>\n\n\n\n<figure class=\"wp-block-image is-resized\"><img data-attachment-id=\"896\" data-permalink=\"https:\/\/navalremo.pt\/site\/2019\/07\/10\/naval-remo-conquista-5-podios-no-campeonato-nacional-de-velocidade-de-remo\/ines-e-daila-3lugar\/\" data-orig-file=\"https:\/\/navalremo.pt\/site\/wp-content\/uploads\/2019\/07\/in\u00eas-e-daila-3lugar.jpg\" data-orig-size=\"1980,1320\" data-comments-opened=\"0\" data-image-meta=\"{&quot;aperture&quot;:&quot;0&quot;,&quot;credit&quot;:&quot;Rossana Ferreira&quot;,&quot;camera&quot;:&quot;&quot;,&quot;caption&quot;:&quot;&quot;,&quot;created_timestamp&quot;:&quot;0&quot;,&quot;copyright&quot;:&quot;RossanaF.net&quot;,&quot;focal_length&quot;:&quot;0&quot;,&quot;iso&quot;:&quot;0&quot;,&quot;shutter_speed&quot;:&quot;0&quot;,&quot;title&quot;:&quot;&quot;,&quot;orientation&quot;:&quot;0&quot;}\" data-image-title=\"in\u00eas-e-daila-3lugar\" data-image-description=\"\" data-medium-file=\"https:\/\/navalremo.pt\/site\/wp-content\/uploads\/2019\/07\/in\u00eas-e-daila-3lugar-300x200.jpg\" data-large-file=\"https:\/\/navalremo.pt\/site\/wp-content\/uploads\/2019\/07\/in\u00eas-e-daila-3lugar-1024x683.jpg\" loading=\"lazy\" src=\"https:\/\/navalremo.pt\/site\/wp-content\/uploads\/2019\/07\/in\u00eas-e-daila-3lugar-1024x683.jpg\" alt=\"Fotografia p\u00f3dio com In\u00eas Jesus e Daila Alexandre - 3\u00ba lugar\" class=\"wp-image-896\" width=\"768\" height=\"512\" srcset=\"https:\/\/navalremo.pt\/site\/wp-content\/uploads\/2019\/07\/in\u00eas-e-daila-3lugar-1024x683.jpg 1024w, https:\/\/navalremo.pt\/site\/wp-content\/uploads\/2019\/07\/in\u00eas-e-daila-3lugar-600x400.jpg 600w, https:\/\/navalremo.pt\/site\/wp-content\/uploads\/2019\/07\/in\u00eas-e-daila-3lugar-300x200.jpg 300w, https:\/\/navalremo.pt\/site\/wp-content\/uploads\/2019\/07\/in\u00eas-e-daila-3lugar-768x512.jpg 768w, https:\/\/navalremo.pt\/site\/wp-content\/uploads\/2019\/07\/in\u00eas-e-daila-3lugar.jpg 1980w\" sizes=\"(max-width: 768px) 100vw, 768px\" \/><figcaption>In\u00eas Jesus e Daila Alexandre<\/figcaption><\/figure>\n\n\n\n<ul><li>Shell de 4 sem timoneiro S\u00e9nior Masculino \u2013 5\u00ba Lugar para Daniel Mendes, Roman Nayavko, Jo\u00e3o Soares e Leonardo Gil<\/li><li>Double Scull S\u00e9nior Masculino \u2013 7\u00ba Lugar para Ruslan Nayavko e Pedro Muja<\/li><li>Quadri Scull S\u00e9nior Masculino \u2013 6\u00ba Lugar para Nelson Ruivo da Silva, Carlos Gil, Andr\u00e9 Pinto de Oliveira e M\u00e1rio Oliveira&nbsp;<\/li><\/ul>\n\n\n\n<p>O Remo da Naval obteve assim 5 p\u00f3dios entre as suas 23 tripula\u00e7\u00f5es, apresentando-se a um excelente n\u00edvel. Faltando apenas uma prova para finalizar a \u00c9poca Desportiva de 2018-2019, o N\u00facleo de Antigos Remadores da Associa\u00e7\u00e3o Naval 1\u00ba de Maio congratula-se com os resultados obtidos e endere\u00e7a publicamente os sinceros parab\u00e9ns a este conjunto de Atletas e aos Treinadores Jos\u00e9 Canhola e Patr\u00edcia Batista que continuam a elevar o nome da Naval e o da cidade da Figueira da Foz ao mais alto patamar do Remo Nacional.<\/p>\n","protected":false},"excerpt":{"rendered":"<p>Realizou-se nos passados dias 06 e 07 de julho na Pista do Centro de Alto Rendimento em Montemor-o-Velho, o Campeonato Nacional de Velocidade de Remo, tendo o Remo da Naval participado com 43 Atletas em 23 tripula\u00e7\u00f5es distintas. Como corol\u00e1rio de uma \u00e9poca desportiva realizada em condi\u00e7\u00f5es de treino muito dif\u00edceis, motivadas pela perda do [&hellip;]<\/p>\n","protected":false},"author":2,"featured_media":901,"comment_status":"closed","ping_status":"open","sticky":false,"template":"","format":"standard","meta":{"spay_email":""},"categories":[4,5],"tags":[],"jetpack_featured_media_url":"https:\/\/navalremo.pt\/site\/wp-content\/uploads\/2019\/07\/CNV_2019.jpg","_links":{"self":[{"href":"https:\/\/navalremo.pt\/site\/wp-json\/wp\/v2\/posts\/891"}],"collection":[{"href":"https:\/\/navalremo.pt\/site\/wp-json\/wp\/v2\/posts"}],"about":[{"href":"https:\/\/navalremo.pt\/site\/wp-json\/wp\/v2\/types\/post"}],"author":[{"embeddable":true,"href":"https:\/\/navalremo.pt\/site\/wp-json\/wp\/v2\/users\/2"}],"replies":[{"embeddable":true,"href":"https:\/\/navalremo.pt\/site\/wp-json\/wp\/v2\/comments?post=891"}],"version-history":[{"count":2,"href":"https:\/\/navalremo.pt\/site\/wp-json\/wp\/v2\/posts\/891\/revisions"}],"predecessor-version":[{"id":902,"href":"https:\/\/navalremo.pt\/site\/wp-json\/wp\/v2\/posts\/891\/revisions\/902"}],"wp:featuredmedia":[{"embeddable":true,"href":"https:\/\/navalremo.pt\/site\/wp-json\/wp\/v2\/media\/901"}],"wp:attachment":[{"href":"https:\/\/navalremo.pt\/site\/wp-json\/wp\/v2\/media?parent=891"}],"wp:term":[{"taxonomy":"category","embeddable":true,"href":"https:\/\/navalremo.pt\/site\/wp-json\/wp\/v2\/categories?post=891"},{"taxonomy":"post_tag","embeddable":true,"href":"https:\/\/navalremo.pt\/site\/wp-json\/wp\/v2\/tags?post=891"}],"curies":[{"name":"wp","href":"https:\/\/api.w.org\/{rel}","templated":true}]}}