{"id":875,"date":"2019-06-11T20:36:15","date_gmt":"2019-06-11T20:36:15","guid":{"rendered":"https:\/\/navalremo.pt\/site\/?p=875"},"modified":"2019-06-11T20:41:33","modified_gmt":"2019-06-11T20:41:33","slug":"remo-feminino-da-naval-em-destaque-na-xiv-regata-internacional-da-litocar","status":"publish","type":"post","link":"https:\/\/navalremo.pt\/site\/2019\/06\/11\/remo-feminino-da-naval-em-destaque-na-xiv-regata-internacional-da-litocar\/","title":{"rendered":"Remo Feminino da Naval em destaque na XIV Regata Internacional da Litocar"},"content":{"rendered":"\n<p>O Remo da Naval participou na XIV\nRegata Internacional da Litocar, mais concretamente nas provas da 2\u00aa etapa do\ncircuito da Ta\u00e7a de Portugal, que se realizou no passado dia 09 de junho na pista\nde Montemor-o-Velho.<\/p>\n\n\n\n<p>A Naval participou no escal\u00e3o de Absolutos, com o seu Remo Feminino em\nmerecido lugar de destaque ao obter 3 p\u00f3dios em Skiff, Shell de 2 sem timoneiro\ne Quadri Scull.<\/p>\n\n\n\n<p>Os resultados foram ent\u00e3o os seguintes:<\/p>\n\n\n\n<ul><li>Skiff Absoluto Feminino \u2013 <strong>2\u00ba Lugar<\/strong> para Patr\u00edcia Batista<\/li><li>Skiff Absoluto Masculino \u2013 13\u00ba e 19\u00ba Lugar para Duarte Oliveira e Pedro Ac\u00farcio, respetivamente<\/li><li>Double Scull Absolutos Femininos &#8211; 6\u00ba Lugar para Sofia Silva e Marta Ferrolho<\/li><li>Shell de 2 sem timoneiro Absolutos Femininos &#8211; <strong>2\u00ba Lugar<\/strong> para Daila Alexandre e In\u00eas Jesus<\/li><li>Double Scull Absolutos Masculinos \u2013 6\u00ba lugar Jo\u00e3o Fidalgo Gaspar \/ Ra\u00fal Rodrigues e 19\u00ba Lugar para Jo\u00e3o Pereira Gon\u00e7alves \/ Ruslan Nayavko <\/li><li>Quadri Scull Absolutos Femininos \u2013 <strong>2\u00ba Lugar<\/strong> para Marta Ferrolho \/ Patr\u00edcia Batista \/ In\u00eas Jesus \/ Daila Alexandre<\/li><li><\/li><li>Shell de 8 com timoneiro Absolutos Masculinos &#8211; 10\u00ba Lugar para Leonardo Gil \/ Jos\u00e9 Silva \/ Daniel Mendes \/ Roman Nayavko \/ David Martinho \/ Jos\u00e9 Canhola \/ Jo\u00e3o Soares \/ Pedro Muja e Daniel Silva<\/li><\/ul>\n\n\n\n<figure class=\"wp-block-image\"><img data-attachment-id=\"877\" data-permalink=\"https:\/\/navalremo.pt\/site\/2019\/06\/11\/remo-feminino-da-naval-em-destaque-na-xiv-regata-internacional-da-litocar\/xivregatalitocar_01\/\" data-orig-file=\"https:\/\/navalremo.pt\/site\/wp-content\/uploads\/2019\/06\/XIVregataLitocar_01.jpg\" data-orig-size=\"1811,1359\" data-comments-opened=\"0\" data-image-meta=\"{&quot;aperture&quot;:&quot;0&quot;,&quot;credit&quot;:&quot;&quot;,&quot;camera&quot;:&quot;&quot;,&quot;caption&quot;:&quot;&quot;,&quot;created_timestamp&quot;:&quot;0&quot;,&quot;copyright&quot;:&quot;&quot;,&quot;focal_length&quot;:&quot;0&quot;,&quot;iso&quot;:&quot;0&quot;,&quot;shutter_speed&quot;:&quot;0&quot;,&quot;title&quot;:&quot;&quot;,&quot;orientation&quot;:&quot;0&quot;}\" data-image-title=\"XIVregataLitocar_01\" data-image-description=\"\" data-medium-file=\"https:\/\/navalremo.pt\/site\/wp-content\/uploads\/2019\/06\/XIVregataLitocar_01-300x225.jpg\" data-large-file=\"https:\/\/navalremo.pt\/site\/wp-content\/uploads\/2019\/06\/XIVregataLitocar_01-1024x768.jpg\" loading=\"lazy\" width=\"1024\" height=\"768\" src=\"https:\/\/navalremo.pt\/site\/wp-content\/uploads\/2019\/06\/XIVregataLitocar_01-1024x768.jpg\" alt=\" Patr\u00edcia Batista \" class=\"wp-image-877\" srcset=\"https:\/\/navalremo.pt\/site\/wp-content\/uploads\/2019\/06\/XIVregataLitocar_01-1024x768.jpg 1024w, https:\/\/navalremo.pt\/site\/wp-content\/uploads\/2019\/06\/XIVregataLitocar_01-600x450.jpg 600w, https:\/\/navalremo.pt\/site\/wp-content\/uploads\/2019\/06\/XIVregataLitocar_01-300x225.jpg 300w, https:\/\/navalremo.pt\/site\/wp-content\/uploads\/2019\/06\/XIVregataLitocar_01-768x576.jpg 768w, https:\/\/navalremo.pt\/site\/wp-content\/uploads\/2019\/06\/XIVregataLitocar_01.jpg 1811w\" sizes=\"(max-width: 1024px) 100vw, 1024px\" \/><figcaption> Patr\u00edcia Batista <\/figcaption><\/figure>\n\n\n\n<figure class=\"wp-block-image\"><img data-attachment-id=\"878\" data-permalink=\"https:\/\/navalremo.pt\/site\/2019\/06\/11\/remo-feminino-da-naval-em-destaque-na-xiv-regata-internacional-da-litocar\/xivregatalitocar_02\/\" data-orig-file=\"https:\/\/navalremo.pt\/site\/wp-content\/uploads\/2019\/06\/XIVregataLitocar_02.jpg\" data-orig-size=\"1811,1359\" data-comments-opened=\"0\" data-image-meta=\"{&quot;aperture&quot;:&quot;0&quot;,&quot;credit&quot;:&quot;&quot;,&quot;camera&quot;:&quot;&quot;,&quot;caption&quot;:&quot;&quot;,&quot;created_timestamp&quot;:&quot;0&quot;,&quot;copyright&quot;:&quot;&quot;,&quot;focal_length&quot;:&quot;0&quot;,&quot;iso&quot;:&quot;0&quot;,&quot;shutter_speed&quot;:&quot;0&quot;,&quot;title&quot;:&quot;&quot;,&quot;orientation&quot;:&quot;0&quot;}\" data-image-title=\"XIVregataLitocar_02\" data-image-description=\"\" data-medium-file=\"https:\/\/navalremo.pt\/site\/wp-content\/uploads\/2019\/06\/XIVregataLitocar_02-300x225.jpg\" data-large-file=\"https:\/\/navalremo.pt\/site\/wp-content\/uploads\/2019\/06\/XIVregataLitocar_02-1024x768.jpg\" loading=\"lazy\" width=\"1024\" height=\"768\" src=\"https:\/\/navalremo.pt\/site\/wp-content\/uploads\/2019\/06\/XIVregataLitocar_02-1024x768.jpg\" alt=\"Daila Alexandre e In\u00eas Jesus \" class=\"wp-image-878\" srcset=\"https:\/\/navalremo.pt\/site\/wp-content\/uploads\/2019\/06\/XIVregataLitocar_02-1024x768.jpg 1024w, https:\/\/navalremo.pt\/site\/wp-content\/uploads\/2019\/06\/XIVregataLitocar_02-600x450.jpg 600w, https:\/\/navalremo.pt\/site\/wp-content\/uploads\/2019\/06\/XIVregataLitocar_02-300x225.jpg 300w, https:\/\/navalremo.pt\/site\/wp-content\/uploads\/2019\/06\/XIVregataLitocar_02-768x576.jpg 768w, https:\/\/navalremo.pt\/site\/wp-content\/uploads\/2019\/06\/XIVregataLitocar_02.jpg 1811w\" sizes=\"(max-width: 1024px) 100vw, 1024px\" \/><figcaption>Daila Alexandre e In\u00eas Jesus <\/figcaption><\/figure>\n\n\n\n<figure class=\"wp-block-image\"><img data-attachment-id=\"879\" data-permalink=\"https:\/\/navalremo.pt\/site\/2019\/06\/11\/remo-feminino-da-naval-em-destaque-na-xiv-regata-internacional-da-litocar\/xivregatalitocar_03-2\/\" data-orig-file=\"https:\/\/navalremo.pt\/site\/wp-content\/uploads\/2019\/06\/XIVregataLitocar_03-1.jpg\" data-orig-size=\"1811,1359\" data-comments-opened=\"0\" data-image-meta=\"{&quot;aperture&quot;:&quot;0&quot;,&quot;credit&quot;:&quot;&quot;,&quot;camera&quot;:&quot;&quot;,&quot;caption&quot;:&quot;&quot;,&quot;created_timestamp&quot;:&quot;0&quot;,&quot;copyright&quot;:&quot;&quot;,&quot;focal_length&quot;:&quot;0&quot;,&quot;iso&quot;:&quot;0&quot;,&quot;shutter_speed&quot;:&quot;0&quot;,&quot;title&quot;:&quot;&quot;,&quot;orientation&quot;:&quot;0&quot;}\" data-image-title=\"XIVregataLitocar_03\" data-image-description=\"\" data-medium-file=\"https:\/\/navalremo.pt\/site\/wp-content\/uploads\/2019\/06\/XIVregataLitocar_03-1-300x225.jpg\" data-large-file=\"https:\/\/navalremo.pt\/site\/wp-content\/uploads\/2019\/06\/XIVregataLitocar_03-1-1024x768.jpg\" loading=\"lazy\" width=\"1024\" height=\"768\" src=\"https:\/\/navalremo.pt\/site\/wp-content\/uploads\/2019\/06\/XIVregataLitocar_03-1-1024x768.jpg\" alt=\"Marta Ferrolho \/ Patr\u00edcia Batista \/ In\u00eas Jesus \/ Daila Alexandre\" class=\"wp-image-879\" srcset=\"https:\/\/navalremo.pt\/site\/wp-content\/uploads\/2019\/06\/XIVregataLitocar_03-1-1024x768.jpg 1024w, https:\/\/navalremo.pt\/site\/wp-content\/uploads\/2019\/06\/XIVregataLitocar_03-1-600x450.jpg 600w, https:\/\/navalremo.pt\/site\/wp-content\/uploads\/2019\/06\/XIVregataLitocar_03-1-300x225.jpg 300w, https:\/\/navalremo.pt\/site\/wp-content\/uploads\/2019\/06\/XIVregataLitocar_03-1-768x576.jpg 768w, https:\/\/navalremo.pt\/site\/wp-content\/uploads\/2019\/06\/XIVregataLitocar_03-1.jpg 1811w\" sizes=\"(max-width: 1024px) 100vw, 1024px\" \/><figcaption> Marta Ferrolho \/ Patr\u00edcia Batista \/ In\u00eas Jesus \/ Daila Alexandre <\/figcaption><\/figure>\n\n\n\n<p>Mais uma Regata para treinar os aspetos t\u00e9cnicos e competitivos dos Atletas da Naval, que nos escal\u00f5es a partir de J\u00fanior deixam muito boas indica\u00e7\u00f5es neste final de \u00e9poca. O N\u00facleo de Antigos Remadores da Associa\u00e7\u00e3o Naval 1\u00ba de Maio congratula-se com os resultados obtidos e endere\u00e7a publicamente os sinceros parab\u00e9ns a este conjunto de Atletas e ao seu Treinador Jos\u00e9 Canhola que continuam a elevar o nome da Naval e o da cidade da Figueira da Foz ao mais alto patamar do Remo Nacional e Internacional.<\/p>\n","protected":false},"excerpt":{"rendered":"<p>O Remo da Naval participou na XIV Regata Internacional da Litocar, mais concretamente nas provas da 2\u00aa etapa do circuito da Ta\u00e7a de Portugal, que se realizou no passado dia 09 de junho na pista de Montemor-o-Velho. A Naval participou no escal\u00e3o de Absolutos, com o seu Remo Feminino em merecido lugar de destaque ao [&hellip;]<\/p>\n","protected":false},"author":2,"featured_media":876,"comment_status":"closed","ping_status":"open","sticky":false,"template":"","format":"standard","meta":{"spay_email":""},"categories":[4,5],"tags":[],"jetpack_featured_media_url":"https:\/\/navalremo.pt\/site\/wp-content\/uploads\/2019\/06\/XIVregataLitocar_03.jpg","_links":{"self":[{"href":"https:\/\/navalremo.pt\/site\/wp-json\/wp\/v2\/posts\/875"}],"collection":[{"href":"https:\/\/navalremo.pt\/site\/wp-json\/wp\/v2\/posts"}],"about":[{"href":"https:\/\/navalremo.pt\/site\/wp-json\/wp\/v2\/types\/post"}],"author":[{"embeddable":true,"href":"https:\/\/navalremo.pt\/site\/wp-json\/wp\/v2\/users\/2"}],"replies":[{"embeddable":true,"href":"https:\/\/navalremo.pt\/site\/wp-json\/wp\/v2\/comments?post=875"}],"version-history":[{"count":1,"href":"https:\/\/navalremo.pt\/site\/wp-json\/wp\/v2\/posts\/875\/revisions"}],"predecessor-version":[{"id":880,"href":"https:\/\/navalremo.pt\/site\/wp-json\/wp\/v2\/posts\/875\/revisions\/880"}],"wp:featuredmedia":[{"embeddable":true,"href":"https:\/\/navalremo.pt\/site\/wp-json\/wp\/v2\/media\/876"}],"wp:attachment":[{"href":"https:\/\/navalremo.pt\/site\/wp-json\/wp\/v2\/media?parent=875"}],"wp:term":[{"taxonomy":"category","embeddable":true,"href":"https:\/\/navalremo.pt\/site\/wp-json\/wp\/v2\/categories?post=875"},{"taxonomy":"post_tag","embeddable":true,"href":"https:\/\/navalremo.pt\/site\/wp-json\/wp\/v2\/tags?post=875"}],"curies":[{"name":"wp","href":"https:\/\/api.w.org\/{rel}","templated":true}]}}