{"id":872,"date":"2019-06-03T12:43:02","date_gmt":"2019-06-03T12:43:02","guid":{"rendered":"https:\/\/navalremo.pt\/site\/?p=872"},"modified":"2019-06-07T12:48:07","modified_gmt":"2019-06-07T12:48:07","slug":"naval-remo-vence-3a-edicao-da-taca-de-sao-joao","status":"publish","type":"post","link":"https:\/\/navalremo.pt\/site\/2019\/06\/03\/naval-remo-vence-3a-edicao-da-taca-de-sao-joao\/","title":{"rendered":"Naval Remo vence 3\u00aa edi\u00e7\u00e3o da Ta\u00e7a de S\u00e3o Jo\u00e3o"},"content":{"rendered":"\n<p>Realizou-se no passado dia 01 de\njunho, em frente \u00e0 Marina de Recreio da Figueira da Foz, a 3\u00aa edi\u00e7\u00e3o da regata\nde Remo da Ta\u00e7a de S\u00e3o Jo\u00e3o.<\/p>\n\n\n\n<p>A regata da Ta\u00e7a de S\u00e3o Jo\u00e3o foi\norganizada pelo N\u00facleo de Antigos Remadores da Associa\u00e7\u00e3o Naval 1\u00ba de Maio e insere-se\nnas festas da cidade, marcando o regresso das regatas de Remo \u00e0 Figueira. \u00c9 de\nreal\u00e7ar o entusiasmo de quem teve oportunidade de assistir \u00e0s regatas que entre\nas 14H00 e as 17H00 acrescentaram cor e uma din\u00e2mica pr\u00f3pria \u00e0 Cidade que s\u00f3 o\nRemo consegue transmitir.<\/p>\n\n\n\n<p>O Remo da Naval sagrou-se vencedor\ndo trof\u00e9u com os seguintes resultados:<\/p>\n\n\n\n<ul><li>Skiff Infantil Masculino \u2013 <strong>3\u00ba Lugar<\/strong> para Hugo Baeta<\/li><li>Double Scull Infantil Masculino &#8211; <strong>3\u00ba Lugar<\/strong> para Alexandre Canhola\/ Jos\u00e9 Loureiro<\/li><li>Skiff Iniciado Masculino \u2013 <strong>3\u00ba Lugar<\/strong> para Dinis Lagem<\/li><li>Quadri Scull Iniciado Masculino &#8211; <strong>2\u00ba Lugar<\/strong> para a Bernardo Cruz\/ Manuel Baeta\/ Daniel Alexandre\/ Rodrigo\nVerdete<\/li><li>Double Scull Absoluto Feminino &#8211; <strong>1\u00ba Lugar<\/strong> para a Sofia Silva\/ Marta Ferrolho<\/li><li>Shell de 2 sem timoneiro Absoluto Feminino \u2013 <strong>1\u00ba Lugar <\/strong>para In\u00eas Jesus\/ Daila\nAlexandre<\/li><li>Skiff Absoluto Feminino &#8211; <strong>1\u00ba Lugar<\/strong> para Patr\u00edcia Batista<\/li><li>Shell de 4 sem timoneiro \u2013 <strong>1\u00ba Lugar <\/strong>para Jo\u00e3o Soares\/ Roman Nayavko\/ Daniel Mendes\/ Leonardo\nGil<\/li><li>Quadri Scull Absoluto Masculino \u2013 <strong>2\u00ba Lugar <\/strong>para Nelson Silva\/ Carlos Gil\/ Andr\u00e9 Oliveira\/ M\u00e1rio\nOliveira<\/li><li>Shell de 8 com timoneiro Absoluto Masculino \u2013 <strong>1\u00ba Lugar <\/strong>para Ruslan Nayavko\/ Jo\u00e3o\nGon\u00e7alves\/ Duarte Oliveira\/ Pedro Muja\/ David Martinho\/ Ra\u00fal Rodrigues\/ Pedro\nAc\u00farcio\/ Jo\u00e3o Gaspar\/ Rodrigo Verdete <\/li><\/ul>\n\n\n\n<p>A cerim\u00f3nia de entrega de pr\u00e9mios\ncontou com a mui ilustre presen\u00e7a da Sra Vereadora do Desporto da C\u00e2mara\nMunicipal da Figueira da Foz, Dra Mafalda Azenha para quem endere\u00e7amos os\nnossos cumprimentos agradecendo a forma pronta como respondeu ao repto lan\u00e7ado\npelo N\u00facleo de Antigos Remadores da Associa\u00e7\u00e3o Naval 1\u00ba de Maio para participar\nnesta cerim\u00f3nia.<\/p>\n\n\n\n<p>O N\u00facleo de Antigos Remadores da\nAssocia\u00e7\u00e3o Naval 1\u00ba de Maio que organizou esta Regata agradece aos clubes, \u00e0s entidades\np\u00fablicas e privadas e ao p\u00fablico em geral a sua presen\u00e7a e congratula-se com os\nresultados obtidos, endere\u00e7ando publicamente os sinceros parab\u00e9ns a este conjunto\nde Atletas e aos Treinadores Jos\u00e9 Canhola e Patr\u00edcia Batista que continuam a elevar\no nome da Naval e o da cidade da Figueira da Foz ao mais alto patamar do Remo\nNacional.<\/p>\n","protected":false},"excerpt":{"rendered":"<p>Realizou-se no passado dia 01 de junho, em frente \u00e0 Marina de Recreio da Figueira da Foz, a 3\u00aa edi\u00e7\u00e3o da regata de Remo da Ta\u00e7a de S\u00e3o Jo\u00e3o. A regata da Ta\u00e7a de S\u00e3o Jo\u00e3o foi organizada pelo N\u00facleo de Antigos Remadores da Associa\u00e7\u00e3o Naval 1\u00ba de Maio e insere-se nas festas da cidade, [&hellip;]<\/p>\n","protected":false},"author":2,"featured_media":873,"comment_status":"closed","ping_status":"open","sticky":false,"template":"","format":"standard","meta":{"spay_email":""},"categories":[4,5],"tags":[],"jetpack_featured_media_url":"https:\/\/navalremo.pt\/site\/wp-content\/uploads\/2019\/06\/tacaSJoao2019.jpg","_links":{"self":[{"href":"https:\/\/navalremo.pt\/site\/wp-json\/wp\/v2\/posts\/872"}],"collection":[{"href":"https:\/\/navalremo.pt\/site\/wp-json\/wp\/v2\/posts"}],"about":[{"href":"https:\/\/navalremo.pt\/site\/wp-json\/wp\/v2\/types\/post"}],"author":[{"embeddable":true,"href":"https:\/\/navalremo.pt\/site\/wp-json\/wp\/v2\/users\/2"}],"replies":[{"embeddable":true,"href":"https:\/\/navalremo.pt\/site\/wp-json\/wp\/v2\/comments?post=872"}],"version-history":[{"count":1,"href":"https:\/\/navalremo.pt\/site\/wp-json\/wp\/v2\/posts\/872\/revisions"}],"predecessor-version":[{"id":874,"href":"https:\/\/navalremo.pt\/site\/wp-json\/wp\/v2\/posts\/872\/revisions\/874"}],"wp:featuredmedia":[{"embeddable":true,"href":"https:\/\/navalremo.pt\/site\/wp-json\/wp\/v2\/media\/873"}],"wp:attachment":[{"href":"https:\/\/navalremo.pt\/site\/wp-json\/wp\/v2\/media?parent=872"}],"wp:term":[{"taxonomy":"category","embeddable":true,"href":"https:\/\/navalremo.pt\/site\/wp-json\/wp\/v2\/categories?post=872"},{"taxonomy":"post_tag","embeddable":true,"href":"https:\/\/navalremo.pt\/site\/wp-json\/wp\/v2\/tags?post=872"}],"curies":[{"name":"wp","href":"https:\/\/api.w.org\/{rel}","templated":true}]}}