{"id":863,"date":"2019-05-13T19:28:15","date_gmt":"2019-05-13T19:28:15","guid":{"rendered":"https:\/\/navalremo.pt\/site\/?p=863"},"modified":"2019-05-20T20:09:30","modified_gmt":"2019-05-20T20:09:30","slug":"remo-da-naval-participou-na-regata-internacional-da-barrinha-praia-de-mira","status":"publish","type":"post","link":"https:\/\/navalremo.pt\/site\/2019\/05\/13\/remo-da-naval-participou-na-regata-internacional-da-barrinha-praia-de-mira\/","title":{"rendered":"Remo da Naval participou na Regata Internacional da Barrinha Praia de Mira"},"content":{"rendered":"\n<p>A Naval Remo participou na Regata\nInternacional da Barrinha Praia de Mira que se realizou no passado dia 11 de\nmaio na Barrinha de Mira. <\/p>\n\n\n\n<p>Numa Regata Internacional que reuniu 11 clubes e mais de 300 Atletas,\nforam realizadas 64 provas nos v\u00e1rios escal\u00f5es de Benjamins a Absolutos.<\/p>\n\n\n\n<p>O Remo da Naval participou em v\u00e1rias Regatas nos escal\u00f5es em competi\u00e7\u00e3o e\nsubiu por 5 vezes ao p\u00f3dio, obtendo ent\u00e3o os seguintes resultados:<\/p>\n\n\n\n<ul><li>Skiff Infantil Masculino \u2013 12\u00ba Lugar para o Atleta\nHugo Baeta<\/li><li>Double Scull Infantil Masculino \u2013 8\u00aa posi\u00e7\u00e3o para a\ntripula\u00e7\u00e3o composta por Alexandre Canhola e Jos\u00e9 Loureiro<\/li><li>Skiff Iniciado Feminino \u2013 3\u00ba Lugar para a Atleta In\u00eas\nMendes<\/li><li>Skiff Iniciado Masculino \u2013 9\u00ba Lugar para o Atleta\nDinis Lagem<\/li><li>Double Scull Iniciado Feminino \u2013 2\u00ba Lugar para a\ntripula\u00e7\u00e3o composta pelas Atletas Joana Rocha e Raquel Ferrolho<\/li><li>Double Scull Iniciado Masculino \u2013 1\u00ba Lugar para a\ntripula\u00e7\u00e3o composta pelos Atletas Afonso Santos e Diogo Ferreira<\/li><li>Quadri Scull Iniciado Masculino \u2013 4\u00ba Lugar para a\ntripula\u00e7\u00e3o composta pelos Atletas Rodrigo Verdete, Daniel Alexandre, Manuel\nBaeta e Bernardo Braga Cruz<\/li><li>Skiff Juvenil Masculino \u2013 1\u00ba Lugar para o Atleta Diogo\nCarvalho e 11\u00ba para o Atleta Joaquim Martins<\/li><li>Quadri Scull Juvenil Masculino \u2013 4\u00ba Lugar para a\ntripula\u00e7\u00e3o composta pelos Atletas Jo\u00e3o Bento Oliveira, Henrique Pinho, Duarte\nPires e Daniel Ruivo da Silva<\/li><li>Shell de 8 com timoneiro Juvenil Masculino \u2013 1\u00ba Lugar\npara a tripula\u00e7\u00e3o composta pelos Atletas Daniel Silva, Rafael Rita, Diogo\nCarvalho, Henrique Pinho, Joaquim Martins, Duarte Pires, Jo\u00e3o Rodrigues, Jo\u00e3o\nOliveira e o Timoneiro Hugo Baeta<\/li><li>Skiff Absoluto Masculino \u2013 18\u00aa posi\u00e7\u00e3o para o Atleta\nJo\u00e3o Gon\u00e7alves<\/li><\/ul>\n\n\n\n<figure class=\"wp-block-image\"><img data-attachment-id=\"865\" data-permalink=\"https:\/\/navalremo.pt\/site\/2019\/05\/13\/remo-da-naval-participou-na-regata-internacional-da-barrinha-praia-de-mira\/ribpm_6\/\" data-orig-file=\"https:\/\/navalremo.pt\/site\/wp-content\/uploads\/2019\/05\/ribpm_6.jpg\" data-orig-size=\"1002,672\" data-comments-opened=\"0\" data-image-meta=\"{&quot;aperture&quot;:&quot;0&quot;,&quot;credit&quot;:&quot;Asus&quot;,&quot;camera&quot;:&quot;&quot;,&quot;caption&quot;:&quot;&quot;,&quot;created_timestamp&quot;:&quot;1558386520&quot;,&quot;copyright&quot;:&quot;&quot;,&quot;focal_length&quot;:&quot;0&quot;,&quot;iso&quot;:&quot;0&quot;,&quot;shutter_speed&quot;:&quot;0&quot;,&quot;title&quot;:&quot;&quot;,&quot;orientation&quot;:&quot;0&quot;}\" data-image-title=\"ribpm_6\" data-image-description=\"\" data-medium-file=\"https:\/\/navalremo.pt\/site\/wp-content\/uploads\/2019\/05\/ribpm_6-300x201.jpg\" data-large-file=\"https:\/\/navalremo.pt\/site\/wp-content\/uploads\/2019\/05\/ribpm_6.jpg\" loading=\"lazy\" width=\"1002\" height=\"672\" src=\"https:\/\/navalremo.pt\/site\/wp-content\/uploads\/2019\/05\/ribpm_6.jpg\" alt=\"\" class=\"wp-image-865\" srcset=\"https:\/\/navalremo.pt\/site\/wp-content\/uploads\/2019\/05\/ribpm_6.jpg 1002w, https:\/\/navalremo.pt\/site\/wp-content\/uploads\/2019\/05\/ribpm_6-600x402.jpg 600w, https:\/\/navalremo.pt\/site\/wp-content\/uploads\/2019\/05\/ribpm_6-300x201.jpg 300w, https:\/\/navalremo.pt\/site\/wp-content\/uploads\/2019\/05\/ribpm_6-768x515.jpg 768w\" sizes=\"(max-width: 1002px) 100vw, 1002px\" \/><\/figure>\n\n\n\n<p>De sublinhar a homenagem prestada\npelo Clube N\u00e1utico Praia de Mira ao Treinador Pedro Tom\u00e9 que faleceu\nrecentemente e que esteve na funda\u00e7\u00e3o daquele Clube onde chegou a treinar\ndurante 17 anos, tendo-se associado todos os Clubes e Atletas num gesto de\ngrande emo\u00e7\u00e3o que acaba por enaltecer a cultura do desporto e do Remo.<\/p>\n\n\n\n<p>Foi mais uma boa oportunidade para\ntreinar alguns aspetos competitivos, onde o Remo da Naval se apresentou a um\nexcelente n\u00edvel, o N\u00facleo de Antigos Remadores da Associa\u00e7\u00e3o Naval 1\u00ba de Maio\ncongratula-se com os resultados obtidos e endere\u00e7a publicamente os sinceros\nparab\u00e9ns a este conjunto de Atletas e aos seus Treinadores Jos\u00e9 Canhola e\nPatr\u00edcia Batista que continuam a elevar o nome da Naval e o da cidade da\nFigueira da Foz ao mais alto patamar do Remo Nacional.<\/p>\n","protected":false},"excerpt":{"rendered":"<p>A Naval Remo participou na Regata Internacional da Barrinha Praia de Mira que se realizou no passado dia 11 de maio na Barrinha de Mira. Numa Regata Internacional que reuniu 11 clubes e mais de 300 Atletas, foram realizadas 64 provas nos v\u00e1rios escal\u00f5es de Benjamins a Absolutos. O Remo da Naval participou em v\u00e1rias [&hellip;]<\/p>\n","protected":false},"author":2,"featured_media":864,"comment_status":"closed","ping_status":"open","sticky":false,"template":"","format":"standard","meta":{"spay_email":""},"categories":[4,5],"tags":[],"jetpack_featured_media_url":"https:\/\/navalremo.pt\/site\/wp-content\/uploads\/2019\/05\/ribpm_1.jpg","_links":{"self":[{"href":"https:\/\/navalremo.pt\/site\/wp-json\/wp\/v2\/posts\/863"}],"collection":[{"href":"https:\/\/navalremo.pt\/site\/wp-json\/wp\/v2\/posts"}],"about":[{"href":"https:\/\/navalremo.pt\/site\/wp-json\/wp\/v2\/types\/post"}],"author":[{"embeddable":true,"href":"https:\/\/navalremo.pt\/site\/wp-json\/wp\/v2\/users\/2"}],"replies":[{"embeddable":true,"href":"https:\/\/navalremo.pt\/site\/wp-json\/wp\/v2\/comments?post=863"}],"version-history":[{"count":1,"href":"https:\/\/navalremo.pt\/site\/wp-json\/wp\/v2\/posts\/863\/revisions"}],"predecessor-version":[{"id":866,"href":"https:\/\/navalremo.pt\/site\/wp-json\/wp\/v2\/posts\/863\/revisions\/866"}],"wp:featuredmedia":[{"embeddable":true,"href":"https:\/\/navalremo.pt\/site\/wp-json\/wp\/v2\/media\/864"}],"wp:attachment":[{"href":"https:\/\/navalremo.pt\/site\/wp-json\/wp\/v2\/media?parent=863"}],"wp:term":[{"taxonomy":"category","embeddable":true,"href":"https:\/\/navalremo.pt\/site\/wp-json\/wp\/v2\/categories?post=863"},{"taxonomy":"post_tag","embeddable":true,"href":"https:\/\/navalremo.pt\/site\/wp-json\/wp\/v2\/tags?post=863"}],"curies":[{"name":"wp","href":"https:\/\/api.w.org\/{rel}","templated":true}]}}