{"id":860,"date":"2019-05-20T16:53:22","date_gmt":"2019-05-20T16:53:22","guid":{"rendered":"https:\/\/navalremo.pt\/site\/?p=860"},"modified":"2019-05-20T16:56:38","modified_gmt":"2019-05-20T16:56:38","slug":"3a-edicao-da-regata-de-s-joao","status":"publish","type":"post","link":"https:\/\/navalremo.pt\/site\/2019\/05\/20\/3a-edicao-da-regata-de-s-joao\/","title":{"rendered":"3\u00aa edi\u00e7\u00e3o da Regata de S. Jo\u00e3o"},"content":{"rendered":"\n<p>Inserida no contexto das festas da Cidade, realiza-se no pr\u00f3ximo dia <strong>01 de junho<\/strong> a 3\u00aa edi\u00e7\u00e3o da Regata de Remo da Ta\u00e7a de S. Jo\u00e3o e Ta\u00e7a da Associa\u00e7\u00e3o de Remo da Beira Litoral, com a Organiza\u00e7\u00e3o sob a responsabilidade do N\u00facleo de Antigos Remadores da Associa\u00e7\u00e3o Naval 1\u00ba de Maio, \u00e0 semelhan\u00e7a do que se passou nas \u00faltimas edi\u00e7\u00f5es, junto \u00e0 Marina de Recreio.<\/p>\n\n\n\n<p>A Regata da Ta\u00e7a de S. Jo\u00e3o, marca\no regresso das Regatas de Remo \u00e0 Figueira da Foz, que outrora eram uma\nverdadeira atra\u00e7\u00e3o tur\u00edstica internacional, tem como objetivo devolver a\npr\u00e1tica da modalidade do Remo aos Mun\u00edcipes do Concelho da Figueira da Foz,\naproximando-os igualmente da zona ribeirinha da cidade, nomeadamente do Rio\nMondego que \u00e9 um dos ex-libris da Cidade.<\/p>\n\n\n\n<p>O N\u00facleo de Antigos Remadores da\nAssocia\u00e7\u00e3o Naval 1\u00ba de Maio convida todos os Figueirenses a assistirem \u00e0s\nRegatas do pr\u00f3ximo dia 01 de junho, que come\u00e7am \u00e0s 14H00 com os remadores das\ncamadas mais jovens e com os remadores mais velhos das 15H15 at\u00e9 \u00e0s 16H00. Esta\nRegata terminar\u00e1 com a entrega de medalhas aos vencedores das Regatas e do\nTrof\u00e9u de S. Jo\u00e3o e Ta\u00e7a da ARBL ao(s) Clube(s) vencedor(es).<\/p>\n\n\n\n<p>Mais do que uma Regata \u00e9 um\nimportante momento de conv\u00edvio e mais uma iniciativa que marca igualmente o Dia\nMundial da Crian\u00e7a\u2026 o Remo da Naval agradece desde j\u00e1 a presen\u00e7a de todos os Clubes,\nAtletas, Familiares e p\u00fablico em geral.<\/p>\n","protected":false},"excerpt":{"rendered":"<p>Inserida no contexto das festas da Cidade, realiza-se no pr\u00f3ximo dia 01 de junho a 3\u00aa edi\u00e7\u00e3o da Regata de Remo da Ta\u00e7a de S. Jo\u00e3o e Ta\u00e7a da Associa\u00e7\u00e3o de Remo da Beira Litoral, com a Organiza\u00e7\u00e3o sob a responsabilidade do N\u00facleo de Antigos Remadores da Associa\u00e7\u00e3o Naval 1\u00ba de Maio, \u00e0 semelhan\u00e7a do [&hellip;]<\/p>\n","protected":false},"author":2,"featured_media":861,"comment_status":"closed","ping_status":"open","sticky":false,"template":"","format":"standard","meta":{"spay_email":""},"categories":[4,5],"tags":[],"jetpack_featured_media_url":"https:\/\/navalremo.pt\/site\/wp-content\/uploads\/2019\/05\/regata2019.jpg","_links":{"self":[{"href":"https:\/\/navalremo.pt\/site\/wp-json\/wp\/v2\/posts\/860"}],"collection":[{"href":"https:\/\/navalremo.pt\/site\/wp-json\/wp\/v2\/posts"}],"about":[{"href":"https:\/\/navalremo.pt\/site\/wp-json\/wp\/v2\/types\/post"}],"author":[{"embeddable":true,"href":"https:\/\/navalremo.pt\/site\/wp-json\/wp\/v2\/users\/2"}],"replies":[{"embeddable":true,"href":"https:\/\/navalremo.pt\/site\/wp-json\/wp\/v2\/comments?post=860"}],"version-history":[{"count":1,"href":"https:\/\/navalremo.pt\/site\/wp-json\/wp\/v2\/posts\/860\/revisions"}],"predecessor-version":[{"id":862,"href":"https:\/\/navalremo.pt\/site\/wp-json\/wp\/v2\/posts\/860\/revisions\/862"}],"wp:featuredmedia":[{"embeddable":true,"href":"https:\/\/navalremo.pt\/site\/wp-json\/wp\/v2\/media\/861"}],"wp:attachment":[{"href":"https:\/\/navalremo.pt\/site\/wp-json\/wp\/v2\/media?parent=860"}],"wp:term":[{"taxonomy":"category","embeddable":true,"href":"https:\/\/navalremo.pt\/site\/wp-json\/wp\/v2\/categories?post=860"},{"taxonomy":"post_tag","embeddable":true,"href":"https:\/\/navalremo.pt\/site\/wp-json\/wp\/v2\/tags?post=860"}],"curies":[{"name":"wp","href":"https:\/\/api.w.org\/{rel}","templated":true}]}}