{"id":854,"date":"2019-05-11T18:25:55","date_gmt":"2019-05-11T18:25:55","guid":{"rendered":"https:\/\/navalremo.pt\/site\/?p=854"},"modified":"2019-05-20T16:57:20","modified_gmt":"2019-05-20T16:57:20","slug":"remo-da-naval-participou-na-xxxviii-regata-internacional-da-queima-das-fitas","status":"publish","type":"post","link":"https:\/\/navalremo.pt\/site\/2019\/05\/11\/remo-da-naval-participou-na-xxxviii-regata-internacional-da-queima-das-fitas\/","title":{"rendered":"Remo da Naval participou na XXXVIII Regata Internacional da Queima das Fitas"},"content":{"rendered":"\n<p>O Remo da Naval participou na XXXVIII\nRegata Internacional da Queima das Fitas, que se realizou no passado dia 04 de\nmaio em Coimbra, entre as pontes de Santa Clara e Pedro e In\u00eas, no Rio Mondego.<\/p>\n\n\n\n<p>Nesta Regata participaram 31 clubes nacionais e estrangeiros reunindo mais de 600 Atletas, naquela que \u00e9 considerada a maior Regata Ib\u00e9rica.<\/p>\n\n\n\n<figure class=\"wp-block-image\"><img data-attachment-id=\"856\" data-permalink=\"https:\/\/navalremo.pt\/site\/2019\/05\/11\/remo-da-naval-participou-na-xxxviii-regata-internacional-da-queima-das-fitas\/notqf_2\/\" data-orig-file=\"https:\/\/navalremo.pt\/site\/wp-content\/uploads\/2019\/05\/notqf_2.jpg\" data-orig-size=\"640,426\" data-comments-opened=\"0\" data-image-meta=\"{&quot;aperture&quot;:&quot;0&quot;,&quot;credit&quot;:&quot;&quot;,&quot;camera&quot;:&quot;&quot;,&quot;caption&quot;:&quot;&quot;,&quot;created_timestamp&quot;:&quot;0&quot;,&quot;copyright&quot;:&quot;&quot;,&quot;focal_length&quot;:&quot;0&quot;,&quot;iso&quot;:&quot;0&quot;,&quot;shutter_speed&quot;:&quot;0&quot;,&quot;title&quot;:&quot;&quot;,&quot;orientation&quot;:&quot;0&quot;}\" data-image-title=\"notqf_2\" data-image-description=\"\" data-medium-file=\"https:\/\/navalremo.pt\/site\/wp-content\/uploads\/2019\/05\/notqf_2-300x200.jpg\" data-large-file=\"https:\/\/navalremo.pt\/site\/wp-content\/uploads\/2019\/05\/notqf_2.jpg\" loading=\"lazy\" width=\"640\" height=\"426\" src=\"https:\/\/navalremo.pt\/site\/wp-content\/uploads\/2019\/05\/notqf_2.jpg\" alt=\"foto atletas\" class=\"wp-image-856\" srcset=\"https:\/\/navalremo.pt\/site\/wp-content\/uploads\/2019\/05\/notqf_2.jpg 640w, https:\/\/navalremo.pt\/site\/wp-content\/uploads\/2019\/05\/notqf_2-600x399.jpg 600w, https:\/\/navalremo.pt\/site\/wp-content\/uploads\/2019\/05\/notqf_2-300x200.jpg 300w\" sizes=\"(max-width: 640px) 100vw, 640px\" \/><\/figure>\n\n\n\n<p>A Naval participou em 25 Regatas nos v\u00e1rios escal\u00f5es, obtendo os\nseguintes resultados:<\/p>\n\n\n\n<ul><li>Skiff Benjamin Masculino \u2013 8\u00ba lugar para Jos\u00e9 Azevedo<\/li><li>Skiff Infantil Masculino \u2013 18\u00aa posi\u00e7\u00e3o para Hugo Baeta<\/li><li>Double Scull Infantil Masculino \u2013 11\u00ba lugar para a tripula\u00e7\u00e3o composta por Jos\u00e9 Loureiro e Alexandre Canhola<\/li><li>Skiff Iniciado Feminino \u2013 7\u00ba lugar para In\u00eas Mendes<\/li><li>Skiff Iniciado Masculino \u2013 17\u00ba lugar para Dinis Lagem<\/li><li>Double Scull Iniciado Feminino \u2013 11\u00ba para a tripula\u00e7\u00e3o composta por Raquel Ferrolho e Joana Rocha<\/li><li>Quadri Scull Iniciado Masculino \u2013 7\u00ba lugar para a tripula\u00e7\u00e3o composta por Rodrigo Verdete, Daniel Alexandre, Manuel Baeta e Bernardo Cruz<\/li><li>Double Scull Iniciado Masculino \u2013 <strong>2\u00ba lugar<\/strong> para a tripula\u00e7\u00e3o composta por Afonso Santos e Diogo Ferreira<\/li><li>Skiff Juvenil Masculino \u2013 <strong>1\u00ba lugar<\/strong> para Diogo Carvalho e 25\u00ba lugar para Tom\u00e1s Soares<\/li><li>Skiff Juvenil Feminino &#8211; 16\u00ba lugar para In\u00eas Santos<\/li><li>Double Scull Juvenil Masculino \u2013 10\u00ba lugar para a tripula\u00e7\u00e3o composta por Joaquim Martins e Jo\u00e3o Silva Rodrigues<\/li><li>Quadri Scull Juvenil Masculino \u2013 12\u00ba lugar para a tripula\u00e7\u00e3o composta por Daniel Silva, Henrique Pinho, Duarte Pires e Jo\u00e3o Oliveira<\/li><li>Shell de 8 Juvenil Masculino com Timoneiro \u2013 4\u00ba lugar para a tripula\u00e7\u00e3o composta por Daniel Silva, Rafael Rita, Diogo Carvalho, Henrique Pinho, Joaquim Martins, Duarte Pires, Jo\u00e3o Rodrigues, Jo\u00e3o Oliveira e Rodrigo Verdete<\/li><li>Skiff Absoluto Feminino \u2013 <strong>2\u00ba Lugar<\/strong> para Patr\u00edcia Batista e 6\u00ba lugar para Marta Ferrolho<\/li><li>Skiff Absoluto Masculino \u2013 27\u00ba Lugar para Carlos Gil e 29\u00aa posi\u00e7\u00e3o para Jo\u00e3o Gon\u00e7alves<\/li><li>Shell de 2 sem timoneiro Absoluto Masculino \u2013 8\u00aa Posi\u00e7\u00e3o para a tripula\u00e7\u00e3o composta por Andr\u00e9 Oliveira e M\u00e1rio Oliveira<\/li><li>Double Scull Absoluto Masculino \u2013 6\u00ba lugar para a tripula\u00e7\u00e3o composta por Ra\u00fal Rodrigues e Jo\u00e3o Fidalgo Gaspar e 19\u00ba lugar na geral para a tripula\u00e7\u00e3o composta por Jo\u00e3o Soares e Pedro Muja<\/li><li>Double Scull Absoluto Feminino \u2013 6\u00ba lugar para a tripula\u00e7\u00e3o composta por In\u00eas Jesus e Daila Alexandre<\/li><li>Quadri Scull Absoluto Feminino \u2013 <strong>3\u00ba luga<\/strong>r para a tripula\u00e7\u00e3o composta por Daila Alexandre, In\u00eas Jesus, Patr\u00edcia Batista e Sofia Silva<\/li><li>Quadri Scull Absoluto Masculino \u2013 11\u00ba lugar para a tripula\u00e7\u00e3o composta por Pedro Ac\u00farcio, Daniel Mendes, Roman Nayavko e Leonardo Gil<\/li><li>Shell de 8 com timoneiro Absoluto Masculino \u2013 7\u00ba lugar para a tripula\u00e7\u00e3o composta por Leonardo Gil, Jos\u00e9 Silva, Duarte Oliveira, David Martinho, Roman Nayavko, Ra\u00fal Rodrigues, Jo\u00e3o Soares e Jo\u00e3o Fidalgo Gaspar<\/li><li><\/li><\/ul>\n\n\n\n<figure class=\"wp-block-image\"><img data-attachment-id=\"857\" data-permalink=\"https:\/\/navalremo.pt\/site\/2019\/05\/11\/remo-da-naval-participou-na-xxxviii-regata-internacional-da-queima-das-fitas\/notqf_3\/\" data-orig-file=\"https:\/\/navalremo.pt\/site\/wp-content\/uploads\/2019\/05\/notqf_3.jpg\" data-orig-size=\"751,1001\" data-comments-opened=\"0\" data-image-meta=\"{&quot;aperture&quot;:&quot;0&quot;,&quot;credit&quot;:&quot;&quot;,&quot;camera&quot;:&quot;&quot;,&quot;caption&quot;:&quot;&quot;,&quot;created_timestamp&quot;:&quot;0&quot;,&quot;copyright&quot;:&quot;&quot;,&quot;focal_length&quot;:&quot;0&quot;,&quot;iso&quot;:&quot;0&quot;,&quot;shutter_speed&quot;:&quot;0&quot;,&quot;title&quot;:&quot;&quot;,&quot;orientation&quot;:&quot;0&quot;}\" data-image-title=\"notqf_3\" data-image-description=\"\" data-medium-file=\"https:\/\/navalremo.pt\/site\/wp-content\/uploads\/2019\/05\/notqf_3-225x300.jpg\" data-large-file=\"https:\/\/navalremo.pt\/site\/wp-content\/uploads\/2019\/05\/notqf_3.jpg\" loading=\"lazy\" width=\"751\" height=\"1001\" src=\"https:\/\/navalremo.pt\/site\/wp-content\/uploads\/2019\/05\/notqf_3.jpg\" alt=\"Barco 8\" class=\"wp-image-857\" srcset=\"https:\/\/navalremo.pt\/site\/wp-content\/uploads\/2019\/05\/notqf_3.jpg 751w, https:\/\/navalremo.pt\/site\/wp-content\/uploads\/2019\/05\/notqf_3-600x800.jpg 600w, https:\/\/navalremo.pt\/site\/wp-content\/uploads\/2019\/05\/notqf_3-225x300.jpg 225w\" sizes=\"(max-width: 751px) 100vw, 751px\" \/><\/figure>\n\n\n\n<p>Ap\u00f3s mais uma jornada onde o Remo\nda Naval se apresentou a um excelente n\u00edvel, o N\u00facleo de Antigos Remadores da\nAssocia\u00e7\u00e3o Naval 1\u00ba de Maio congratula-se com os resultados obtidos e endere\u00e7a\npublicamente os sinceros parab\u00e9ns a este conjunto de Atletas e aos seus\nTreinadores Jos\u00e9 Canhola e Patr\u00edcia Batista que continuam a elevar o nome da\nNaval e o da cidade da Figueira da Foz ao mais alto patamar do Remo Nacional e\nIb\u00e9rico.<\/p>\n","protected":false},"excerpt":{"rendered":"<p>O Remo da Naval participou na XXXVIII Regata Internacional da Queima das Fitas, que se realizou no passado dia 04 de maio em Coimbra, entre as pontes de Santa Clara e Pedro e In\u00eas, no Rio Mondego. Nesta Regata participaram 31 clubes nacionais e estrangeiros reunindo mais de 600 Atletas, naquela que \u00e9 considerada a [&hellip;]<\/p>\n","protected":false},"author":2,"featured_media":855,"comment_status":"closed","ping_status":"closed","sticky":false,"template":"","format":"standard","meta":{"spay_email":""},"categories":[4,5],"tags":[],"jetpack_featured_media_url":"https:\/\/navalremo.pt\/site\/wp-content\/uploads\/2019\/05\/notqf_1.jpg","_links":{"self":[{"href":"https:\/\/navalremo.pt\/site\/wp-json\/wp\/v2\/posts\/854"}],"collection":[{"href":"https:\/\/navalremo.pt\/site\/wp-json\/wp\/v2\/posts"}],"about":[{"href":"https:\/\/navalremo.pt\/site\/wp-json\/wp\/v2\/types\/post"}],"author":[{"embeddable":true,"href":"https:\/\/navalremo.pt\/site\/wp-json\/wp\/v2\/users\/2"}],"replies":[{"embeddable":true,"href":"https:\/\/navalremo.pt\/site\/wp-json\/wp\/v2\/comments?post=854"}],"version-history":[{"count":1,"href":"https:\/\/navalremo.pt\/site\/wp-json\/wp\/v2\/posts\/854\/revisions"}],"predecessor-version":[{"id":858,"href":"https:\/\/navalremo.pt\/site\/wp-json\/wp\/v2\/posts\/854\/revisions\/858"}],"wp:featuredmedia":[{"embeddable":true,"href":"https:\/\/navalremo.pt\/site\/wp-json\/wp\/v2\/media\/855"}],"wp:attachment":[{"href":"https:\/\/navalremo.pt\/site\/wp-json\/wp\/v2\/media?parent=854"}],"wp:term":[{"taxonomy":"category","embeddable":true,"href":"https:\/\/navalremo.pt\/site\/wp-json\/wp\/v2\/categories?post=854"},{"taxonomy":"post_tag","embeddable":true,"href":"https:\/\/navalremo.pt\/site\/wp-json\/wp\/v2\/tags?post=854"}],"curies":[{"name":"wp","href":"https:\/\/api.w.org\/{rel}","templated":true}]}}