{"id":839,"date":"2019-03-30T20:32:52","date_gmt":"2019-03-30T20:32:52","guid":{"rendered":"https:\/\/navalremo.pt\/site\/?p=839"},"modified":"2019-04-02T20:35:10","modified_gmt":"2019-04-02T20:35:10","slug":"remo-da-naval-conquista-2o-lugar-entre-os-clubes-da-associacao-de-remo-da-beira-litoral-arbl","status":"publish","type":"post","link":"https:\/\/navalremo.pt\/site\/2019\/03\/30\/remo-da-naval-conquista-2o-lugar-entre-os-clubes-da-associacao-de-remo-da-beira-litoral-arbl\/","title":{"rendered":"Remo da Naval conquista 2\u00ba Lugar entre os clubes da Associa\u00e7\u00e3o de Remo da Beira Litoral (ARBL)"},"content":{"rendered":"\n<p>A Naval Remo participou na 5\u00aa Regata\nque marcou a final do Torneio Primeiras Remadas 2018\/2019 e na 5\u00aa Regata de\nRemo Jovem, que se realizaram no passado dia 30 de mar\u00e7o na pista de Remo de\nMontemor-o-Velho.<\/p>\n\n\n\n<p>Nestas Regatas onde participaram mais\nde 150 Atletas, o Remo da Naval, apesar das dif\u00edceis condi\u00e7\u00f5es em que se encontra\na treinar esta \u00e9poca, conquistou o 2\u00ba Lugar entre os v\u00e1rios clubes da ARBL.<\/p>\n\n\n\n<p>Na Regata relativa \u00e0 final do torneio das Primeiras Remadas a Naval obteve\nexcelentes resultados nos v\u00e1rios escal\u00f5es em competi\u00e7\u00e3o, nomeadamente:<\/p>\n\n\n\n<ul><li>Benjamins\nMasculinos \u2013 3\u00ba Lugar para Jos\u00e9 Azevedo;<ul><li>Infantis\nMasculinos \u2013 6\u00ba Lugar para Hugo Baeta e 11\u00ba Lugar para Jos\u00e9 Loureiro;<\/li><\/ul><ul><li>Iniciados\nFemininos \u2013 1\u00ba Lugar para In\u00eas Mendes e 2\u00ba Lugar para Raquel Ferrolho;<\/li><\/ul><ul><li>Iniciados\nMasculinos \u20131\u00ba Lugar para Diogo Ferreira e 3\u00ba Lugar para Manuel Baeta;<\/li><\/ul><ul><li>Juvenis\nFemininos \u2013 3\u00ba Lugar para Maria In\u00eas Santos;<\/li><\/ul><ul><li>Juvenis\nMasculinos \u2013 5\u00ba Lugar para Tom\u00e1s Soares;<\/li><\/ul><ul><li>Juniores\nMasculinos \u2013 1\u00ba Lugar para Jo\u00e3o Gon\u00e7alves.<\/li><\/ul><\/li><\/ul>\n\n\n\n<p>J\u00e1 nas Regatas relativas ao Remo\nJovem a Naval obteve os seguintes resultados:<\/p>\n\n\n\n<ul><li>Skiff\nIniciado Masculino \u2013 7\u00ba Lugar para Dinis Lagem;<ul><li>Double\nScull Iniciado Masculino \u2013 5\u00ba Lugar para a tripula\u00e7\u00e3o composta pelos Atletas\nRodrigo Verdete e Daniel Alexandre;<\/li><\/ul><ul><li>Skiff\nJuvenil Masculino \u2013 1\u00ba Lugar para Diogo Carvalho;<\/li><\/ul><ul><li>Double\nScull Juvenil Masculino \u2013 5\u00ba Lugar para a tripula\u00e7\u00e3o composta por Joaquim\nMartins e Henrique Pinho;<\/li><\/ul><ul><li>Quadri\nScull Juvenil Masculino \u2013 2\u00ba Lugar para a tripula\u00e7\u00e3o composta pelos atletas\nDaniel Silva, Jo\u00e3o Rodrigues, Duarte Pires e Jo\u00e3o Oliveira.<\/li><\/ul><\/li><\/ul>\n\n\n\n<p>O N\u00facleo de Antigos Remadores da\nAssocia\u00e7\u00e3o Naval 1\u00ba de Maio congratula-se com os resultados obtidos e endere\u00e7a\npublicamente os sinceros parab\u00e9ns a este conjunto de Atletas e aos seus\nTreinadores Jos\u00e9 Canhola e Patr\u00edcia Batista, que contribuem de sobremaneira\npara elevar o nome da Naval e o da cidade da Figueira da Foz ao mais alto\npatamar do Remo Nacional.<\/p>\n","protected":false},"excerpt":{"rendered":"<p>A Naval Remo participou na 5\u00aa Regata que marcou a final do Torneio Primeiras Remadas 2018\/2019 e na 5\u00aa Regata de Remo Jovem, que se realizaram no passado dia 30 de mar\u00e7o na pista de Remo de Montemor-o-Velho. Nestas Regatas onde participaram mais de 150 Atletas, o Remo da Naval, apesar das dif\u00edceis condi\u00e7\u00f5es em [&hellip;]<\/p>\n","protected":false},"author":2,"featured_media":840,"comment_status":"closed","ping_status":"open","sticky":false,"template":"","format":"standard","meta":{"spay_email":""},"categories":[4,5],"tags":[],"jetpack_featured_media_url":"https:\/\/navalremo.pt\/site\/wp-content\/uploads\/2019\/04\/not_30mar2019.jpg","_links":{"self":[{"href":"https:\/\/navalremo.pt\/site\/wp-json\/wp\/v2\/posts\/839"}],"collection":[{"href":"https:\/\/navalremo.pt\/site\/wp-json\/wp\/v2\/posts"}],"about":[{"href":"https:\/\/navalremo.pt\/site\/wp-json\/wp\/v2\/types\/post"}],"author":[{"embeddable":true,"href":"https:\/\/navalremo.pt\/site\/wp-json\/wp\/v2\/users\/2"}],"replies":[{"embeddable":true,"href":"https:\/\/navalremo.pt\/site\/wp-json\/wp\/v2\/comments?post=839"}],"version-history":[{"count":1,"href":"https:\/\/navalremo.pt\/site\/wp-json\/wp\/v2\/posts\/839\/revisions"}],"predecessor-version":[{"id":841,"href":"https:\/\/navalremo.pt\/site\/wp-json\/wp\/v2\/posts\/839\/revisions\/841"}],"wp:featuredmedia":[{"embeddable":true,"href":"https:\/\/navalremo.pt\/site\/wp-json\/wp\/v2\/media\/840"}],"wp:attachment":[{"href":"https:\/\/navalremo.pt\/site\/wp-json\/wp\/v2\/media?parent=839"}],"wp:term":[{"taxonomy":"category","embeddable":true,"href":"https:\/\/navalremo.pt\/site\/wp-json\/wp\/v2\/categories?post=839"},{"taxonomy":"post_tag","embeddable":true,"href":"https:\/\/navalremo.pt\/site\/wp-json\/wp\/v2\/tags?post=839"}],"curies":[{"name":"wp","href":"https:\/\/api.w.org\/{rel}","templated":true}]}}