{"id":819,"date":"2019-03-05T22:32:17","date_gmt":"2019-03-05T22:32:17","guid":{"rendered":"https:\/\/navalremo.pt\/site\/?p=819"},"modified":"2019-03-05T22:33:40","modified_gmt":"2019-03-05T22:33:40","slug":"naval-o-melhor-clube-da-arbl-no-campeonato-nacional-de-fundo-2019","status":"publish","type":"post","link":"https:\/\/navalremo.pt\/site\/2019\/03\/05\/naval-o-melhor-clube-da-arbl-no-campeonato-nacional-de-fundo-2019\/","title":{"rendered":"Naval o melhor Clube da ARBL no Campeonato Nacional de Fundo 2019"},"content":{"rendered":"\n<p>Realizou-se no passado dia 03 de mar\u00e7o\nna Albufeira do Maranh\u00e3o em Avis o Campeonato Nacional de Fundo, que contou com\na presen\u00e7a de Clubes de todo o pa\u00eds e mais de 1000 Atletas.<\/p>\n\n\n\n<p>Os Atletas da Naval subiram por 5 vezes\nao p\u00f3dio, sendo o clube da Associa\u00e7\u00e3o de Remo da Beira Litoral, entre Galitos, Cacia,\nPraia de Mira, Gin\u00e1sio Clube Figueirense, Casa do Benfica de Montemor-o-Velho e\nAcad\u00e9mica, com mais t\u00edtulos ao n\u00edvel de Campe\u00e3o Nacional e Vice-Campe\u00e3o Nacional.<\/p>\n\n\n\n<p>Os resultados em termos de p\u00f3dios do Remo da Naval foram os seguintes:<\/p>\n\n\n\n<ul><li> Skiff Juvenil Masculino (1x) \u2013 1\u00ba Lugar para o Atleta Diogo Carvalho \u2013 Campe\u00e3o Nacional; <\/li><\/ul>\n\n\n\n<figure class=\"wp-block-image\"><img data-attachment-id=\"821\" data-permalink=\"https:\/\/navalremo.pt\/site\/2019\/03\/05\/naval-o-melhor-clube-da-arbl-no-campeonato-nacional-de-fundo-2019\/fpr\/\" data-orig-file=\"https:\/\/navalremo.pt\/site\/wp-content\/uploads\/2019\/03\/FPR.jpg\" data-orig-size=\"2048,1367\" data-comments-opened=\"0\" data-image-meta=\"{&quot;aperture&quot;:&quot;0&quot;,&quot;credit&quot;:&quot;&quot;,&quot;camera&quot;:&quot;&quot;,&quot;caption&quot;:&quot;&quot;,&quot;created_timestamp&quot;:&quot;0&quot;,&quot;copyright&quot;:&quot;&quot;,&quot;focal_length&quot;:&quot;0&quot;,&quot;iso&quot;:&quot;0&quot;,&quot;shutter_speed&quot;:&quot;0&quot;,&quot;title&quot;:&quot;&quot;,&quot;orientation&quot;:&quot;0&quot;}\" data-image-title=\"FPR\" data-image-description=\"\" data-medium-file=\"https:\/\/navalremo.pt\/site\/wp-content\/uploads\/2019\/03\/FPR-300x200.jpg\" data-large-file=\"https:\/\/navalremo.pt\/site\/wp-content\/uploads\/2019\/03\/FPR-1024x684.jpg\" loading=\"lazy\" width=\"1024\" height=\"684\" src=\"https:\/\/navalremo.pt\/site\/wp-content\/uploads\/2019\/03\/FPR-1024x684.jpg\" alt=\"\" class=\"wp-image-821\" srcset=\"https:\/\/navalremo.pt\/site\/wp-content\/uploads\/2019\/03\/FPR-1024x684.jpg 1024w, https:\/\/navalremo.pt\/site\/wp-content\/uploads\/2019\/03\/FPR-600x400.jpg 600w, https:\/\/navalremo.pt\/site\/wp-content\/uploads\/2019\/03\/FPR-300x200.jpg 300w, https:\/\/navalremo.pt\/site\/wp-content\/uploads\/2019\/03\/FPR-768x513.jpg 768w, https:\/\/navalremo.pt\/site\/wp-content\/uploads\/2019\/03\/FPR.jpg 2048w\" sizes=\"(max-width: 1024px) 100vw, 1024px\" \/><figcaption> Diogo Carvalho <\/figcaption><\/figure>\n\n\n\n<ul><li>Skiff J\u00fanior Feminino (1x) \u2013 3\u00ba Lugar para a Atleta Sofia Silva; <\/li><\/ul>\n\n\n\n<figure class=\"wp-block-image\"><img data-attachment-id=\"822\" data-permalink=\"https:\/\/navalremo.pt\/site\/2019\/03\/05\/naval-o-melhor-clube-da-arbl-no-campeonato-nacional-de-fundo-2019\/fpr1\/\" data-orig-file=\"https:\/\/navalremo.pt\/site\/wp-content\/uploads\/2019\/03\/fpr1.jpg\" data-orig-size=\"1320,880\" data-comments-opened=\"0\" data-image-meta=\"{&quot;aperture&quot;:&quot;0&quot;,&quot;credit&quot;:&quot;&quot;,&quot;camera&quot;:&quot;&quot;,&quot;caption&quot;:&quot;&quot;,&quot;created_timestamp&quot;:&quot;0&quot;,&quot;copyright&quot;:&quot;&quot;,&quot;focal_length&quot;:&quot;0&quot;,&quot;iso&quot;:&quot;0&quot;,&quot;shutter_speed&quot;:&quot;0&quot;,&quot;title&quot;:&quot;&quot;,&quot;orientation&quot;:&quot;0&quot;}\" data-image-title=\"fpr1\" data-image-description=\"\" data-medium-file=\"https:\/\/navalremo.pt\/site\/wp-content\/uploads\/2019\/03\/fpr1-300x200.jpg\" data-large-file=\"https:\/\/navalremo.pt\/site\/wp-content\/uploads\/2019\/03\/fpr1-1024x683.jpg\" loading=\"lazy\" width=\"1024\" height=\"683\" src=\"https:\/\/navalremo.pt\/site\/wp-content\/uploads\/2019\/03\/fpr1-1024x683.jpg\" alt=\"\" class=\"wp-image-822\" srcset=\"https:\/\/navalremo.pt\/site\/wp-content\/uploads\/2019\/03\/fpr1-1024x683.jpg 1024w, https:\/\/navalremo.pt\/site\/wp-content\/uploads\/2019\/03\/fpr1-600x400.jpg 600w, https:\/\/navalremo.pt\/site\/wp-content\/uploads\/2019\/03\/fpr1-300x200.jpg 300w, https:\/\/navalremo.pt\/site\/wp-content\/uploads\/2019\/03\/fpr1-768x512.jpg 768w, https:\/\/navalremo.pt\/site\/wp-content\/uploads\/2019\/03\/fpr1.jpg 1320w\" sizes=\"(max-width: 1024px) 100vw, 1024px\" \/><figcaption> Sofia Silva <\/figcaption><\/figure>\n\n\n\n<ul><li>Shell de 2 Sem Timoneiro J\u00fanior Feminino (2-) \u2013 1 \u00ba Lugar para a tripula\u00e7\u00e3o constitu\u00edda pelas Atletas In\u00eas Rodrigues e Daila Alexandre \u2013 Campe\u00e3s Nacionais;<\/li><\/ul>\n\n\n\n<figure class=\"wp-block-image\"><img data-attachment-id=\"823\" data-permalink=\"https:\/\/navalremo.pt\/site\/2019\/03\/05\/naval-o-melhor-clube-da-arbl-no-campeonato-nacional-de-fundo-2019\/fpr2\/\" data-orig-file=\"https:\/\/navalremo.pt\/site\/wp-content\/uploads\/2019\/03\/FPR2.jpg\" data-orig-size=\"2048,1367\" data-comments-opened=\"0\" data-image-meta=\"{&quot;aperture&quot;:&quot;0&quot;,&quot;credit&quot;:&quot;&quot;,&quot;camera&quot;:&quot;&quot;,&quot;caption&quot;:&quot;&quot;,&quot;created_timestamp&quot;:&quot;0&quot;,&quot;copyright&quot;:&quot;&quot;,&quot;focal_length&quot;:&quot;0&quot;,&quot;iso&quot;:&quot;0&quot;,&quot;shutter_speed&quot;:&quot;0&quot;,&quot;title&quot;:&quot;&quot;,&quot;orientation&quot;:&quot;0&quot;}\" data-image-title=\"FPR2\" data-image-description=\"\" data-medium-file=\"https:\/\/navalremo.pt\/site\/wp-content\/uploads\/2019\/03\/FPR2-300x200.jpg\" data-large-file=\"https:\/\/navalremo.pt\/site\/wp-content\/uploads\/2019\/03\/FPR2-1024x684.jpg\" loading=\"lazy\" width=\"1024\" height=\"684\" src=\"https:\/\/navalremo.pt\/site\/wp-content\/uploads\/2019\/03\/FPR2-1024x684.jpg\" alt=\"\" class=\"wp-image-823\" srcset=\"https:\/\/navalremo.pt\/site\/wp-content\/uploads\/2019\/03\/FPR2-1024x684.jpg 1024w, https:\/\/navalremo.pt\/site\/wp-content\/uploads\/2019\/03\/FPR2-600x400.jpg 600w, https:\/\/navalremo.pt\/site\/wp-content\/uploads\/2019\/03\/FPR2-300x200.jpg 300w, https:\/\/navalremo.pt\/site\/wp-content\/uploads\/2019\/03\/FPR2-768x513.jpg 768w, https:\/\/navalremo.pt\/site\/wp-content\/uploads\/2019\/03\/FPR2.jpg 2048w\" sizes=\"(max-width: 1024px) 100vw, 1024px\" \/><figcaption> In\u00eas Rodrigues e Daila Alexandre <\/figcaption><\/figure>\n\n\n\n<ul><li>Double Scull J\u00fanior Masculino (2x) \u2013 2\u00ba Lugar para a tripula\u00e7\u00e3o composta pelos Atletas Ra\u00fal Rodrigues e Jo\u00e3o Gaspar \u2013 Vice-Campe\u00f5es Nacionais;<\/li><\/ul>\n\n\n\n<figure class=\"wp-block-image\"><img data-attachment-id=\"824\" data-permalink=\"https:\/\/navalremo.pt\/site\/2019\/03\/05\/naval-o-melhor-clube-da-arbl-no-campeonato-nacional-de-fundo-2019\/fpr3\/\" data-orig-file=\"https:\/\/navalremo.pt\/site\/wp-content\/uploads\/2019\/03\/FPR3.jpg\" data-orig-size=\"1320,880\" data-comments-opened=\"0\" data-image-meta=\"{&quot;aperture&quot;:&quot;0&quot;,&quot;credit&quot;:&quot;&quot;,&quot;camera&quot;:&quot;&quot;,&quot;caption&quot;:&quot;&quot;,&quot;created_timestamp&quot;:&quot;0&quot;,&quot;copyright&quot;:&quot;&quot;,&quot;focal_length&quot;:&quot;0&quot;,&quot;iso&quot;:&quot;0&quot;,&quot;shutter_speed&quot;:&quot;0&quot;,&quot;title&quot;:&quot;&quot;,&quot;orientation&quot;:&quot;0&quot;}\" data-image-title=\"FPR3\" data-image-description=\"\" data-medium-file=\"https:\/\/navalremo.pt\/site\/wp-content\/uploads\/2019\/03\/FPR3-300x200.jpg\" data-large-file=\"https:\/\/navalremo.pt\/site\/wp-content\/uploads\/2019\/03\/FPR3-1024x683.jpg\" loading=\"lazy\" width=\"1024\" height=\"683\" src=\"https:\/\/navalremo.pt\/site\/wp-content\/uploads\/2019\/03\/FPR3-1024x683.jpg\" alt=\"\" class=\"wp-image-824\" srcset=\"https:\/\/navalremo.pt\/site\/wp-content\/uploads\/2019\/03\/FPR3-1024x683.jpg 1024w, https:\/\/navalremo.pt\/site\/wp-content\/uploads\/2019\/03\/FPR3-600x400.jpg 600w, https:\/\/navalremo.pt\/site\/wp-content\/uploads\/2019\/03\/FPR3-300x200.jpg 300w, https:\/\/navalremo.pt\/site\/wp-content\/uploads\/2019\/03\/FPR3-768x512.jpg 768w, https:\/\/navalremo.pt\/site\/wp-content\/uploads\/2019\/03\/FPR3.jpg 1320w\" sizes=\"(max-width: 1024px) 100vw, 1024px\" \/><figcaption>Jo\u00e3o Gaspar  e Ra\u00fal Rodrigues<\/figcaption><\/figure>\n\n\n\n<ul><li>Shell de 8 com Timoneiro S\u00e9nior Masculino (8+) \u2013 3\u00aa Posi\u00e7\u00e3o para a tripula\u00e7\u00e3o constitu\u00edda pelos Atletas Pedro Muja, Leonardo Gil, Ruslan Nayavko, Bruno Marques, Daniel Mendes, Jo\u00e3o Soares, Jos\u00e9 Silva, David Martinho e o Timoneiro Daniel Silva.<\/li><\/ul>\n\n\n\n<figure class=\"wp-block-image\"><img data-attachment-id=\"825\" data-permalink=\"https:\/\/navalremo.pt\/site\/2019\/03\/05\/naval-o-melhor-clube-da-arbl-no-campeonato-nacional-de-fundo-2019\/fpr4\/\" data-orig-file=\"https:\/\/navalremo.pt\/site\/wp-content\/uploads\/2019\/03\/FPR4.jpg\" data-orig-size=\"2048,1367\" data-comments-opened=\"0\" data-image-meta=\"{&quot;aperture&quot;:&quot;0&quot;,&quot;credit&quot;:&quot;&quot;,&quot;camera&quot;:&quot;&quot;,&quot;caption&quot;:&quot;&quot;,&quot;created_timestamp&quot;:&quot;0&quot;,&quot;copyright&quot;:&quot;&quot;,&quot;focal_length&quot;:&quot;0&quot;,&quot;iso&quot;:&quot;0&quot;,&quot;shutter_speed&quot;:&quot;0&quot;,&quot;title&quot;:&quot;&quot;,&quot;orientation&quot;:&quot;0&quot;}\" data-image-title=\"FPR4\" data-image-description=\"\" data-medium-file=\"https:\/\/navalremo.pt\/site\/wp-content\/uploads\/2019\/03\/FPR4-300x200.jpg\" data-large-file=\"https:\/\/navalremo.pt\/site\/wp-content\/uploads\/2019\/03\/FPR4-1024x684.jpg\" loading=\"lazy\" width=\"1024\" height=\"684\" src=\"https:\/\/navalremo.pt\/site\/wp-content\/uploads\/2019\/03\/FPR4-1024x684.jpg\" alt=\"\" class=\"wp-image-825\" srcset=\"https:\/\/navalremo.pt\/site\/wp-content\/uploads\/2019\/03\/FPR4-1024x684.jpg 1024w, https:\/\/navalremo.pt\/site\/wp-content\/uploads\/2019\/03\/FPR4-600x400.jpg 600w, https:\/\/navalremo.pt\/site\/wp-content\/uploads\/2019\/03\/FPR4-300x200.jpg 300w, https:\/\/navalremo.pt\/site\/wp-content\/uploads\/2019\/03\/FPR4-768x513.jpg 768w, https:\/\/navalremo.pt\/site\/wp-content\/uploads\/2019\/03\/FPR4.jpg 2048w\" sizes=\"(max-width: 1024px) 100vw, 1024px\" \/><figcaption>Pedro Muja, Leonardo Gil, Ruslan Nayavko, Bruno Marques, Daniel Mendes, Jo\u00e3o Soares, Jos\u00e9 Silva, David Martinho e o Timoneiro Daniel Silva<\/figcaption><\/figure>\n\n\n\n<p>Sem acesso a lugares no p\u00f3dio, mas\nmerecedores de honroso destaque ficaram os seguintes Atletas:<\/p>\n\n\n\n<ul><li>Quadri Scull Juvenil Masculino (4x) \u2013 5\u00ba Lugar para a\ntripula\u00e7\u00e3o composta pelos Atletas Daniel Silva, Duarte Pires, Henrique Pinho e\nJo\u00e3o Oliveira;<\/li><li>Skiff Juvenil Masculino (1x) \u2013 12\u00ba Lugar para o Atleta\nJo\u00e3o Rodrigues;<\/li><li>Skiff J\u00fanior Masculino (1x) \u2013 6\u00ba Lugar para o Atleta Duarte\nOliveira;<\/li><li>Double Scull S\u00e9nior Feminino (2x) \u2013 6\u00ba Lugar para a\ntripula\u00e7\u00e3o composta pelas Atletas Patr\u00edcia Batista e Marta Ferrolho;&nbsp; <\/li><li>Shell de 8 com Timoneiro Veterano Masculino (8+) \u2013 8\u00ba\nLugar da geral (com handicaps) para a Tripula\u00e7\u00e3o composta pelos Atletas Jos\u00e9 Canhola,\nPedro Ac\u00farcio, Ant\u00f3nio Neves, M\u00e1rio Oliveira, Carlos Gil, Paulo Pelicano,\nNelson Silva, Andr\u00e9 Oliveira e a Timoneira Marta Repolho.<\/li><\/ul>\n\n\n\n<p>O N\u00facleo de Antigos Remadores da\nAssocia\u00e7\u00e3o Naval 1\u00ba de Maio congratula-se com os excelentes resultados obtidos\ne endere\u00e7a publicamente os sinceros parab\u00e9ns a este conjunto de Atletas e ao\nseu Treinador Jos\u00e9 Canhola, que contribuem de sobremaneira para elevar o nome\nda Naval e o da cidade da Figueira da Foz ao mais alto patamar do Remo Nacional.<\/p>\n","protected":false},"excerpt":{"rendered":"<p>Realizou-se no passado dia 03 de mar\u00e7o na Albufeira do Maranh\u00e3o em Avis o Campeonato Nacional de Fundo, que contou com a presen\u00e7a de Clubes de todo o pa\u00eds e mais de 1000 Atletas. Os Atletas da Naval subiram por 5 vezes ao p\u00f3dio, sendo o clube da Associa\u00e7\u00e3o de Remo da Beira Litoral, entre [&hellip;]<\/p>\n","protected":false},"author":2,"featured_media":820,"comment_status":"closed","ping_status":"open","sticky":false,"template":"","format":"standard","meta":{"spay_email":""},"categories":[4],"tags":[],"jetpack_featured_media_url":"https:\/\/navalremo.pt\/site\/wp-content\/uploads\/2019\/03\/CAPANOT.jpg","_links":{"self":[{"href":"https:\/\/navalremo.pt\/site\/wp-json\/wp\/v2\/posts\/819"}],"collection":[{"href":"https:\/\/navalremo.pt\/site\/wp-json\/wp\/v2\/posts"}],"about":[{"href":"https:\/\/navalremo.pt\/site\/wp-json\/wp\/v2\/types\/post"}],"author":[{"embeddable":true,"href":"https:\/\/navalremo.pt\/site\/wp-json\/wp\/v2\/users\/2"}],"replies":[{"embeddable":true,"href":"https:\/\/navalremo.pt\/site\/wp-json\/wp\/v2\/comments?post=819"}],"version-history":[{"count":2,"href":"https:\/\/navalremo.pt\/site\/wp-json\/wp\/v2\/posts\/819\/revisions"}],"predecessor-version":[{"id":827,"href":"https:\/\/navalremo.pt\/site\/wp-json\/wp\/v2\/posts\/819\/revisions\/827"}],"wp:featuredmedia":[{"embeddable":true,"href":"https:\/\/navalremo.pt\/site\/wp-json\/wp\/v2\/media\/820"}],"wp:attachment":[{"href":"https:\/\/navalremo.pt\/site\/wp-json\/wp\/v2\/media?parent=819"}],"wp:term":[{"taxonomy":"category","embeddable":true,"href":"https:\/\/navalremo.pt\/site\/wp-json\/wp\/v2\/categories?post=819"},{"taxonomy":"post_tag","embeddable":true,"href":"https:\/\/navalremo.pt\/site\/wp-json\/wp\/v2\/tags?post=819"}],"curies":[{"name":"wp","href":"https:\/\/api.w.org\/{rel}","templated":true}]}}