{"id":710,"date":"2018-02-14T21:09:28","date_gmt":"2018-02-14T21:09:28","guid":{"rendered":"https:\/\/navalremo.pt\/site\/?p=710"},"modified":"2018-04-28T21:14:47","modified_gmt":"2018-04-28T21:14:47","slug":"regata-internacional-de-fundo-do-centro-de-mar-em-viana-do-castelo","status":"publish","type":"post","link":"https:\/\/navalremo.pt\/site\/2018\/02\/14\/regata-internacional-de-fundo-do-centro-de-mar-em-viana-do-castelo\/","title":{"rendered":"Regata internacional de Fundo do Centro de Mar em Viana do Castelo"},"content":{"rendered":"<h4>Remadores da Naval participaram na Regata internacional de Fundo do Centro de Mar em Viana do Castelo<\/h4>\n<p>Realizou-se no passado fim de semana (10 e 11 de fevereiro) a V Regata Internacional de Fundo do Centro de Mar, em Viana do Castelo, organizada por VRL \u2013 Viana Remadores do Lima, que contou com a participa\u00e7\u00e3o de mais de 20 Clubes e aproximadamente 300 Atletas.<\/p>\n<p>Enquanto os escal\u00f5es mais jovens do Remo da Naval (Benjamins, Infantis, Iniciados e Juvenis) aproveitaram o per\u00edodo de f\u00e9rias do Carnaval para realizar um miniest\u00e1gio nas \u00e1guas calmas da pista de Remo de Montemor-o-Velho, os escal\u00f5es de Juniores, Seniores e Veteranos da Naval deslocaram-se a Viana do Castelo para participarem nos dois dias da Regata Internacional de Fundo do Centro de Mar.<\/p>\n<p>A Regata \u00e9 constitu\u00edda por uma primeira prova de sensivelmente 500 metros, que se realiza no s\u00e1bado na Marina do Centro da cidade e por uma outra prova de 6,5 Km que se realiza no domingo.<\/p>\n<p>A Associa\u00e7\u00e3o Naval 1\u00ba de Maio participou na referida Regata com uma tripula\u00e7\u00e3o de Shell de 8 com timoneiro Masculino J\u00fanior, uma tripula\u00e7\u00e3o de Shell de 8 com timoneiro Masculino S\u00e9nior (mista com Clube N\u00e1utico do Praia de Mira), uma tripula\u00e7\u00e3o de Quadri-Skull Feminino J\u00fanior (mista com Sport Clube do Porto) e uma Tripula\u00e7\u00e3o de Quadri-Skull Feminino S\u00e9nior (mista com Galitos e Sport Clube do Porto).<\/p>\n<p>Os resultados do Remo da Naval nesta Regata foram os seguintes:<\/p>\n<ul>\n<li>2\u00ba lugar para a tripula\u00e7\u00e3o do Shell de 8 com timoneiro J\u00fanior Masculino, constitu\u00edda pelos Atletas Carlos Santos\/Jo\u00e3o Gaspar\/Ruslan Nayavko\/Roman Nayavko\/David Bert\u00e3o\/Ra\u00fal Rodrigues\/Daniel Mendes\/Leonardo Gil\/Nuno Monteiro;<\/li>\n<li>4\u00ba lugar para a tripula\u00e7\u00e3o mista de Quadri-Skull J\u00fanior Feminino, constitu\u00edda pelas Atletas Catarina Norinho\/Daila Alexandre\/Ana Pinto\/Mafalda Martins;<\/li>\n<li>10\u00ba lugar para a tripula\u00e7\u00e3o do Shell de 8 com timoneiro S\u00e9nior Masculino, constitu\u00edda pelos Atletas Pedro Muja\/Jo\u00e3o Soares\/Ant\u00f3nio Neves\/Bruno Marques\/Jos\u00e9 Silva\/Jo\u00e3o Nunes\/Pedro Ac\u00farcio\/Jo\u00e3o Ver\u00edssimo\/Maria Limede;<\/li>\n<li>11\u00ba Lugar para a tripula\u00e7\u00e3o de Quadri-Skull S\u00e9nior Feminino, constitu\u00edda pelas Atletas Marta Ferrolho\/B\u00e1rbara Marques\/Maria Loura\/Benedita Bacelar.<\/li>\n<\/ul>\n<p>Embora se destaque o brilhante 2\u00ba lugar obtido pela tripula\u00e7\u00e3o de Shell de 8 com Timoneiro J\u00fanior Masculino, a menos de 1 segundo do 1\u00ba classificado, todas as restantes tripula\u00e7\u00f5es obtiveram um excelente desempenho naquela que foi a primeira prova de \u00e2mbito Internacional de fundo da \u00e9poca 2017-2018 para os escal\u00f5es de Atletas a partir de J\u00fanior inclusive. O N\u00facleo de Antigos Remadores da Associa\u00e7\u00e3o Naval 1\u00ba de Maio congratula-se com os resultados obtidos e endere\u00e7a publicamente os sinceros parab\u00e9ns a este conjunto de Atletas e ao seu Treinador Jos\u00e9 Canhola, que contribuem de sobremaneira para elevar o nome da Naval e o da cidade da Figueira da Foz ao mais alto patamar do Remo Nacional.<\/p>\n","protected":false},"excerpt":{"rendered":"<p>Remadores da Naval participaram na Regata internacional de Fundo do Centro de Mar em Viana do Castelo Realizou-se no passado fim de semana (10 e 11 de fevereiro) a V Regata Internacional de Fundo do Centro de Mar, em Viana do Castelo, organizada por VRL \u2013 Viana Remadores do Lima, que contou com a participa\u00e7\u00e3o [&hellip;]<\/p>\n","protected":false},"author":2,"featured_media":711,"comment_status":"closed","ping_status":"open","sticky":false,"template":"","format":"standard","meta":{"spay_email":""},"categories":[4,5],"tags":[],"jetpack_featured_media_url":"https:\/\/navalremo.pt\/site\/wp-content\/uploads\/2018\/04\/fim_p.jpg","_links":{"self":[{"href":"https:\/\/navalremo.pt\/site\/wp-json\/wp\/v2\/posts\/710"}],"collection":[{"href":"https:\/\/navalremo.pt\/site\/wp-json\/wp\/v2\/posts"}],"about":[{"href":"https:\/\/navalremo.pt\/site\/wp-json\/wp\/v2\/types\/post"}],"author":[{"embeddable":true,"href":"https:\/\/navalremo.pt\/site\/wp-json\/wp\/v2\/users\/2"}],"replies":[{"embeddable":true,"href":"https:\/\/navalremo.pt\/site\/wp-json\/wp\/v2\/comments?post=710"}],"version-history":[{"count":1,"href":"https:\/\/navalremo.pt\/site\/wp-json\/wp\/v2\/posts\/710\/revisions"}],"predecessor-version":[{"id":712,"href":"https:\/\/navalremo.pt\/site\/wp-json\/wp\/v2\/posts\/710\/revisions\/712"}],"wp:featuredmedia":[{"embeddable":true,"href":"https:\/\/navalremo.pt\/site\/wp-json\/wp\/v2\/media\/711"}],"wp:attachment":[{"href":"https:\/\/navalremo.pt\/site\/wp-json\/wp\/v2\/media?parent=710"}],"wp:term":[{"taxonomy":"category","embeddable":true,"href":"https:\/\/navalremo.pt\/site\/wp-json\/wp\/v2\/categories?post=710"},{"taxonomy":"post_tag","embeddable":true,"href":"https:\/\/navalremo.pt\/site\/wp-json\/wp\/v2\/tags?post=710"}],"curies":[{"name":"wp","href":"https:\/\/api.w.org\/{rel}","templated":true}]}}