{"id":706,"date":"2017-12-20T20:50:24","date_gmt":"2017-12-20T20:50:24","guid":{"rendered":"https:\/\/navalremo.pt\/site\/?p=706"},"modified":"2018-04-28T21:01:06","modified_gmt":"2018-04-28T21:01:06","slug":"naval-participou-nas-regatas-de-remo-em-sevilha","status":"publish","type":"post","link":"https:\/\/navalremo.pt\/site\/2017\/12\/20\/naval-participou-nas-regatas-de-remo-em-sevilha\/","title":{"rendered":"Naval participou nas Regatas de Remo em Sevilha"},"content":{"rendered":"<p>No passado fim-de-semana, a nata dos clubes de remo ib\u00e9rico reuniu-se em Sevilha para o <em>\u201cXII Abierto da Andalucia\u201d<\/em>.<\/p>\n<p>A Associa\u00e7\u00e3o Naval 1\u00ba Maio participou pela primeira vez com uma comitiva de 13 atletas, juntando-se a mais 8 clubes nacionais e a 18 clubes espanh\u00f3is, num total de 26 clubes participantes<\/p>\n<p>No escal\u00e3o juvenil feminino, o resultado de destaque vai para o Quadri-scull na 8\u00ba posi\u00e7\u00e3o, o Shell de dois sem timoneiro em 19\u00ba, o Double-scull em 25\u00ba e os Skiffs em 25\u00ba e 38\u00ba lugar.<\/p>\n<p>No escal\u00e3o de s\u00e9nior feminina, destaca-se o 9\u00ba no Quadri-scull, 13\u00ba para o Shell de dois sem timoneiro, 14\u00ba no Double-scull e 32\u00ba no Skiff.<\/p>\n<p>Os atletas juniores masculinos que constitu\u00edram a maioria dos Atletas da Naval alcan\u00e7aram a 5\u00aa, 19\u00aa e 20\u00aa posi\u00e7\u00e3o no Quadri-scull, 7\u00ba lugar no Shell de 8 com timoneiro, 21\u00ba no Shell de dois sem timoneiro, 16\u00ba, 32\u00ba e 38\u00ba no Double-scull, enquanto que no Skiff registou-se o 24\u00ba, 37\u00ba e 49\u00ba lugar.<\/p>\n<p>Desta forma, a Associa\u00e7\u00e3o Naval 1\u00ba Maio classificou-se numa honrosa 16\u00aa posi\u00e7\u00e3o da geral de clubes, sendo o 5\u00ba dos clubes portugueses.<\/p>\n<p>Esta Regata faz parte do plano tra\u00e7ado ao n\u00edvel do Remo de competi\u00e7\u00e3o da Naval, sendo de sublinhar que foram tr\u00eas dias intensos e plenos de atividade e eventos, onde cada Atleta teve a oportunidade de participar em diversas Regatas e onde a partilha de conhecimentos e experi\u00eancias \u00e9 parte integrante e essencial da forma\u00e7\u00e3o e do crescimento dos nossos Atletas sob o ponto de vista t\u00e9cnico, f\u00edsico, ps\u00edquico e social.<\/p>\n<p>Merece igual destaque as boas e salutares rela\u00e7\u00f5es que o Remo da Naval, nomeadamente a Dire\u00e7\u00e3o do N\u00facleo de Antigos Remadores da Associa\u00e7\u00e3o Naval 1\u00ba de Maio, o seu Corpo T\u00e9cnico e os seus Atletas det\u00eam com os restantes clubes nacionais e no reconhecimento destes sobre o trabalho que tem vindo a ser desenvolvido pelo emblema Figueirense da Naval, proporcionando a cria\u00e7\u00e3o de tripula\u00e7\u00f5es mistas e mais oportunidades de competi\u00e7\u00e3o.<\/p>\n","protected":false},"excerpt":{"rendered":"<p>No passado fim-de-semana, a nata dos clubes de remo ib\u00e9rico reuniu-se em Sevilha para o \u201cXII Abierto da Andalucia\u201d. A Associa\u00e7\u00e3o Naval 1\u00ba Maio participou pela primeira vez com uma comitiva de 13 atletas, juntando-se a mais 8 clubes nacionais e a 18 clubes espanh\u00f3is, num total de 26 clubes participantes No escal\u00e3o juvenil feminino, [&hellip;]<\/p>\n","protected":false},"author":2,"featured_media":0,"comment_status":"closed","ping_status":"open","sticky":false,"template":"","format":"standard","meta":{"spay_email":""},"categories":[4,5],"tags":[],"jetpack_featured_media_url":"","_links":{"self":[{"href":"https:\/\/navalremo.pt\/site\/wp-json\/wp\/v2\/posts\/706"}],"collection":[{"href":"https:\/\/navalremo.pt\/site\/wp-json\/wp\/v2\/posts"}],"about":[{"href":"https:\/\/navalremo.pt\/site\/wp-json\/wp\/v2\/types\/post"}],"author":[{"embeddable":true,"href":"https:\/\/navalremo.pt\/site\/wp-json\/wp\/v2\/users\/2"}],"replies":[{"embeddable":true,"href":"https:\/\/navalremo.pt\/site\/wp-json\/wp\/v2\/comments?post=706"}],"version-history":[{"count":1,"href":"https:\/\/navalremo.pt\/site\/wp-json\/wp\/v2\/posts\/706\/revisions"}],"predecessor-version":[{"id":707,"href":"https:\/\/navalremo.pt\/site\/wp-json\/wp\/v2\/posts\/706\/revisions\/707"}],"wp:attachment":[{"href":"https:\/\/navalremo.pt\/site\/wp-json\/wp\/v2\/media?parent=706"}],"wp:term":[{"taxonomy":"category","embeddable":true,"href":"https:\/\/navalremo.pt\/site\/wp-json\/wp\/v2\/categories?post=706"},{"taxonomy":"post_tag","embeddable":true,"href":"https:\/\/navalremo.pt\/site\/wp-json\/wp\/v2\/tags?post=706"}],"curies":[{"name":"wp","href":"https:\/\/api.w.org\/{rel}","templated":true}]}}