{"id":691,"date":"2018-01-17T21:26:53","date_gmt":"2018-01-17T21:26:53","guid":{"rendered":"https:\/\/navalremo.pt\/site\/?p=691"},"modified":"2018-04-25T21:30:25","modified_gmt":"2018-04-25T21:30:25","slug":"3a-regata-arbl","status":"publish","type":"post","link":"https:\/\/navalremo.pt\/site\/2018\/01\/17\/3a-regata-arbl\/","title":{"rendered":"3\u00aa Regata ARBL"},"content":{"rendered":"<h3>Remo da Naval participou na 3\u00aa Regata da Associa\u00e7\u00e3o de Remo da Beira Litoral (ARBL)<\/h3>\n<p>A Naval participou na 3\u00aa prova do Torneio 1\u00aas Remadas e Circuito Remo Jovem e Adaptado 2017\/18, que se realizou a 14 de janeiro nas instala\u00e7\u00f5es do Gin\u00e1sio na Figueira da Foz.<br \/>\nEsta 3\u00aa prova \u00e9 um duatlo onde os atletas efetuam uma primeira prova em erg\u00f3metro e de seguida correm mais uma dist\u00e2ncia consoante o seu escal\u00e3o.<br \/>\nNesta prova participaram 7 clubes e mais de 160 Atletas.<br \/>\nA Naval continua a obter excelentes resultados nos v\u00e1rios escal\u00f5es em competi\u00e7\u00e3o, nomeadamente:<br \/>\n\u2022 Torneio 1\u00aas Remadas:<br \/>\no Benjamins Masculinos \u2013 1\u00ba Lugar para Alexandre Canhola;<br \/>\no Infantis Masculinos \u2013 1\u00ba Lugar para Dinis Lagem e 5\u00ba Lugar para Daniel Alexandre;<br \/>\no Iniciados Femininos \u2013 3\u00ba Lugar para Mariana Monteiro;<br \/>\no Iniciados Masculinos \u2013 3\u00ba Lugar para Duarte Pires, 5\u00ba lugar para Jo\u00e3o Oliveira (1\u00aa prova realizada), 8\u00ba Lugar para Diogo Jord\u00e3o e 11\u00ba Lugar para Joaquim Martins (1\u00aa prova realizada);<br \/>\no J\u00fanior Feminino \u2013 1\u00ba Lugar para Ana Catarina.<br \/>\n\u2022 Remo Jovem:<br \/>\no Infantil Masculino \u2013 6\u00ba Lugar para Rodrigo Verdete;<br \/>\no Iniciado Masculino \u2013 8\u00ba Lugar para Daniel Silva.<br \/>\nParab\u00e9ns ao Corpo T\u00e9cnico da Naval e aos seus Atletas, com votos de continua\u00e7\u00e3o do bom trabalho que t\u00eam feito at\u00e9 aqui.<\/p>\n","protected":false},"excerpt":{"rendered":"<p>Remo da Naval participou na 3\u00aa Regata da Associa\u00e7\u00e3o de Remo da Beira Litoral (ARBL) A Naval participou na 3\u00aa prova do Torneio 1\u00aas Remadas e Circuito Remo Jovem e Adaptado 2017\/18, que se realizou a 14 de janeiro nas instala\u00e7\u00f5es do Gin\u00e1sio na Figueira da Foz. Esta 3\u00aa prova \u00e9 um duatlo onde os [&hellip;]<\/p>\n","protected":false},"author":2,"featured_media":692,"comment_status":"closed","ping_status":"open","sticky":false,"template":"","format":"standard","meta":{"spay_email":""},"categories":[4,5],"tags":[],"jetpack_featured_media_url":"https:\/\/navalremo.pt\/site\/wp-content\/uploads\/2018\/04\/3.jpg","_links":{"self":[{"href":"https:\/\/navalremo.pt\/site\/wp-json\/wp\/v2\/posts\/691"}],"collection":[{"href":"https:\/\/navalremo.pt\/site\/wp-json\/wp\/v2\/posts"}],"about":[{"href":"https:\/\/navalremo.pt\/site\/wp-json\/wp\/v2\/types\/post"}],"author":[{"embeddable":true,"href":"https:\/\/navalremo.pt\/site\/wp-json\/wp\/v2\/users\/2"}],"replies":[{"embeddable":true,"href":"https:\/\/navalremo.pt\/site\/wp-json\/wp\/v2\/comments?post=691"}],"version-history":[{"count":1,"href":"https:\/\/navalremo.pt\/site\/wp-json\/wp\/v2\/posts\/691\/revisions"}],"predecessor-version":[{"id":693,"href":"https:\/\/navalremo.pt\/site\/wp-json\/wp\/v2\/posts\/691\/revisions\/693"}],"wp:featuredmedia":[{"embeddable":true,"href":"https:\/\/navalremo.pt\/site\/wp-json\/wp\/v2\/media\/692"}],"wp:attachment":[{"href":"https:\/\/navalremo.pt\/site\/wp-json\/wp\/v2\/media?parent=691"}],"wp:term":[{"taxonomy":"category","embeddable":true,"href":"https:\/\/navalremo.pt\/site\/wp-json\/wp\/v2\/categories?post=691"},{"taxonomy":"post_tag","embeddable":true,"href":"https:\/\/navalremo.pt\/site\/wp-json\/wp\/v2\/tags?post=691"}],"curies":[{"name":"wp","href":"https:\/\/api.w.org\/{rel}","templated":true}]}}