{"id":686,"date":"2017-11-27T21:00:29","date_gmt":"2017-11-27T21:00:29","guid":{"rendered":"https:\/\/navalremo.pt\/site\/?p=686"},"modified":"2018-04-25T21:01:24","modified_gmt":"2018-04-25T21:01:24","slug":"2a-regata-arbl","status":"publish","type":"post","link":"https:\/\/navalremo.pt\/site\/2017\/11\/27\/2a-regata-arbl\/","title":{"rendered":"2\u00aa Regata ARBL"},"content":{"rendered":"<p><strong>Remo da Naval participou na 2\u00aa Regata da Associa\u00e7\u00e3o de Remo da Beira Litoral (ARBL)<\/strong><\/p>\n<p>A Naval participou na 2\u00aa Regata das 1\u00aas Remadas e na 1\u00aa Regata do Remo Jovem 2017 \/ 2018, que se realizou a 25 de novembro em Cacia.<\/p>\n<p>A primeira parte desta Regata deu continuidade \u00e0 1\u00aa Regata da ARBL que se realizou no passado dia 28 de outubro na Figueira da Foz, organizada pelo N\u00facleo de Antigos Remadores da Associa\u00e7\u00e3o Naval 1\u00ba de Maio, mas que foi interrompida em virtude das condi\u00e7\u00f5es meteorol\u00f3gicas adversas.<\/p>\n<p>Nesta prova participaram 7 clubes e remaram mais de 150 Atletas.<\/p>\n<p>A Naval continua a obter excelentes resultados nos v\u00e1rios escal\u00f5es em competi\u00e7\u00e3o, nomeadamente:<\/p>\n<ul>\n<li>Torneio 1\u00aas Remadas:\n<ul>\n<li>Benjamins Masculinos \u2013 1\u00ba Lugar para Alexandre Canhola e 2\u00ba Lugar para Ant\u00f3nio Biscaia;<\/li>\n<li>Infantis Masculinos \u2013 3\u00ba Lugar para Dinis Lagem e 6\u00ba Lugar para Daniel Alexandre;<\/li>\n<li>Iniciados Femininos \u2013 1\u00ba Lugar para Mariana Monteiro;<\/li>\n<li>Iniciados Masculinos \u2013 11\u00ba Lugar para Diogo Jord\u00e3o e 13\u00ba Lugar para Duarte Pires;<\/li>\n<li>J\u00fanior Feminino \u2013 1\u00ba Lugar para Ana Catarina na Regata tipo Slalom e outro 1\u00ba Lugar na 2\u00aa Regata do dia para o seu escal\u00e3o.<\/li>\n<\/ul>\n<\/li>\n<li>Remo Jovem:\n<ul>\n<li>Infantil Masculino \u2013 3\u00ba Lugar para Rodrigo Verdete;<\/li>\n<li>Iniciado Masculino \u2013 2\u00ba Lugar para Henrique Pinho, 5\u00ba Lugar para Kyle Albuquerque, 8\u00ba Lugar para Afonso Santos e 14\u00ba Lugar para Daniel Silva;<\/li>\n<li>Juvenil Feminino \u2013 7\u00ba Lugar para Beatriz Oliveira; 8\u00ba Lugar para Sofia Silva e 11\u00ba Lugar para Diana Pedrosa.<\/li>\n<\/ul>\n<\/li>\n<\/ul>\n<p>&nbsp;<\/p>\n<p>Parab\u00e9ns ao Corpo T\u00e9cnico da Naval e aos seus Atletas, com votos de continua\u00e7\u00e3o do bom trabalho que t\u00eam feito at\u00e9 aqui.<\/p>\n","protected":false},"excerpt":{"rendered":"<p>Remo da Naval participou na 2\u00aa Regata da Associa\u00e7\u00e3o de Remo da Beira Litoral (ARBL) A Naval participou na 2\u00aa Regata das 1\u00aas Remadas e na 1\u00aa Regata do Remo Jovem 2017 \/ 2018, que se realizou a 25 de novembro em Cacia. A primeira parte desta Regata deu continuidade \u00e0 1\u00aa Regata da ARBL [&hellip;]<\/p>\n","protected":false},"author":2,"featured_media":0,"comment_status":"closed","ping_status":"open","sticky":false,"template":"","format":"standard","meta":{"spay_email":""},"categories":[4,5],"tags":[],"jetpack_featured_media_url":"","_links":{"self":[{"href":"https:\/\/navalremo.pt\/site\/wp-json\/wp\/v2\/posts\/686"}],"collection":[{"href":"https:\/\/navalremo.pt\/site\/wp-json\/wp\/v2\/posts"}],"about":[{"href":"https:\/\/navalremo.pt\/site\/wp-json\/wp\/v2\/types\/post"}],"author":[{"embeddable":true,"href":"https:\/\/navalremo.pt\/site\/wp-json\/wp\/v2\/users\/2"}],"replies":[{"embeddable":true,"href":"https:\/\/navalremo.pt\/site\/wp-json\/wp\/v2\/comments?post=686"}],"version-history":[{"count":1,"href":"https:\/\/navalremo.pt\/site\/wp-json\/wp\/v2\/posts\/686\/revisions"}],"predecessor-version":[{"id":687,"href":"https:\/\/navalremo.pt\/site\/wp-json\/wp\/v2\/posts\/686\/revisions\/687"}],"wp:attachment":[{"href":"https:\/\/navalremo.pt\/site\/wp-json\/wp\/v2\/media?parent=686"}],"wp:term":[{"taxonomy":"category","embeddable":true,"href":"https:\/\/navalremo.pt\/site\/wp-json\/wp\/v2\/categories?post=686"},{"taxonomy":"post_tag","embeddable":true,"href":"https:\/\/navalremo.pt\/site\/wp-json\/wp\/v2\/tags?post=686"}],"curies":[{"name":"wp","href":"https:\/\/api.w.org\/{rel}","templated":true}]}}