{"id":682,"date":"2017-11-23T21:18:51","date_gmt":"2017-11-23T21:18:51","guid":{"rendered":"https:\/\/navalremo.pt\/site\/?p=682"},"modified":"2018-04-23T21:20:43","modified_gmt":"2018-04-23T21:20:43","slug":"regata-head-of-the-douro","status":"publish","type":"post","link":"https:\/\/navalremo.pt\/site\/2017\/11\/23\/regata-head-of-the-douro\/","title":{"rendered":"Regata \u201cHead of the Douro\u201d"},"content":{"rendered":"<h3>Remo da Naval participou na Regata \u201cHead of the Douro\u201d<\/h3>\n<p>A Naval participou na 4\u00aa edi\u00e7\u00e3o da Regata \u201cHead of the Douro\u201d, que se realizou no passado dia 2118 de novembro e que, tal como o nome indica, tem lugar no Rio Douro entre Gondomar e Vila Nova de Gaia. Nesta Regata de 6 Quil\u00f3metros participam tripula\u00e7\u00f5es de Shell de 8 com timoneiro em Absolutos Masculinos e de Quadri-Scull em Absolutos Femininos, sendo o pr\u00e9mio da tripula\u00e7\u00e3o vencedora a participa\u00e7\u00e3o numa regata fora de Portugal e que este ano ser\u00e1 na Regata Internacional Ta\u00e7a Heineken na Holanda.<br \/>\nA Associa\u00e7\u00e3o Naval 1\u00ba de Maio participou em quatro tripula\u00e7\u00f5es, obtendo os seguintes resultados:<br \/>\n\u2022 O Quadri-Scull Absoluto Feminino veio em terceiro at\u00e9 metade da regata, no entanto algum desconhecimento do trajeto afastaram a tripula\u00e7\u00e3o da Naval do melhor rumo, tendo terminado na 5\u00aa posi\u00e7\u00e3o;<br \/>\n\u2022 A tripula\u00e7\u00e3o de Shell de 8 J\u00fanior ficou em 8\u00ba lugar, sendo a primeira tripula\u00e7\u00e3o na categoria de J\u00fanior;<br \/>\n\u2022 Das duas tripula\u00e7\u00f5es mistas de Shell de 8 Absolutos, uma delas, que contou com atletas da Naval, do Clube Galitos e do Clube Praia de Mira, ficou em 9\u00ba lugar e a outra, com atletas da Naval e do Clube Galitos, ficou na 11\u00aa posi\u00e7\u00e3o.<br \/>\nEsta foi a primeira regata da \u00e9poca para as categorias acima de J\u00fanior, sublinhando-se os bons resultados obtidos mas acima de tudo a oportunidade de competi\u00e7\u00e3o proporcionada aos Atletas Figueirenses da Naval.<br \/>\nParab\u00e9ns ao Corpo T\u00e9cnico da Naval e aos seus Atletas, com votos de continua\u00e7\u00e3o do bom trabalho que t\u00eam feito at\u00e9 aqui.<\/p>\n","protected":false},"excerpt":{"rendered":"<p>Remo da Naval participou na Regata \u201cHead of the Douro\u201d A Naval participou na 4\u00aa edi\u00e7\u00e3o da Regata \u201cHead of the Douro\u201d, que se realizou no passado dia 2118 de novembro e que, tal como o nome indica, tem lugar no Rio Douro entre Gondomar e Vila Nova de Gaia. Nesta Regata de 6 Quil\u00f3metros [&hellip;]<\/p>\n","protected":false},"author":2,"featured_media":683,"comment_status":"closed","ping_status":"open","sticky":false,"template":"","format":"standard","meta":{"spay_email":""},"categories":[4],"tags":[],"jetpack_featured_media_url":"https:\/\/navalremo.pt\/site\/wp-content\/uploads\/2018\/04\/head.jpg","_links":{"self":[{"href":"https:\/\/navalremo.pt\/site\/wp-json\/wp\/v2\/posts\/682"}],"collection":[{"href":"https:\/\/navalremo.pt\/site\/wp-json\/wp\/v2\/posts"}],"about":[{"href":"https:\/\/navalremo.pt\/site\/wp-json\/wp\/v2\/types\/post"}],"author":[{"embeddable":true,"href":"https:\/\/navalremo.pt\/site\/wp-json\/wp\/v2\/users\/2"}],"replies":[{"embeddable":true,"href":"https:\/\/navalremo.pt\/site\/wp-json\/wp\/v2\/comments?post=682"}],"version-history":[{"count":1,"href":"https:\/\/navalremo.pt\/site\/wp-json\/wp\/v2\/posts\/682\/revisions"}],"predecessor-version":[{"id":684,"href":"https:\/\/navalremo.pt\/site\/wp-json\/wp\/v2\/posts\/682\/revisions\/684"}],"wp:featuredmedia":[{"embeddable":true,"href":"https:\/\/navalremo.pt\/site\/wp-json\/wp\/v2\/media\/683"}],"wp:attachment":[{"href":"https:\/\/navalremo.pt\/site\/wp-json\/wp\/v2\/media?parent=682"}],"wp:term":[{"taxonomy":"category","embeddable":true,"href":"https:\/\/navalremo.pt\/site\/wp-json\/wp\/v2\/categories?post=682"},{"taxonomy":"post_tag","embeddable":true,"href":"https:\/\/navalremo.pt\/site\/wp-json\/wp\/v2\/tags?post=682"}],"curies":[{"name":"wp","href":"https:\/\/api.w.org\/{rel}","templated":true}]}}