{"id":669,"date":"2017-10-07T20:28:55","date_gmt":"2017-10-07T20:28:55","guid":{"rendered":"https:\/\/navalremo.pt\/site\/?p=669"},"modified":"2018-04-23T20:35:14","modified_gmt":"2018-04-23T20:35:14","slug":"convivio-do-remo-da-naval","status":"publish","type":"post","link":"https:\/\/navalremo.pt\/site\/2017\/10\/07\/convivio-do-remo-da-naval\/","title":{"rendered":"Conv\u00edvio do Remo da Naval"},"content":{"rendered":"<p>Dando continuidade a um conjunto de iniciativas que o N\u00facleo de Antigos Remadores da Associa\u00e7\u00e3o Naval 1\u00ba de Maio se comprometeu, dedic\u00e1mos o dia 05 de outubro para mais um conv\u00edvio de remadores da Associa\u00e7\u00e3o Naval 1\u00ba de Maio.<\/p>\n<p>Foram v\u00e1rias as gera\u00e7\u00f5es que tiveram oportunidade de se reunir e partilhar alguns bons momentos, sendo patente o que os une\u2026 \u00a0a paix\u00e3o pelo Remo e o respeito por uma institui\u00e7\u00e3o secular a Associa\u00e7\u00e3o Naval 1\u00ba de Maio. Ali\u00e1s o Respeito \u00e9 algo que gostar\u00edamos de sublinhar enquanto pedra basilar que nos deve orientar enquanto pessoas ou institui\u00e7\u00f5es.<\/p>\n<p><img data-attachment-id=\"670\" data-permalink=\"https:\/\/navalremo.pt\/site\/2017\/10\/07\/convivio-do-remo-da-naval\/conv_0\/\" data-orig-file=\"https:\/\/navalremo.pt\/site\/wp-content\/uploads\/2018\/04\/conv_0.jpg\" data-orig-size=\"802,485\" data-comments-opened=\"0\" data-image-meta=\"{&quot;aperture&quot;:&quot;0&quot;,&quot;credit&quot;:&quot;&quot;,&quot;camera&quot;:&quot;&quot;,&quot;caption&quot;:&quot;&quot;,&quot;created_timestamp&quot;:&quot;0&quot;,&quot;copyright&quot;:&quot;&quot;,&quot;focal_length&quot;:&quot;0&quot;,&quot;iso&quot;:&quot;0&quot;,&quot;shutter_speed&quot;:&quot;0&quot;,&quot;title&quot;:&quot;&quot;,&quot;orientation&quot;:&quot;0&quot;}\" data-image-title=\"conv_0\" data-image-description=\"\" data-medium-file=\"https:\/\/navalremo.pt\/site\/wp-content\/uploads\/2018\/04\/conv_0-300x181.jpg\" data-large-file=\"https:\/\/navalremo.pt\/site\/wp-content\/uploads\/2018\/04\/conv_0.jpg\" loading=\"lazy\" class=\"size-medium wp-image-670 alignright\" src=\"https:\/\/navalremo.pt\/site\/wp-content\/uploads\/2018\/04\/conv_0-300x181.jpg\" alt=\"\" width=\"300\" height=\"181\" srcset=\"https:\/\/navalremo.pt\/site\/wp-content\/uploads\/2018\/04\/conv_0-300x181.jpg 300w, https:\/\/navalremo.pt\/site\/wp-content\/uploads\/2018\/04\/conv_0-600x363.jpg 600w, https:\/\/navalremo.pt\/site\/wp-content\/uploads\/2018\/04\/conv_0-768x464.jpg 768w, https:\/\/navalremo.pt\/site\/wp-content\/uploads\/2018\/04\/conv_0.jpg 802w\" sizes=\"(max-width: 300px) 100vw, 300px\" \/><\/p>\n<p>Respeito pelos atletas \u2026 novos, rec\u00e9m-chegados, mais antigos e antigos remadores, respeito pelo corpo t\u00e9cnico de elevada reputa\u00e7\u00e3o, respeito pelo material e equipamentos de treino, adquiridos com enorme esfor\u00e7o e dedica\u00e7\u00e3o de todos, respeito pelas nossas tradi\u00e7\u00f5es, respeito por aqueles que suaram a camisola da Associa\u00e7\u00e3o Naval 1\u00ba de Maio muito antes de termos nascido, respeito por uma Institui\u00e7\u00e3o que tem um nome \u2026 Associa\u00e7\u00e3o Naval 1\u00ba de Maio.<\/p>\n<p>E \u00e9 com respeito, seriedade e humildade que se assinala o in\u00edcio de mais uma \u00e9poca de Remo 2017-2018 partilhando este momento com antigos e atuais atletas deste clube, mas tamb\u00e9m com os amigos, familiares e simpatizante do Remo da Naval.<\/p>\n<p><img data-attachment-id=\"671\" data-permalink=\"https:\/\/navalremo.pt\/site\/2017\/10\/07\/convivio-do-remo-da-naval\/conv_1\/\" data-orig-file=\"https:\/\/navalremo.pt\/site\/wp-content\/uploads\/2018\/04\/conv_1.jpg\" data-orig-size=\"832,306\" data-comments-opened=\"0\" data-image-meta=\"{&quot;aperture&quot;:&quot;0&quot;,&quot;credit&quot;:&quot;&quot;,&quot;camera&quot;:&quot;&quot;,&quot;caption&quot;:&quot;&quot;,&quot;created_timestamp&quot;:&quot;0&quot;,&quot;copyright&quot;:&quot;&quot;,&quot;focal_length&quot;:&quot;0&quot;,&quot;iso&quot;:&quot;0&quot;,&quot;shutter_speed&quot;:&quot;0&quot;,&quot;title&quot;:&quot;&quot;,&quot;orientation&quot;:&quot;0&quot;}\" data-image-title=\"conv_1\" data-image-description=\"\" data-medium-file=\"https:\/\/navalremo.pt\/site\/wp-content\/uploads\/2018\/04\/conv_1-300x110.jpg\" data-large-file=\"https:\/\/navalremo.pt\/site\/wp-content\/uploads\/2018\/04\/conv_1.jpg\" loading=\"lazy\" class=\"wp-image-671 alignright\" src=\"https:\/\/navalremo.pt\/site\/wp-content\/uploads\/2018\/04\/conv_1-300x110.jpg\" alt=\"\" width=\"401\" height=\"147\" srcset=\"https:\/\/navalremo.pt\/site\/wp-content\/uploads\/2018\/04\/conv_1-300x110.jpg 300w, https:\/\/navalremo.pt\/site\/wp-content\/uploads\/2018\/04\/conv_1-600x221.jpg 600w, https:\/\/navalremo.pt\/site\/wp-content\/uploads\/2018\/04\/conv_1-768x282.jpg 768w, https:\/\/navalremo.pt\/site\/wp-content\/uploads\/2018\/04\/conv_1.jpg 832w\" sizes=\"(max-width: 401px) 100vw, 401px\" \/><\/p>\n<p>Neste \u00e2mbito gostar\u00edamos de referir que o N\u00facleo de Antigos Remadores foi a solu\u00e7\u00e3o encontrada em tempo \u00fatil para viabilizar a pr\u00e1tica da modalidade do Remo na Associa\u00e7\u00e3o Naval 1\u00ba Maio, e \u00e9 sobre este nome (Associa\u00e7\u00e3o Naval 1\u00ba de Maio) e envergando esta camisola que iremos Remar esta \u00e9poca e todas aquelas que forem poss\u00edveis.<\/p>\n<p><img data-attachment-id=\"672\" data-permalink=\"https:\/\/navalremo.pt\/site\/2017\/10\/07\/convivio-do-remo-da-naval\/conv_2\/\" data-orig-file=\"https:\/\/navalremo.pt\/site\/wp-content\/uploads\/2018\/04\/conv_2.jpg\" data-orig-size=\"839,504\" data-comments-opened=\"0\" data-image-meta=\"{&quot;aperture&quot;:&quot;0&quot;,&quot;credit&quot;:&quot;&quot;,&quot;camera&quot;:&quot;&quot;,&quot;caption&quot;:&quot;&quot;,&quot;created_timestamp&quot;:&quot;0&quot;,&quot;copyright&quot;:&quot;&quot;,&quot;focal_length&quot;:&quot;0&quot;,&quot;iso&quot;:&quot;0&quot;,&quot;shutter_speed&quot;:&quot;0&quot;,&quot;title&quot;:&quot;&quot;,&quot;orientation&quot;:&quot;0&quot;}\" data-image-title=\"conv_2\" data-image-description=\"\" data-medium-file=\"https:\/\/navalremo.pt\/site\/wp-content\/uploads\/2018\/04\/conv_2-300x180.jpg\" data-large-file=\"https:\/\/navalremo.pt\/site\/wp-content\/uploads\/2018\/04\/conv_2.jpg\" loading=\"lazy\" class=\"size-medium wp-image-672 alignleft\" src=\"https:\/\/navalremo.pt\/site\/wp-content\/uploads\/2018\/04\/conv_2-300x180.jpg\" alt=\"\" width=\"300\" height=\"180\" srcset=\"https:\/\/navalremo.pt\/site\/wp-content\/uploads\/2018\/04\/conv_2-300x180.jpg 300w, https:\/\/navalremo.pt\/site\/wp-content\/uploads\/2018\/04\/conv_2-600x360.jpg 600w, https:\/\/navalremo.pt\/site\/wp-content\/uploads\/2018\/04\/conv_2-768x461.jpg 768w, https:\/\/navalremo.pt\/site\/wp-content\/uploads\/2018\/04\/conv_2.jpg 839w\" sizes=\"(max-width: 300px) 100vw, 300px\" \/><\/p>\n<p>A Associa\u00e7\u00e3o Naval 1\u00ba de Maio fundada em 1893, iniciou a sua atividade com o Remo e mesmo sabendo que ao longo de v\u00e1rios anos esta modalidade n\u00e3o foi a preferida e foi esquecida ou mesmo prejudicada perante outras\u2026 n\u00e3o nos afastamos da nossa origem porque a honra de representar esta Institui\u00e7\u00e3o \u00e9 porventura maior que todas as individualidades, personalidades ou protagonistas do momento.<\/p>\n<p>O Remo da Naval afasta-se assim de algumas not\u00edcias que t\u00eam vindo a p\u00fablico recentemente, afirmando-se de forma construtiva, como sempre, inscrevendo esta \u00e9poca um vasto conjunto de atletas, treinadores e delegados como Associa\u00e7\u00e3o Naval 1\u00ba de Maio, esperando que os desafios desta \u00e9poca sejam superiormente ultrapassados como \u00e9, por certo, a vontade e motiva\u00e7\u00e3o de todos.<\/p>\n<p>Neste esp\u00edrito, o N\u00facleo de Antigos Remadores da Associa\u00e7\u00e3o Naval 1\u00ba de Maio lan\u00e7a hoje uma iniciativa que se inscreve nas comemora\u00e7\u00f5es do 125\u00ba (cent\u00e9simo vig\u00e9simo quinto) anivers\u00e1rio da Associa\u00e7\u00e3o Naval 1\u00ba de Maio que ocorrer\u00e1 no dia 01 de maio de 2018. Esta iniciativa \u00e9 apenas a primeira de muitas e tal como a grandeza do n\u00famero (125 anos) identificamos um desafio igualmente ambicioso, mas que estamos certos ir\u00e1 fazer jus aos pergaminhos deste clube:<\/p>\n<ul>\n<li>Pretende-se angariar at\u00e9 ao dia 01 de maio de 2018 um montante de 30.000\u20ac, que tem em vista a aquisi\u00e7\u00e3o de diversos equipamentos desportivos onde se inserem barcos e outros, que ser\u00e3o inaugurados nesse dia.<\/li>\n<\/ul>\n<p>O 125\u00ba Anivers\u00e1rio da Associa\u00e7\u00e3o Naval 1\u00ba de Maio ficar\u00e1 assim assinalado pela inaugura\u00e7\u00e3o de um conjunto de equipamentos, que ser\u00e3o adquiridos \u00e0 medida que o objetivo financeiro seja concretizado, atrav\u00e9s da venda de senhas que est\u00e3o dispon\u00edveis junto do Posto N\u00e1utico da Naval, dos seus atletas e de todos aqueles que se associarem a esta iniciativa. Estamos conscientes que o objetivo s\u00f3 ser\u00e1 alcan\u00e7\u00e1vel atrav\u00e9s de uma campanha massiva de recolha de fundos, contando com o aux\u00edlio de todos para esta tarefa, que se pretende seja eficaz e prof\u00edcua.<\/p>\n<p>Ao apoiar estamos a contribuir para uma causa Maior \u2026 o Remo da Naval.<\/p>\n<p>Para al\u00e9m desta atividade de recolha de fundos que hoje se inicia o N\u00facleo de Antigos Remadores da Associa\u00e7\u00e3o Naval 1\u00ba de Maio apela a todos os familiares, amigos e simpatizantes que reservem nas respetivas agendas o dia 26 de novembro para assistirem \u00e0 III Gala de Remo da Naval que ter\u00e1 lugar no Centro de Artes e Espet\u00e1culos pelas 16:00 Horas\u2026 os bilhetes ser\u00e3o disponibilizados brevemente.<\/p>\n<p>Por fim, uma palavra de agradecimento a todos os atletas, familiares, amigos e simpatizantes que optaram por partilhar esta agrad\u00e1vel tarde com o Remo da Naval. Contamos promover mais destes encontros a breve prazo.<\/p>\n<p>Obrigado e bem hajam.<\/p>\n<p>Viva a Naval!<\/p>\n","protected":false},"excerpt":{"rendered":"<p>Dando continuidade a um conjunto de iniciativas que o N\u00facleo de Antigos Remadores da Associa\u00e7\u00e3o Naval 1\u00ba de Maio se comprometeu, dedic\u00e1mos o dia 05 de outubro para mais um conv\u00edvio de remadores da Associa\u00e7\u00e3o Naval 1\u00ba de Maio. Foram v\u00e1rias as gera\u00e7\u00f5es que tiveram oportunidade de se reunir e partilhar alguns bons momentos, sendo [&hellip;]<\/p>\n","protected":false},"author":2,"featured_media":670,"comment_status":"closed","ping_status":"open","sticky":false,"template":"","format":"standard","meta":{"spay_email":""},"categories":[4],"tags":[],"jetpack_featured_media_url":"https:\/\/navalremo.pt\/site\/wp-content\/uploads\/2018\/04\/conv_0.jpg","_links":{"self":[{"href":"https:\/\/navalremo.pt\/site\/wp-json\/wp\/v2\/posts\/669"}],"collection":[{"href":"https:\/\/navalremo.pt\/site\/wp-json\/wp\/v2\/posts"}],"about":[{"href":"https:\/\/navalremo.pt\/site\/wp-json\/wp\/v2\/types\/post"}],"author":[{"embeddable":true,"href":"https:\/\/navalremo.pt\/site\/wp-json\/wp\/v2\/users\/2"}],"replies":[{"embeddable":true,"href":"https:\/\/navalremo.pt\/site\/wp-json\/wp\/v2\/comments?post=669"}],"version-history":[{"count":1,"href":"https:\/\/navalremo.pt\/site\/wp-json\/wp\/v2\/posts\/669\/revisions"}],"predecessor-version":[{"id":673,"href":"https:\/\/navalremo.pt\/site\/wp-json\/wp\/v2\/posts\/669\/revisions\/673"}],"wp:featuredmedia":[{"embeddable":true,"href":"https:\/\/navalremo.pt\/site\/wp-json\/wp\/v2\/media\/670"}],"wp:attachment":[{"href":"https:\/\/navalremo.pt\/site\/wp-json\/wp\/v2\/media?parent=669"}],"wp:term":[{"taxonomy":"category","embeddable":true,"href":"https:\/\/navalremo.pt\/site\/wp-json\/wp\/v2\/categories?post=669"},{"taxonomy":"post_tag","embeddable":true,"href":"https:\/\/navalremo.pt\/site\/wp-json\/wp\/v2\/tags?post=669"}],"curies":[{"name":"wp","href":"https:\/\/api.w.org\/{rel}","templated":true}]}}