{"id":665,"date":"2017-12-11T20:27:42","date_gmt":"2017-12-11T20:27:42","guid":{"rendered":"https:\/\/navalremo.pt\/site\/?p=665"},"modified":"2018-04-23T20:28:25","modified_gmt":"2018-04-23T20:28:25","slug":"atleta-do-remo-da-naval-integra-estagio-da-fpr","status":"publish","type":"post","link":"https:\/\/navalremo.pt\/site\/2017\/12\/11\/atleta-do-remo-da-naval-integra-estagio-da-fpr\/","title":{"rendered":"Atleta do Remo da Naval integra est\u00e1gio da FPR"},"content":{"rendered":"<h3><strong>11Atleta do Remo da Naval integra est\u00e1gio da Federa\u00e7\u00e3o Portuguesa de Remo<\/strong><\/h3>\n<p>Catarina Norinho integra o est\u00e1gio da Federa\u00e7\u00e3o Portuguesa de Remo, depois de conseguir um excelente resultado nos testes de acesso \u00e0 equipa nacional de Remo.<\/p>\n<p>Mesmo com o n\u00edvel de \u00e1gua em baixo, fruto do per\u00edodo de seca que assola o nosso pa\u00eds, realizou-se no dia 09 de dezembro na barragem do Maranh\u00e3o em Avis, a segunda fase dos testes de acesso \u00e0 equipa nacional de Remo.<\/p>\n<p>A Associa\u00e7\u00e3o Naval 1\u00ba de Maio apresentou-se com 8 atletas, duas femininas (j\u00fanior e s\u00e9nior) e 6 atletas masculinos, todos juniores.<\/p>\n<p>Catarina Norinho, atleta j\u00fanior da Naval, esteve em destaque ao obter o 4\u00ba melhor tempo entre todas as atletas femininas (juniores e seniores), tendo sido logo integrada no est\u00e1gio da Federa\u00e7\u00e3o, que ir\u00e1 decorrer at\u00e9 ao pr\u00f3ximo dia 19 de dezembro.<\/p>\n<p>Ra\u00fal Rodrigues, que tinha o melhor tempo no teste anterior, n\u00e3o conseguiu o mesmo desempenho, tendo descido alguns lugares na classifica\u00e7\u00e3o. Marta ferrolho (s\u00e9nior feminina), Leonardo Gil e os irm\u00e3os Roman e Ruslan Nayavko apresentaram melhoras significativas face ao teste anterior.<\/p>\n<p>Segue-se a participa\u00e7\u00e3o da equipa Navalista na Regata Internacional de Sevilha, j\u00e1 no pr\u00f3ximo fim-de-semana.<\/p>\n","protected":false},"excerpt":{"rendered":"<p>11Atleta do Remo da Naval integra est\u00e1gio da Federa\u00e7\u00e3o Portuguesa de Remo Catarina Norinho integra o est\u00e1gio da Federa\u00e7\u00e3o Portuguesa de Remo, depois de conseguir um excelente resultado nos testes de acesso \u00e0 equipa nacional de Remo. Mesmo com o n\u00edvel de \u00e1gua em baixo, fruto do per\u00edodo de seca que assola o nosso pa\u00eds, [&hellip;]<\/p>\n","protected":false},"author":2,"featured_media":666,"comment_status":"closed","ping_status":"open","sticky":false,"template":"","format":"standard","meta":{"spay_email":""},"categories":[4],"tags":[],"jetpack_featured_media_url":"https:\/\/navalremo.pt\/site\/wp-content\/uploads\/2018\/04\/catarina.jpg","_links":{"self":[{"href":"https:\/\/navalremo.pt\/site\/wp-json\/wp\/v2\/posts\/665"}],"collection":[{"href":"https:\/\/navalremo.pt\/site\/wp-json\/wp\/v2\/posts"}],"about":[{"href":"https:\/\/navalremo.pt\/site\/wp-json\/wp\/v2\/types\/post"}],"author":[{"embeddable":true,"href":"https:\/\/navalremo.pt\/site\/wp-json\/wp\/v2\/users\/2"}],"replies":[{"embeddable":true,"href":"https:\/\/navalremo.pt\/site\/wp-json\/wp\/v2\/comments?post=665"}],"version-history":[{"count":2,"href":"https:\/\/navalremo.pt\/site\/wp-json\/wp\/v2\/posts\/665\/revisions"}],"predecessor-version":[{"id":668,"href":"https:\/\/navalremo.pt\/site\/wp-json\/wp\/v2\/posts\/665\/revisions\/668"}],"wp:featuredmedia":[{"embeddable":true,"href":"https:\/\/navalremo.pt\/site\/wp-json\/wp\/v2\/media\/666"}],"wp:attachment":[{"href":"https:\/\/navalremo.pt\/site\/wp-json\/wp\/v2\/media?parent=665"}],"wp:term":[{"taxonomy":"category","embeddable":true,"href":"https:\/\/navalremo.pt\/site\/wp-json\/wp\/v2\/categories?post=665"},{"taxonomy":"post_tag","embeddable":true,"href":"https:\/\/navalremo.pt\/site\/wp-json\/wp\/v2\/tags?post=665"}],"curies":[{"name":"wp","href":"https:\/\/api.w.org\/{rel}","templated":true}]}}