{"id":633,"date":"2017-11-15T21:29:10","date_gmt":"2017-11-15T21:29:10","guid":{"rendered":"https:\/\/navalremo.pt\/site\/?p=633"},"modified":"2017-11-15T21:32:11","modified_gmt":"2017-11-15T21:32:11","slug":"633","status":"publish","type":"post","link":"https:\/\/navalremo.pt\/site\/2017\/11\/15\/633\/","title":{"rendered":"Remo da Naval consolida aposta no \u201cRemo para Todos\u201d"},"content":{"rendered":"<p>O Remo da Naval expande a sua oferta a outras categorias lan\u00e7ando uma nova iniciativa designada \u201cRemo para Todos\u201d, para a qual conta com a Patr\u00edcia Batista que vem refor\u00e7ar e complementar o Corpo T\u00e9cnico que \u00e9 atualmente constitu\u00eddo pelo Treinador Augusto Alberto e pelo Treinador Jos\u00e9 Canhola.<\/p>\n<p>A Naval aposta assim no \u201cRemo para Todos\u201d, uma modalidade inclusiva onde \u201cTodos\u201d t\u00eam lugar\u2026 crian\u00e7as, jovens ou adultos, que querem dar as suas primeiras remadas, antigos remadores ou apenas pessoas que pretendem praticar um desporto que se constitui como alternativa a outros e aos gin\u00e1sios convencionais.<\/p>\n<p>No Remo da Naval, mais do que praticar um desporto partilhamos uma cultura e um conjunto de valores que nos une e acrescenta valor a cada momento.<\/p>\n<p>Para esta nova vertente, o Remo da Naval aposta na Patr\u00edcia Batista que ap\u00f3s uma brilhante caminhada enquanto Atleta de Remo, volta agora \u00e0 pr\u00e1tica da modalidade para abra\u00e7ar este importante desafio como orientadora e coordenadora da iniciativa \u201cRemo para Todos\u201d.<\/p>\n<p>A Patr\u00edcia Batista \u00e9 licenciada em Ci\u00eancias do Desporto e Mestre nos Ensinos B\u00e1sico e Secund\u00e1rio da Educa\u00e7\u00e3o F\u00edsica pela Universidade de Coimbra.<\/p>\n<p>Como Atleta representou o Gin\u00e1sio Clube Figueirense, tendo conquistado 12 t\u00edtulos nacionais, entre outras in\u00fameras vit\u00f3rias em competi\u00e7\u00f5es regionais ou particulares de Remo.<\/p>\n<p><img data-attachment-id=\"635\" data-permalink=\"https:\/\/navalremo.pt\/site\/2017\/11\/15\/633\/patricia1\/\" data-orig-file=\"https:\/\/navalremo.pt\/site\/wp-content\/uploads\/2017\/11\/patricia1.jpg\" data-orig-size=\"351,150\" data-comments-opened=\"0\" data-image-meta=\"{&quot;aperture&quot;:&quot;0&quot;,&quot;credit&quot;:&quot;&quot;,&quot;camera&quot;:&quot;&quot;,&quot;caption&quot;:&quot;&quot;,&quot;created_timestamp&quot;:&quot;0&quot;,&quot;copyright&quot;:&quot;&quot;,&quot;focal_length&quot;:&quot;0&quot;,&quot;iso&quot;:&quot;0&quot;,&quot;shutter_speed&quot;:&quot;0&quot;,&quot;title&quot;:&quot;&quot;,&quot;orientation&quot;:&quot;0&quot;}\" data-image-title=\"patricia1\" data-image-description=\"\" data-medium-file=\"https:\/\/navalremo.pt\/site\/wp-content\/uploads\/2017\/11\/patricia1-300x128.jpg\" data-large-file=\"https:\/\/navalremo.pt\/site\/wp-content\/uploads\/2017\/11\/patricia1.jpg\" loading=\"lazy\" class=\"size-medium wp-image-635 alignleft\" src=\"https:\/\/navalremo.pt\/site\/wp-content\/uploads\/2017\/11\/patricia1-300x128.jpg\" alt=\"\" width=\"300\" height=\"128\" srcset=\"https:\/\/navalremo.pt\/site\/wp-content\/uploads\/2017\/11\/patricia1-300x128.jpg 300w, https:\/\/navalremo.pt\/site\/wp-content\/uploads\/2017\/11\/patricia1.jpg 351w\" sizes=\"(max-width: 300px) 100vw, 300px\" \/>Em 2008, a Patr\u00edcia iniciou a sua participa\u00e7\u00e3o enquanto Atleta da Sele\u00e7\u00e3o Nacional de Remo, tendo representado Portugal em diversas regatas internacionais, onde se destaca a sua participa\u00e7\u00e3o nos Primeiros Jogos Ol\u00edmpicos da Juventude em 2010.<\/p>\n<p>Deste modo o N\u00facleo de Antigos Remadores da Associa\u00e7\u00e3o Naval 1\u00ba de Maio consolida e d\u00e1 seguimento ao seu projeto desportivo e social contribuindo para afirmar e devolver o Remo da Naval \u00e0 Figueira da Foz, com base numa oferta abrangente e diversificada onde \u201cTodos\u201d t\u00eam lugar.<\/p>\n","protected":false},"excerpt":{"rendered":"<p>O Remo da Naval expande a sua oferta a outras categorias lan\u00e7ando uma nova iniciativa designada \u201cRemo para Todos\u201d, para a qual conta com a Patr\u00edcia Batista que vem refor\u00e7ar e complementar o Corpo T\u00e9cnico que \u00e9 atualmente constitu\u00eddo pelo Treinador Augusto Alberto e pelo Treinador Jos\u00e9 Canhola. A Naval aposta assim no \u201cRemo para [&hellip;]<\/p>\n","protected":false},"author":2,"featured_media":634,"comment_status":"closed","ping_status":"closed","sticky":false,"template":"","format":"standard","meta":{"spay_email":""},"categories":[4],"tags":[],"jetpack_featured_media_url":"https:\/\/navalremo.pt\/site\/wp-content\/uploads\/2017\/11\/patricia.jpg","_links":{"self":[{"href":"https:\/\/navalremo.pt\/site\/wp-json\/wp\/v2\/posts\/633"}],"collection":[{"href":"https:\/\/navalremo.pt\/site\/wp-json\/wp\/v2\/posts"}],"about":[{"href":"https:\/\/navalremo.pt\/site\/wp-json\/wp\/v2\/types\/post"}],"author":[{"embeddable":true,"href":"https:\/\/navalremo.pt\/site\/wp-json\/wp\/v2\/users\/2"}],"replies":[{"embeddable":true,"href":"https:\/\/navalremo.pt\/site\/wp-json\/wp\/v2\/comments?post=633"}],"version-history":[{"count":2,"href":"https:\/\/navalremo.pt\/site\/wp-json\/wp\/v2\/posts\/633\/revisions"}],"predecessor-version":[{"id":643,"href":"https:\/\/navalremo.pt\/site\/wp-json\/wp\/v2\/posts\/633\/revisions\/643"}],"wp:featuredmedia":[{"embeddable":true,"href":"https:\/\/navalremo.pt\/site\/wp-json\/wp\/v2\/media\/634"}],"wp:attachment":[{"href":"https:\/\/navalremo.pt\/site\/wp-json\/wp\/v2\/media?parent=633"}],"wp:term":[{"taxonomy":"category","embeddable":true,"href":"https:\/\/navalremo.pt\/site\/wp-json\/wp\/v2\/categories?post=633"},{"taxonomy":"post_tag","embeddable":true,"href":"https:\/\/navalremo.pt\/site\/wp-json\/wp\/v2\/tags?post=633"}],"curies":[{"name":"wp","href":"https:\/\/api.w.org\/{rel}","templated":true}]}}