{"id":623,"date":"2017-11-03T22:16:04","date_gmt":"2017-11-03T22:16:04","guid":{"rendered":"https:\/\/navalremo.pt\/site\/?p=623"},"modified":"2018-04-25T21:11:09","modified_gmt":"2018-04-25T21:11:09","slug":"iii-gala-do-remo-da-naval","status":"publish","type":"post","link":"https:\/\/navalremo.pt\/site\/2017\/11\/03\/iii-gala-do-remo-da-naval\/","title":{"rendered":"III GALA DO REMO DA NAVAL"},"content":{"rendered":"<p>Realiza-se no pr\u00f3ximo dia 26 de novembro pelas 16H00 horas, no Centro de Artes e Espet\u00e1culos da Figueira da Foz, a 3\u00aa edi\u00e7\u00e3o da Gala do Remo da Naval. As galas do Remo da Naval combinam a um tempo: um momento l\u00fadico e cultural e a divulga\u00e7\u00e3o da modalidade desportiva do Remo e em concreto da Naval.<\/p>\n<p>Este ano a Gala do Remo da Naval \u00e9 promovida pelo N\u00facleo de Antigos Remadores da Associa\u00e7\u00e3o Naval 1\u00ba de Maio e o objetivo \u00e9 reunir apoiantes, familiares, atletas, simpatizantes e entidades p\u00fablicas e privadas, que v\u00e3o puder usufruir de um momento \u00edmpar de espet\u00e1culo e s\u00e3 conviv\u00eancia.<\/p>\n<p>O Espet\u00e1culo contar\u00e1 com a atua\u00e7\u00e3o de ginastas do CATGYM e com um concerto da Banda de Santana, estando tamb\u00e9m prevista a apresenta\u00e7\u00e3o dos Atletas e Corpo T\u00e9cnico do Remo da Naval e ainda a entrega de pr\u00e9mios aos atletas que se destacaram nas provas nacionais da \u00e9poca desportiva de 2016-2017.<\/p>\n<p>O N\u00facleo de Antigos Remadores da Associa\u00e7\u00e3o Naval 1\u00ba de Maio convida todos os Figueirenses a assistirem a este espet\u00e1culo, que enaltece o Remo, a Associa\u00e7\u00e3o Naval 1\u00ba de Maio e o Munic\u00edpio da Figueira da Foz.<\/p>\n<p>Antecipadamente gratos.<\/p>\n","protected":false},"excerpt":{"rendered":"<p>Realiza-se no pr\u00f3ximo dia 26 de novembro pelas 16H00 horas, no Centro de Artes e Espet\u00e1culos da Figueira da Foz, a 3\u00aa edi\u00e7\u00e3o da Gala do Remo da Naval. As galas do Remo da Naval combinam a um tempo: um momento l\u00fadico e cultural e a divulga\u00e7\u00e3o da modalidade desportiva do Remo e em concreto [&hellip;]<\/p>\n","protected":false},"author":2,"featured_media":624,"comment_status":"closed","ping_status":"closed","sticky":false,"template":"","format":"standard","meta":{"spay_email":""},"categories":[4],"tags":[],"jetpack_featured_media_url":"https:\/\/navalremo.pt\/site\/wp-content\/uploads\/2017\/11\/IIIGALA.jpg","_links":{"self":[{"href":"https:\/\/navalremo.pt\/site\/wp-json\/wp\/v2\/posts\/623"}],"collection":[{"href":"https:\/\/navalremo.pt\/site\/wp-json\/wp\/v2\/posts"}],"about":[{"href":"https:\/\/navalremo.pt\/site\/wp-json\/wp\/v2\/types\/post"}],"author":[{"embeddable":true,"href":"https:\/\/navalremo.pt\/site\/wp-json\/wp\/v2\/users\/2"}],"replies":[{"embeddable":true,"href":"https:\/\/navalremo.pt\/site\/wp-json\/wp\/v2\/comments?post=623"}],"version-history":[{"count":4,"href":"https:\/\/navalremo.pt\/site\/wp-json\/wp\/v2\/posts\/623\/revisions"}],"predecessor-version":[{"id":688,"href":"https:\/\/navalremo.pt\/site\/wp-json\/wp\/v2\/posts\/623\/revisions\/688"}],"wp:featuredmedia":[{"embeddable":true,"href":"https:\/\/navalremo.pt\/site\/wp-json\/wp\/v2\/media\/624"}],"wp:attachment":[{"href":"https:\/\/navalremo.pt\/site\/wp-json\/wp\/v2\/media?parent=623"}],"wp:term":[{"taxonomy":"category","embeddable":true,"href":"https:\/\/navalremo.pt\/site\/wp-json\/wp\/v2\/categories?post=623"},{"taxonomy":"post_tag","embeddable":true,"href":"https:\/\/navalremo.pt\/site\/wp-json\/wp\/v2\/tags?post=623"}],"curies":[{"name":"wp","href":"https:\/\/api.w.org\/{rel}","templated":true}]}}