{"id":602,"date":"2017-10-02T17:45:05","date_gmt":"2017-10-02T17:45:05","guid":{"rendered":"https:\/\/navalremo.pt\/site\/?p=602"},"modified":"2017-10-02T17:45:05","modified_gmt":"2017-10-02T17:45:05","slug":"convivio-de-antigos-remadores-da-associacao-naval-1o-de-maio","status":"publish","type":"post","link":"https:\/\/navalremo.pt\/site\/2017\/10\/02\/convivio-de-antigos-remadores-da-associacao-naval-1o-de-maio\/","title":{"rendered":"Conv\u00edvio de Antigos Remadores da Associa\u00e7\u00e3o Naval 1\u00ba de Maio"},"content":{"rendered":"<p>O N\u00facleo de Antigos Remadores da Associa\u00e7\u00e3o Naval 1\u00ba de Maio convida todos os antigos remadores, simpatizantes, familiares e amigos do Remo da Naval para a realiza\u00e7\u00e3o de um conv\u00edvio no pr\u00f3ximo dia 05 de outubro pelas 14:30 Horas no Posto N\u00e1utico.<\/p>\n<p>Do programa constam, para al\u00e9m da tradicional visita \u00e0s instala\u00e7\u00f5es, sa\u00eddas de barco, onde os antigos remadores poder\u00e3o recordar as remadas tantas vezes repetidas no passado e um lanche no final do dia para conv\u00edvio entre v\u00e1rias gera\u00e7\u00f5es de remadores e troca de experi\u00eancias.<\/p>\n<p>Para al\u00e9m destas atividades o N\u00facleo de Antigos Remadores da Associa\u00e7\u00e3o Naval 1\u00ba de Maio convida ainda os \u00f3rg\u00e3os de comunica\u00e7\u00e3o social para acompanharem o Remo da Naval neste dia, onde haver\u00e1 uma comunica\u00e7\u00e3o por parte da Dire\u00e7\u00e3o do N\u00facleo no contexto do atual momento do Remo da Naval e do lan\u00e7amento em primeira m\u00e3o de algumas importantes iniciativas para um futuro pr\u00f3ximo.<\/p>\n<p>N\u00facleo de Antigos Remadores da Associa\u00e7\u00e3o Naval 1\u00ba de Maio<\/p>\n","protected":false},"excerpt":{"rendered":"<p>O N\u00facleo de Antigos Remadores da Associa\u00e7\u00e3o Naval 1\u00ba de Maio convida todos os antigos remadores, simpatizantes, familiares e amigos do Remo da Naval para a realiza\u00e7\u00e3o de um conv\u00edvio no pr\u00f3ximo dia 05 de outubro pelas 14:30 Horas no Posto N\u00e1utico. Do programa constam, para al\u00e9m da tradicional visita \u00e0s instala\u00e7\u00f5es, sa\u00eddas de barco, [&hellip;]<\/p>\n","protected":false},"author":2,"featured_media":597,"comment_status":"closed","ping_status":"closed","sticky":false,"template":"","format":"standard","meta":{"spay_email":""},"categories":[4],"tags":[],"jetpack_featured_media_url":"https:\/\/navalremo.pt\/site\/wp-content\/uploads\/2017\/09\/Cartaz_Con_5out.jpg","_links":{"self":[{"href":"https:\/\/navalremo.pt\/site\/wp-json\/wp\/v2\/posts\/602"}],"collection":[{"href":"https:\/\/navalremo.pt\/site\/wp-json\/wp\/v2\/posts"}],"about":[{"href":"https:\/\/navalremo.pt\/site\/wp-json\/wp\/v2\/types\/post"}],"author":[{"embeddable":true,"href":"https:\/\/navalremo.pt\/site\/wp-json\/wp\/v2\/users\/2"}],"replies":[{"embeddable":true,"href":"https:\/\/navalremo.pt\/site\/wp-json\/wp\/v2\/comments?post=602"}],"version-history":[{"count":1,"href":"https:\/\/navalremo.pt\/site\/wp-json\/wp\/v2\/posts\/602\/revisions"}],"predecessor-version":[{"id":603,"href":"https:\/\/navalremo.pt\/site\/wp-json\/wp\/v2\/posts\/602\/revisions\/603"}],"wp:featuredmedia":[{"embeddable":true,"href":"https:\/\/navalremo.pt\/site\/wp-json\/wp\/v2\/media\/597"}],"wp:attachment":[{"href":"https:\/\/navalremo.pt\/site\/wp-json\/wp\/v2\/media?parent=602"}],"wp:term":[{"taxonomy":"category","embeddable":true,"href":"https:\/\/navalremo.pt\/site\/wp-json\/wp\/v2\/categories?post=602"},{"taxonomy":"post_tag","embeddable":true,"href":"https:\/\/navalremo.pt\/site\/wp-json\/wp\/v2\/tags?post=602"}],"curies":[{"name":"wp","href":"https:\/\/api.w.org\/{rel}","templated":true}]}}