{"id":578,"date":"2017-09-07T11:22:26","date_gmt":"2017-09-07T11:22:26","guid":{"rendered":"https:\/\/navalremo.pt\/site\/?p=578"},"modified":"2017-09-07T11:23:51","modified_gmt":"2017-09-07T11:23:51","slug":"ferias-escolares-em-movimento-com-o-remo-da-naval","status":"publish","type":"post","link":"https:\/\/navalremo.pt\/site\/2017\/09\/07\/ferias-escolares-em-movimento-com-o-remo-da-naval\/","title":{"rendered":"F\u00e9rias Escolares em Movimento com o Remo da Naval"},"content":{"rendered":"<p>Terminou no passado dia 31 de agosto o programa de ver\u00e3o \u201cF\u00e9rias Escolares em movimento\u201d conduzido pelo Remo da Naval.<br \/>\nForam mais de duas dezenas de crian\u00e7as e jovens que entre os meses de julho e agosto procuraram o Remo da Naval e onde puderam dar as suas primeiras remadas e participar em muitas outras atividades, com o apoio do N\u00facleo de Antigos Remadores da Associa\u00e7\u00e3o Naval 1\u00ba de Maio.<br \/>\n<img data-attachment-id=\"580\" data-permalink=\"https:\/\/navalremo.pt\/site\/2017\/09\/07\/ferias-escolares-em-movimento-com-o-remo-da-naval\/2-4\/\" data-orig-file=\"https:\/\/navalremo.pt\/site\/wp-content\/uploads\/2017\/09\/2.jpg\" data-orig-size=\"609,365\" data-comments-opened=\"0\" data-image-meta=\"{&quot;aperture&quot;:&quot;0&quot;,&quot;credit&quot;:&quot;&quot;,&quot;camera&quot;:&quot;&quot;,&quot;caption&quot;:&quot;&quot;,&quot;created_timestamp&quot;:&quot;0&quot;,&quot;copyright&quot;:&quot;&quot;,&quot;focal_length&quot;:&quot;0&quot;,&quot;iso&quot;:&quot;0&quot;,&quot;shutter_speed&quot;:&quot;0&quot;,&quot;title&quot;:&quot;&quot;,&quot;orientation&quot;:&quot;0&quot;}\" data-image-title=\"2\" data-image-description=\"\" data-medium-file=\"https:\/\/navalremo.pt\/site\/wp-content\/uploads\/2017\/09\/2-300x180.jpg\" data-large-file=\"https:\/\/navalremo.pt\/site\/wp-content\/uploads\/2017\/09\/2.jpg\" loading=\"lazy\" class=\" wp-image-580 alignright\" src=\"https:\/\/navalremo.pt\/site\/wp-content\/uploads\/2017\/09\/2-300x180.jpg\" alt=\"\" width=\"368\" height=\"221\" srcset=\"https:\/\/navalremo.pt\/site\/wp-content\/uploads\/2017\/09\/2-300x180.jpg 300w, https:\/\/navalremo.pt\/site\/wp-content\/uploads\/2017\/09\/2-600x360.jpg 600w, https:\/\/navalremo.pt\/site\/wp-content\/uploads\/2017\/09\/2.jpg 609w\" sizes=\"(max-width: 368px) 100vw, 368px\" \/>Ali\u00e1s, regista-se com apre\u00e7o que muitos deram mais que as primeiras remadas, empreendendo a sua primeira viagem de barco at\u00e9 \u00e0 ilha da Fontela, com a oportunidade de disfrutar de alguns dos bons momentos que a pr\u00e1tica da modalidade de Remo proporciona.<br \/>\nFindo este per\u00edodo, o N\u00facleo de Antigos Remadores da Associa\u00e7\u00e3o Naval 1\u00ba de Maio, congratula-se com o resultado obtido agradecendo desde j\u00e1 a ades\u00e3o ao programa e a prefer\u00eancia manifestada pelo Remo da Naval, esperando ter correspondido \u00e0s expectativas de todos aqueles que nos procuraram.<br \/>\nPara as crian\u00e7as e jovens que decidem n\u00e3o prosseguir com a pr\u00e1tica de Remo na Naval, seja numa vertente de competi\u00e7\u00e3o, lazer ou l\u00fadica, o N\u00facleo de Antigos Remadores da Associa\u00e7\u00e3o Naval 1\u00ba de Maio deseja a todos e \u00e0s respetivas fam\u00edlias boa sorte, sa\u00fade e alegria, sublinhando que o Posto N\u00e1utico da Naval estar\u00e1 sempre aberto para vos receber.<br \/>\nBem hajam pela vossa companhia e participa\u00e7\u00e3o!<br \/>\nPara os restantes, aqueles que continuam, bem-vindos uma vez mais \u00e0 fam\u00edlia do Remo da Naval, remamos desde 1893 e contamos convosco para dar continuidade \u00e0 pr\u00e1tica desta modalidade centen\u00e1ria. O N\u00facleo de Antigos Remadores da Associa\u00e7\u00e3o Naval 1\u00ba de Maio faz votos para que a \u00e9poca desportiva 2017-2018 vos traga tudo aquilo que esperam e ensejam\u2026 da parte deste N\u00facleo n\u00e3o pouparemos esfor\u00e7os para proporcionar as condi\u00e7\u00f5es necess\u00e1rias, em torno de um corpo t\u00e9cnico competente, infraestruturas adequadas e barcos competitivos, ajudando a transformar os vossos objetivos na \u201cNOSSA\u201d realidade\u2026 e isto \u00e9 o Remo da Naval.<\/p>\n","protected":false},"excerpt":{"rendered":"<p>Terminou no passado dia 31 de agosto o programa de ver\u00e3o \u201cF\u00e9rias Escolares em movimento\u201d conduzido pelo Remo da Naval. Foram mais de duas dezenas de crian\u00e7as e jovens que entre os meses de julho e agosto procuraram o Remo da Naval e onde puderam dar as suas primeiras remadas e participar em muitas outras [&hellip;]<\/p>\n","protected":false},"author":2,"featured_media":579,"comment_status":"closed","ping_status":"open","sticky":false,"template":"","format":"standard","meta":{"spay_email":""},"categories":[4],"tags":[],"jetpack_featured_media_url":"https:\/\/navalremo.pt\/site\/wp-content\/uploads\/2017\/09\/1.jpg","_links":{"self":[{"href":"https:\/\/navalremo.pt\/site\/wp-json\/wp\/v2\/posts\/578"}],"collection":[{"href":"https:\/\/navalremo.pt\/site\/wp-json\/wp\/v2\/posts"}],"about":[{"href":"https:\/\/navalremo.pt\/site\/wp-json\/wp\/v2\/types\/post"}],"author":[{"embeddable":true,"href":"https:\/\/navalremo.pt\/site\/wp-json\/wp\/v2\/users\/2"}],"replies":[{"embeddable":true,"href":"https:\/\/navalremo.pt\/site\/wp-json\/wp\/v2\/comments?post=578"}],"version-history":[{"count":2,"href":"https:\/\/navalremo.pt\/site\/wp-json\/wp\/v2\/posts\/578\/revisions"}],"predecessor-version":[{"id":582,"href":"https:\/\/navalremo.pt\/site\/wp-json\/wp\/v2\/posts\/578\/revisions\/582"}],"wp:featuredmedia":[{"embeddable":true,"href":"https:\/\/navalremo.pt\/site\/wp-json\/wp\/v2\/media\/579"}],"wp:attachment":[{"href":"https:\/\/navalremo.pt\/site\/wp-json\/wp\/v2\/media?parent=578"}],"wp:term":[{"taxonomy":"category","embeddable":true,"href":"https:\/\/navalremo.pt\/site\/wp-json\/wp\/v2\/categories?post=578"},{"taxonomy":"post_tag","embeddable":true,"href":"https:\/\/navalremo.pt\/site\/wp-json\/wp\/v2\/tags?post=578"}],"curies":[{"name":"wp","href":"https:\/\/api.w.org\/{rel}","templated":true}]}}