{"id":552,"date":"2017-08-12T13:24:33","date_gmt":"2017-08-12T13:24:33","guid":{"rendered":"https:\/\/navalremo.pt\/site\/?p=552"},"modified":"2017-08-12T13:24:33","modified_gmt":"2017-08-12T13:24:33","slug":"remo-de-mar","status":"publish","type":"post","link":"https:\/\/navalremo.pt\/site\/2017\/08\/12\/remo-de-mar\/","title":{"rendered":"Remo de Mar"},"content":{"rendered":"<p>No pr\u00f3ximo dia 15 de agosto, o N\u00facleo de Antigos Remadores da Associa\u00e7\u00e3o Naval 1\u00ba de Maio, vai organizar na praia do Cabedelinho um dia totalmente dedicado ao remo de mar. Esta actividade ter\u00e1 in\u00edcio \u00e0s 10 horas e terminar\u00e1 pelas 17 horas.<br \/>\n<em><br \/>\nAparece&#8230; Vem passar o dia com o Remo da Naval<\/em><\/p>\n","protected":false},"excerpt":{"rendered":"<p>No pr\u00f3ximo dia 15 de agosto, o N\u00facleo de Antigos Remadores da Associa\u00e7\u00e3o Naval 1\u00ba de Maio, vai organizar na praia do Cabedelinho um dia totalmente dedicado ao remo de mar. Esta actividade ter\u00e1 in\u00edcio \u00e0s 10 horas e terminar\u00e1 pelas 17 horas. Aparece&#8230; Vem passar o dia com o Remo da Naval<\/p>\n","protected":false},"author":2,"featured_media":553,"comment_status":"closed","ping_status":"open","sticky":false,"template":"","format":"standard","meta":{"spay_email":""},"categories":[4],"tags":[],"jetpack_featured_media_url":"https:\/\/navalremo.pt\/site\/wp-content\/uploads\/2017\/08\/cartaz-remo-de-Mar-scaled.jpg","_links":{"self":[{"href":"https:\/\/navalremo.pt\/site\/wp-json\/wp\/v2\/posts\/552"}],"collection":[{"href":"https:\/\/navalremo.pt\/site\/wp-json\/wp\/v2\/posts"}],"about":[{"href":"https:\/\/navalremo.pt\/site\/wp-json\/wp\/v2\/types\/post"}],"author":[{"embeddable":true,"href":"https:\/\/navalremo.pt\/site\/wp-json\/wp\/v2\/users\/2"}],"replies":[{"embeddable":true,"href":"https:\/\/navalremo.pt\/site\/wp-json\/wp\/v2\/comments?post=552"}],"version-history":[{"count":1,"href":"https:\/\/navalremo.pt\/site\/wp-json\/wp\/v2\/posts\/552\/revisions"}],"predecessor-version":[{"id":554,"href":"https:\/\/navalremo.pt\/site\/wp-json\/wp\/v2\/posts\/552\/revisions\/554"}],"wp:featuredmedia":[{"embeddable":true,"href":"https:\/\/navalremo.pt\/site\/wp-json\/wp\/v2\/media\/553"}],"wp:attachment":[{"href":"https:\/\/navalremo.pt\/site\/wp-json\/wp\/v2\/media?parent=552"}],"wp:term":[{"taxonomy":"category","embeddable":true,"href":"https:\/\/navalremo.pt\/site\/wp-json\/wp\/v2\/categories?post=552"},{"taxonomy":"post_tag","embeddable":true,"href":"https:\/\/navalremo.pt\/site\/wp-json\/wp\/v2\/tags?post=552"}],"curies":[{"name":"wp","href":"https:\/\/api.w.org\/{rel}","templated":true}]}}