{"id":445,"date":"2017-07-04T22:29:16","date_gmt":"2017-07-04T22:29:16","guid":{"rendered":"https:\/\/navalremo.pt\/site\/?p=445"},"modified":"2017-07-20T20:33:14","modified_gmt":"2017-07-20T20:33:14","slug":"naval-com-excelentes-resultados-no-cn-de-remo","status":"publish","type":"post","link":"https:\/\/navalremo.pt\/site\/2017\/07\/04\/naval-com-excelentes-resultados-no-cn-de-remo\/","title":{"rendered":"Naval com excelentes resultados no CN de Remo"},"content":{"rendered":"<p>Realizaram-se nos passados dias 1 e 2 de julho em Montemor-o-Velho os Campeonatos Nacionais de Velocidade de Remo.<br \/>\nO Afonso Santos, no Skiff (1XIfM) Infantil masculino classificou-se em 1\u00ba lugar tornando-se o novo Campe\u00e3o Nacional, neste mesmo tipo de barco o Rodrigo Verdete e o Francisco Nunes foram 20\u00ba e 22\u00ba classificados respetivamente;<\/p>\n<p><center><br \/>\n<div id=\"attachment_460\" style=\"width: 310px\" class=\"wp-caption aligncenter\"><img aria-describedby=\"caption-attachment-460\" data-attachment-id=\"460\" data-permalink=\"https:\/\/navalremo.pt\/site\/2017\/07\/04\/naval-com-excelentes-resultados-no-cn-de-remo\/1-2\/\" data-orig-file=\"https:\/\/navalremo.pt\/site\/wp-content\/uploads\/2017\/07\/1.jpg\" data-orig-size=\"960,855\" data-comments-opened=\"0\" data-image-meta=\"{&quot;aperture&quot;:&quot;0&quot;,&quot;credit&quot;:&quot;&quot;,&quot;camera&quot;:&quot;&quot;,&quot;caption&quot;:&quot;&quot;,&quot;created_timestamp&quot;:&quot;0&quot;,&quot;copyright&quot;:&quot;&quot;,&quot;focal_length&quot;:&quot;0&quot;,&quot;iso&quot;:&quot;0&quot;,&quot;shutter_speed&quot;:&quot;0&quot;,&quot;title&quot;:&quot;&quot;,&quot;orientation&quot;:&quot;0&quot;}\" data-image-title=\"Afonso Santos\" data-image-description=\"\" data-medium-file=\"https:\/\/navalremo.pt\/site\/wp-content\/uploads\/2017\/07\/1-300x267.jpg\" data-large-file=\"https:\/\/navalremo.pt\/site\/wp-content\/uploads\/2017\/07\/1.jpg\" loading=\"lazy\" class=\"size-medium wp-image-460\" src=\"https:\/\/navalremo.pt\/site\/wp-content\/uploads\/2017\/07\/1-300x267.jpg\" alt=\"\" width=\"300\" height=\"267\" srcset=\"https:\/\/navalremo.pt\/site\/wp-content\/uploads\/2017\/07\/1-300x267.jpg 300w, https:\/\/navalremo.pt\/site\/wp-content\/uploads\/2017\/07\/1-600x534.jpg 600w, https:\/\/navalremo.pt\/site\/wp-content\/uploads\/2017\/07\/1-768x684.jpg 768w, https:\/\/navalremo.pt\/site\/wp-content\/uploads\/2017\/07\/1.jpg 960w\" sizes=\"(max-width: 300px) 100vw, 300px\" \/><p id=\"caption-attachment-460\" class=\"wp-caption-text\">Afonso Santos<\/p><\/div><br \/>\n<\/center><\/p>\n<p>\nTamb\u00e9m em primeiro lugar a Catarina Norinho e a Marta Ferrolho sagram-se Campe\u00e3s Nacionais em Double juniores femininos (2XJF);<\/p>\n<p><center><br \/>\n<div id=\"attachment_447\" style=\"width: 310px\" class=\"wp-caption aligncenter\"><img aria-describedby=\"caption-attachment-447\" data-attachment-id=\"447\" data-permalink=\"https:\/\/navalremo.pt\/site\/2017\/07\/04\/naval-com-excelentes-resultados-no-cn-de-remo\/attachment\/6\/\" data-orig-file=\"https:\/\/navalremo.pt\/site\/wp-content\/uploads\/2017\/07\/6.jpg\" data-orig-size=\"960,639\" data-comments-opened=\"0\" data-image-meta=\"{&quot;aperture&quot;:&quot;0&quot;,&quot;credit&quot;:&quot;&quot;,&quot;camera&quot;:&quot;&quot;,&quot;caption&quot;:&quot;&quot;,&quot;created_timestamp&quot;:&quot;0&quot;,&quot;copyright&quot;:&quot;&quot;,&quot;focal_length&quot;:&quot;0&quot;,&quot;iso&quot;:&quot;0&quot;,&quot;shutter_speed&quot;:&quot;0&quot;,&quot;title&quot;:&quot;&quot;,&quot;orientation&quot;:&quot;0&quot;}\" data-image-title=\"Catarina e Marta\" data-image-description=\"\" data-medium-file=\"https:\/\/navalremo.pt\/site\/wp-content\/uploads\/2017\/07\/6-300x200.jpg\" data-large-file=\"https:\/\/navalremo.pt\/site\/wp-content\/uploads\/2017\/07\/6.jpg\" loading=\"lazy\" class=\"size-medium wp-image-447\" src=\"https:\/\/navalremo.pt\/site\/wp-content\/uploads\/2017\/07\/6-300x200.jpg\" alt=\"\" width=\"300\" height=\"200\" srcset=\"https:\/\/navalremo.pt\/site\/wp-content\/uploads\/2017\/07\/6-300x200.jpg 300w, https:\/\/navalremo.pt\/site\/wp-content\/uploads\/2017\/07\/6-600x399.jpg 600w, https:\/\/navalremo.pt\/site\/wp-content\/uploads\/2017\/07\/6-768x511.jpg 768w, https:\/\/navalremo.pt\/site\/wp-content\/uploads\/2017\/07\/6.jpg 960w\" sizes=\"(max-width: 300px) 100vw, 300px\" \/><p id=\"caption-attachment-447\" class=\"wp-caption-text\">Marta Ferrolho e Catarina Norinho<\/p><\/div><br \/>\n<\/center><\/p>\n<p>\nEm Skiff juvenil masculino (1XJvM) o Jo\u00e3o Gaspar sagra-se Vice-Campe\u00e3o Nacional enquanto o Ra\u00fal Rodrigues se classifica em 4\u00ba ap\u00f3s ter tido um problema t\u00e9cnico que o impediu de disputar um lugar no p\u00f3dio, neste mesmo escal\u00e3o mas em femininos (1XJvF) a Sofia Silva foi 4\u00aa classificada;\n<\/p>\n<p><center><br \/>\n<div id=\"attachment_461\" style=\"width: 310px\" class=\"wp-caption aligncenter\"><img aria-describedby=\"caption-attachment-461\" data-attachment-id=\"461\" data-permalink=\"https:\/\/navalremo.pt\/site\/2017\/07\/04\/naval-com-excelentes-resultados-no-cn-de-remo\/3-2\/\" data-orig-file=\"https:\/\/navalremo.pt\/site\/wp-content\/uploads\/2017\/07\/3.jpg\" data-orig-size=\"720,549\" data-comments-opened=\"0\" data-image-meta=\"{&quot;aperture&quot;:&quot;0&quot;,&quot;credit&quot;:&quot;&quot;,&quot;camera&quot;:&quot;&quot;,&quot;caption&quot;:&quot;&quot;,&quot;created_timestamp&quot;:&quot;0&quot;,&quot;copyright&quot;:&quot;&quot;,&quot;focal_length&quot;:&quot;0&quot;,&quot;iso&quot;:&quot;0&quot;,&quot;shutter_speed&quot;:&quot;0&quot;,&quot;title&quot;:&quot;&quot;,&quot;orientation&quot;:&quot;0&quot;}\" data-image-title=\"Jo\u00e3o Gaspar\" data-image-description=\"\" data-medium-file=\"https:\/\/navalremo.pt\/site\/wp-content\/uploads\/2017\/07\/3-300x229.jpg\" data-large-file=\"https:\/\/navalremo.pt\/site\/wp-content\/uploads\/2017\/07\/3.jpg\" loading=\"lazy\" class=\"size-medium wp-image-461\" src=\"https:\/\/navalremo.pt\/site\/wp-content\/uploads\/2017\/07\/3-300x229.jpg\" alt=\"\" width=\"300\" height=\"229\" srcset=\"https:\/\/navalremo.pt\/site\/wp-content\/uploads\/2017\/07\/3-300x229.jpg 300w, https:\/\/navalremo.pt\/site\/wp-content\/uploads\/2017\/07\/3-600x458.jpg 600w, https:\/\/navalremo.pt\/site\/wp-content\/uploads\/2017\/07\/3.jpg 720w\" sizes=\"(max-width: 300px) 100vw, 300px\" \/><p id=\"caption-attachment-461\" class=\"wp-caption-text\">Jo\u00e3o Gaspar<\/p><\/div><br \/>\n<\/center><\/p>\n<p>No Shel 2 s\/tim\u00ba junior masculino (2-JnM) mais um titulo de Vice-Campe\u00f5es Nacionais para o Carlos Santos e o Leonardo Gil;<\/p>\n<p><center><br \/>\n<div id=\"attachment_451\" style=\"width: 310px\" class=\"wp-caption aligncenter\"><img aria-describedby=\"caption-attachment-451\" data-attachment-id=\"451\" data-permalink=\"https:\/\/navalremo.pt\/site\/2017\/07\/04\/naval-com-excelentes-resultados-no-cn-de-remo\/attachment\/4\/\" data-orig-file=\"https:\/\/navalremo.pt\/site\/wp-content\/uploads\/2017\/07\/4.jpg\" data-orig-size=\"960,639\" data-comments-opened=\"0\" data-image-meta=\"{&quot;aperture&quot;:&quot;0&quot;,&quot;credit&quot;:&quot;&quot;,&quot;camera&quot;:&quot;&quot;,&quot;caption&quot;:&quot;&quot;,&quot;created_timestamp&quot;:&quot;0&quot;,&quot;copyright&quot;:&quot;&quot;,&quot;focal_length&quot;:&quot;0&quot;,&quot;iso&quot;:&quot;0&quot;,&quot;shutter_speed&quot;:&quot;0&quot;,&quot;title&quot;:&quot;&quot;,&quot;orientation&quot;:&quot;0&quot;}\" data-image-title=\"Carlos e Leoardo\" data-image-description=\"\" data-medium-file=\"https:\/\/navalremo.pt\/site\/wp-content\/uploads\/2017\/07\/4-300x200.jpg\" data-large-file=\"https:\/\/navalremo.pt\/site\/wp-content\/uploads\/2017\/07\/4.jpg\" loading=\"lazy\" class=\"size-medium wp-image-451\" src=\"https:\/\/navalremo.pt\/site\/wp-content\/uploads\/2017\/07\/4-300x200.jpg\" alt=\"\" width=\"300\" height=\"200\" srcset=\"https:\/\/navalremo.pt\/site\/wp-content\/uploads\/2017\/07\/4-300x200.jpg 300w, https:\/\/navalremo.pt\/site\/wp-content\/uploads\/2017\/07\/4-600x399.jpg 600w, https:\/\/navalremo.pt\/site\/wp-content\/uploads\/2017\/07\/4-768x511.jpg 768w, https:\/\/navalremo.pt\/site\/wp-content\/uploads\/2017\/07\/4.jpg 960w\" sizes=\"(max-width: 300px) 100vw, 300px\" \/><p id=\"caption-attachment-451\" class=\"wp-caption-text\">Carlos Santos e o Leonardo Gil<\/p><\/div><br \/>\n<\/center><\/p>\n<p>No escal\u00e3o de iniciados, em Skiff masculino (1XInM) o Henrique Pinho foi 3\u00ba classificado e o Daniel Silva 19\u00ba, no double masculino (2XInM) o Jo\u00e3o Pedro Rodrigues e o Vasco Silva foram 14\u00ba classificados a apenas 4seg. da Final B;<\/p>\n<p><center><br \/>\n<div id=\"attachment_455\" style=\"width: 310px\" class=\"wp-caption aligncenter\"><img aria-describedby=\"caption-attachment-455\" data-attachment-id=\"455\" data-permalink=\"https:\/\/navalremo.pt\/site\/2017\/07\/04\/naval-com-excelentes-resultados-no-cn-de-remo\/2-3\/\" data-orig-file=\"https:\/\/navalremo.pt\/site\/wp-content\/uploads\/2017\/07\/2.jpg\" data-orig-size=\"960,655\" data-comments-opened=\"0\" data-image-meta=\"{&quot;aperture&quot;:&quot;0&quot;,&quot;credit&quot;:&quot;&quot;,&quot;camera&quot;:&quot;&quot;,&quot;caption&quot;:&quot;&quot;,&quot;created_timestamp&quot;:&quot;0&quot;,&quot;copyright&quot;:&quot;&quot;,&quot;focal_length&quot;:&quot;0&quot;,&quot;iso&quot;:&quot;0&quot;,&quot;shutter_speed&quot;:&quot;0&quot;,&quot;title&quot;:&quot;&quot;,&quot;orientation&quot;:&quot;0&quot;}\" data-image-title=\"2\" data-image-description=\"\" data-medium-file=\"https:\/\/navalremo.pt\/site\/wp-content\/uploads\/2017\/07\/2-300x205.jpg\" data-large-file=\"https:\/\/navalremo.pt\/site\/wp-content\/uploads\/2017\/07\/2.jpg\" loading=\"lazy\" class=\"size-medium wp-image-455\" src=\"https:\/\/navalremo.pt\/site\/wp-content\/uploads\/2017\/07\/2-300x205.jpg\" alt=\"\" width=\"300\" height=\"205\" srcset=\"https:\/\/navalremo.pt\/site\/wp-content\/uploads\/2017\/07\/2-300x205.jpg 300w, https:\/\/navalremo.pt\/site\/wp-content\/uploads\/2017\/07\/2-600x409.jpg 600w, https:\/\/navalremo.pt\/site\/wp-content\/uploads\/2017\/07\/2-768x524.jpg 768w, https:\/\/navalremo.pt\/site\/wp-content\/uploads\/2017\/07\/2.jpg 960w\" sizes=\"(max-width: 300px) 100vw, 300px\" \/><p id=\"caption-attachment-455\" class=\"wp-caption-text\">Henrique Pinho<\/p><\/div><br \/>\n<\/center><\/p>\n<p>Em iniciados femininos no Double (2XInF) a Diana Pedrosa e a In\u00eas Sousa foram 3\u00aas classificadas o que lhes valeu a medalha de bronze, em Skiff (1XInF) a Beatriz Oliveira foi 6\u00aa classificada;<\/p>\n<p><center><br \/>\n<div id=\"attachment_462\" style=\"width: 310px\" class=\"wp-caption aligncenter\"><img aria-describedby=\"caption-attachment-462\" data-attachment-id=\"462\" data-permalink=\"https:\/\/navalremo.pt\/site\/2017\/07\/04\/naval-com-excelentes-resultados-no-cn-de-remo\/attachment\/5\/\" data-orig-file=\"https:\/\/navalremo.pt\/site\/wp-content\/uploads\/2017\/07\/5.jpg\" data-orig-size=\"960,639\" data-comments-opened=\"0\" data-image-meta=\"{&quot;aperture&quot;:&quot;0&quot;,&quot;credit&quot;:&quot;&quot;,&quot;camera&quot;:&quot;&quot;,&quot;caption&quot;:&quot;&quot;,&quot;created_timestamp&quot;:&quot;0&quot;,&quot;copyright&quot;:&quot;&quot;,&quot;focal_length&quot;:&quot;0&quot;,&quot;iso&quot;:&quot;0&quot;,&quot;shutter_speed&quot;:&quot;0&quot;,&quot;title&quot;:&quot;&quot;,&quot;orientation&quot;:&quot;0&quot;}\" data-image-title=\"Diana Pedrosa e In\u00eas Sousa\" data-image-description=\"\" data-medium-file=\"https:\/\/navalremo.pt\/site\/wp-content\/uploads\/2017\/07\/5-300x200.jpg\" data-large-file=\"https:\/\/navalremo.pt\/site\/wp-content\/uploads\/2017\/07\/5.jpg\" loading=\"lazy\" class=\"size-medium wp-image-462\" src=\"https:\/\/navalremo.pt\/site\/wp-content\/uploads\/2017\/07\/5-300x200.jpg\" alt=\"\" width=\"300\" height=\"200\" srcset=\"https:\/\/navalremo.pt\/site\/wp-content\/uploads\/2017\/07\/5-300x200.jpg 300w, https:\/\/navalremo.pt\/site\/wp-content\/uploads\/2017\/07\/5-600x399.jpg 600w, https:\/\/navalremo.pt\/site\/wp-content\/uploads\/2017\/07\/5-768x511.jpg 768w, https:\/\/navalremo.pt\/site\/wp-content\/uploads\/2017\/07\/5.jpg 960w\" sizes=\"(max-width: 300px) 100vw, 300px\" \/><p id=\"caption-attachment-462\" class=\"wp-caption-text\">Diana Pedrosa e In\u00eas Sousa<\/p><\/div><br \/>\n<\/center><\/p>\n<p>J\u00e1 em Double junior masculino (2XJnM) o Leandro Bernardes e o Nuno Monteiro foram 3\u00bas classificados na Final B;<\/p>\n<p>Por fim os dois remadores veteranos da Naval, Carlos Gil e David Martinho foram 2\u00bas classificados do seu escal\u00e3o em Double (2X) e em um Shell de 8 (8+) misto com o CN Praia de Mira classificaram-se em 1\u00ba lugar do seu escal\u00e3o.<\/p>\n<p>A Naval terminou a \u00e9poca com chave de ouro nuns nacionais onde 61% dos seus jovens remadores foram medalhados.<\/p>\n<p>A Naval \u00e9 assim o clube com o melhor r\u00e1cio de atletas medalhados o que demonstra bem a qualidade dos seus remadores e a forma rigorosa com que se trabalha no seu Departamento de Remo.<\/p>\n","protected":false},"excerpt":{"rendered":"<p>Realizaram-se nos passados dias 1 e 2 de julho em Montemor-o-Velho os Campeonatos Nacionais de Velocidade de Remo. O Afonso Santos, no Skiff (1XIfM) Infantil masculino classificou-se em 1\u00ba lugar tornando-se o novo Campe\u00e3o Nacional, neste mesmo tipo de barco o Rodrigo Verdete e o Francisco Nunes foram 20\u00ba e 22\u00ba classificados respetivamente; Tamb\u00e9m em [&hellip;]<\/p>\n","protected":false},"author":2,"featured_media":459,"comment_status":"closed","ping_status":"open","sticky":false,"template":"","format":"standard","meta":{"spay_email":""},"categories":[4],"tags":[],"jetpack_featured_media_url":"https:\/\/navalremo.pt\/site\/wp-content\/uploads\/2017\/07\/Foto_medalhados.jpg","_links":{"self":[{"href":"https:\/\/navalremo.pt\/site\/wp-json\/wp\/v2\/posts\/445"}],"collection":[{"href":"https:\/\/navalremo.pt\/site\/wp-json\/wp\/v2\/posts"}],"about":[{"href":"https:\/\/navalremo.pt\/site\/wp-json\/wp\/v2\/types\/post"}],"author":[{"embeddable":true,"href":"https:\/\/navalremo.pt\/site\/wp-json\/wp\/v2\/users\/2"}],"replies":[{"embeddable":true,"href":"https:\/\/navalremo.pt\/site\/wp-json\/wp\/v2\/comments?post=445"}],"version-history":[{"count":14,"href":"https:\/\/navalremo.pt\/site\/wp-json\/wp\/v2\/posts\/445\/revisions"}],"predecessor-version":[{"id":468,"href":"https:\/\/navalremo.pt\/site\/wp-json\/wp\/v2\/posts\/445\/revisions\/468"}],"wp:featuredmedia":[{"embeddable":true,"href":"https:\/\/navalremo.pt\/site\/wp-json\/wp\/v2\/media\/459"}],"wp:attachment":[{"href":"https:\/\/navalremo.pt\/site\/wp-json\/wp\/v2\/media?parent=445"}],"wp:term":[{"taxonomy":"category","embeddable":true,"href":"https:\/\/navalremo.pt\/site\/wp-json\/wp\/v2\/categories?post=445"},{"taxonomy":"post_tag","embeddable":true,"href":"https:\/\/navalremo.pt\/site\/wp-json\/wp\/v2\/tags?post=445"}],"curies":[{"name":"wp","href":"https:\/\/api.w.org\/{rel}","templated":true}]}}