{"id":3446,"date":"2025-11-10T10:44:39","date_gmt":"2025-11-10T10:44:39","guid":{"rendered":"https:\/\/navalremo.pt\/site\/?p=3446"},"modified":"2025-11-10T10:44:41","modified_gmt":"2025-11-10T10:44:41","slug":"dinis-oliveira-no-top-5-do-mundial-de-beach-sprint","status":"publish","type":"post","link":"https:\/\/navalremo.pt\/site\/2025\/11\/10\/dinis-oliveira-no-top-5-do-mundial-de-beach-sprint\/","title":{"rendered":"DINIS OLIVEIRA NO TOP 5 DO MUNDIAL DE BEACH SPRINT"},"content":{"rendered":"\n<p>O atleta da Associa\u00e7\u00e3o Desportiva Naval Remo (ADNR), Dinis Oliveira, alcan\u00e7ou, pela Sele\u00e7\u00e3o Nacional de Remo Mar, o 5.\u00ba lugar no Campeonato do Mundo de Beach Sprint 2025 (categoria de CJM1x), numa prova que est\u00e1 a decorrer em Antalya, Turquia.<\/p>\n\n\n\n<p>Depois de vencer o Knockout frente ao atual vice-campe\u00e3o da Europa, da Est\u00f3nia, com o tempo de 2:36.21, Dinis Oliveira passou para os quartos de final. Nesta prova, disputada hoje frente ao atleta da sele\u00e7\u00e3o espanhola, o jovem figueirense alcan\u00e7ou o 5.\u00ba lugar na categoria CJM1x, com o tempo de 2:30:05.<\/p>\n\n\n\n<p>\u201c<em>H\u00e1 poucos meses nem sequer imaginava estar aqui, no Mundial. Ainda noto alguma falta de experi\u00eancia, mas sei que com o tempo chego l\u00e1! Mas, acima de tudo estou muito empolgado para continuar a trabalhar e chegar ao p\u00f3dio<\/em>\u201d, refere Dinis Oliveira ap\u00f3s terminar a prova.<\/p>\n\n\n\n<p>\u201c<em>Hoje o Dinis Oliveira terminou a sua participa\u00e7\u00e3o no Mundial de Beach Sprints alcan\u00e7ando o 5.\u00ba lugar na classifica\u00e7\u00e3o geral, mais um excelente resultado para a Naval, a Figueira da Foz e para o Remo Nacional. Estamos muito orgulhosos por este resultado, mas estamos ainda mais felizes pelo nosso atleta Dinis Oliveira, discreto, humilde, rigoroso, esfor\u00e7ado e com uma vontade e atitude que s\u00f3 os grandes Atletas t\u00eam\u2026 parab\u00e9ns Dinis, \u00e9s um exemplo como Atleta e como Pessoa e este palco \u00e9 inteiramente merecido<\/em>\u201d, real\u00e7a o presidente da Naval Remo, Nelson Silva.<\/p>\n\n\n\n<p><strong><u>Sobre o Dinis Oliveira:<\/u><\/strong><br>Natural da Figueira da Foz Dinis Oliveira entrou para a Naval Remo no ver\u00e3o de 2019, com 12 anos, para frequentar o Campo de F\u00e9rias. Acompanhado pelo irm\u00e3o, o Dinis quis ficar no Clube e ser atleta de Remo.<br>\u201c<em>Eu era uma crian\u00e7a quando vim para aqui [a Naval]. Passei toda a minha adolesc\u00eancia na Naval Remo. Foi aqui que cresci. Tudo aquilo que eu sou, tudo aquilo que eu fa\u00e7o \u00e9 \u00e0 volta do Remo, por causa do Remo<\/em>\u201d, recorda, sublinhando a import\u00e2ncia que o Remo teve, e tem, na sua vida.<br>\u201c<em>O Remo fez de mim uma pessoa muito melhor. Ao longo destes anos cresci muito como pessoa, como atleta. Ao praticar desporto conseguimos ir mais longe, descobrimos o nosso limite. Neste momento, o Remo \u00e9 a base de tudo<\/em>\u201d, frisa.<br>Quanto ao futuro: \u201c<em>Temos na Naval um projeto muito interessante e quero continuar a fazer parte dele. Porque, no fundo, foi na Naval que eu cresci e quero continuar a crescer<\/em>\u201d, real\u00e7a Dinis Oliveira.<\/p>\n\n\n\n<p>Foto: Federa\u00e7\u00e3o Portuguesa de Remo<\/p>\n","protected":false},"excerpt":{"rendered":"<p>O atleta da Associa\u00e7\u00e3o Desportiva Naval Remo (ADNR), Dinis Oliveira, alcan\u00e7ou, pela Sele\u00e7\u00e3o Nacional de Remo Mar, o 5.\u00ba lugar no Campeonato do Mundo de Beach Sprint 2025 (categoria de CJM1x), numa prova que est\u00e1 a decorrer em Antalya, Turquia. Depois de vencer o Knockout frente ao atual vice-campe\u00e3o da Europa, da Est\u00f3nia, com o [&hellip;]<\/p>\n","protected":false},"author":2,"featured_media":3447,"comment_status":"closed","ping_status":"open","sticky":false,"template":"","format":"standard","meta":{"spay_email":""},"categories":[45,4,2],"tags":[],"jetpack_featured_media_url":"https:\/\/navalremo.pt\/site\/wp-content\/uploads\/2025\/11\/Dinis-Oliveira_Mundial.jpeg","_links":{"self":[{"href":"https:\/\/navalremo.pt\/site\/wp-json\/wp\/v2\/posts\/3446"}],"collection":[{"href":"https:\/\/navalremo.pt\/site\/wp-json\/wp\/v2\/posts"}],"about":[{"href":"https:\/\/navalremo.pt\/site\/wp-json\/wp\/v2\/types\/post"}],"author":[{"embeddable":true,"href":"https:\/\/navalremo.pt\/site\/wp-json\/wp\/v2\/users\/2"}],"replies":[{"embeddable":true,"href":"https:\/\/navalremo.pt\/site\/wp-json\/wp\/v2\/comments?post=3446"}],"version-history":[{"count":1,"href":"https:\/\/navalremo.pt\/site\/wp-json\/wp\/v2\/posts\/3446\/revisions"}],"predecessor-version":[{"id":3448,"href":"https:\/\/navalremo.pt\/site\/wp-json\/wp\/v2\/posts\/3446\/revisions\/3448"}],"wp:featuredmedia":[{"embeddable":true,"href":"https:\/\/navalremo.pt\/site\/wp-json\/wp\/v2\/media\/3447"}],"wp:attachment":[{"href":"https:\/\/navalremo.pt\/site\/wp-json\/wp\/v2\/media?parent=3446"}],"wp:term":[{"taxonomy":"category","embeddable":true,"href":"https:\/\/navalremo.pt\/site\/wp-json\/wp\/v2\/categories?post=3446"},{"taxonomy":"post_tag","embeddable":true,"href":"https:\/\/navalremo.pt\/site\/wp-json\/wp\/v2\/tags?post=3446"}],"curies":[{"name":"wp","href":"https:\/\/api.w.org\/{rel}","templated":true}]}}