{"id":3428,"date":"2025-10-24T15:14:17","date_gmt":"2025-10-24T15:14:17","guid":{"rendered":"https:\/\/navalremo.pt\/site\/?p=3428"},"modified":"2025-10-24T15:14:19","modified_gmt":"2025-10-24T15:14:19","slug":"patricia-batista-e-afonso-costa-sao-campeoes-da-europa-de-remo-de-mar","status":"publish","type":"post","link":"https:\/\/navalremo.pt\/site\/2025\/10\/24\/patricia-batista-e-afonso-costa-sao-campeoes-da-europa-de-remo-de-mar\/","title":{"rendered":"PATR\u00cdCIA BATISTA E AFONSO COSTA S\u00c3O CAMPE\u00d5ES DA EUROPA DE REMO DE MAR"},"content":{"rendered":"\n<p>A atleta da Associa\u00e7\u00e3o Desportiva Naval Remo (ADNR) Patr\u00edcia Batista e Afonso Costa (Setubalense) sagraram-se campe\u00f5es da Europa de double scull misto (CMix2x) em remo de mar, numa prova que decorreu, de 9 a 12 outubro, em Antalya, na Turquia.<br>Na prova final, realizada dia 12, a dupla nacional terminou o desafio em 2.26,66 minutos, superando os alem\u00e3es Franz Werner e Sophie Leupold, 4,31 segundos mais lentos.<br>\u201c<em>Hoje assistimos a uma das regatas mais emocionantes da Naval onde a Patr\u00edcia Batista e o Afonso Costa disputaram, de forma exemplar frente \u00e0 equipa da Alemanha, a final do Campeonato da Europa em Beach Sprints, conquistando o t\u00edtulo de Campe\u00f5es da Europa. N\u00e3o h\u00e1 palavras para descrever a alegria, a emo\u00e7\u00e3o e o orgulho nesta dupla de atletas que fizeram soar a \u00abPortuguesa<\/em>\u00bb <em>hoje, 12 de outubro de 2025 na Turquia.<br>Uma grande conquista para a Naval, para a cidade da Figueira da Foz e para Portugal. Muitos parab\u00e9ns \u00e0 Patr\u00edcia Batista e ao Afonso Costa que trabalharam, segundo as orienta\u00e7\u00f5es do t\u00e9cnico da Equipa Nacional Pedro Fraga, com um empenho e vontade inexced\u00edveis, sendo inteiramente merecida a medalha de ouro que hoje ostentam ao peito\u201d<\/em>, refere o presidente da Naval Remo, Nelson Silva.<\/p>\n\n\n\n<p>Quanto aos atletas Dinis Oliveira e Alisson Russo, Nelson Silva destaca que \u201capesar de n\u00e3o terem atingido lugares de p\u00f3dio deixaram uma excelente imagem do Remo da Naval neste Europeu\u201d.<br>De referir que Dinis Oliveira foi eliminado nos quartos de final, enquanto Alisson Russo chegou aos oitavos de final.<\/p>\n\n\n\n<p>Em novembro \u2013 6 a 9 \u2013 a Equipa Nacional de Remo Mar regressa \u00e0 Turquia, Antalya, para participar no Campeonato do Mundo de Beach Sprints.<\/p>\n\n\n\n<p>Recorde-se que nos Jogos Ol\u00edmpicos Los Angeles2028, o remo de mar (beach sprint) sucede ao double-scull pesos ligeiros de pista, que terminou em Paris2024.<\/p>\n","protected":false},"excerpt":{"rendered":"<p>A atleta da Associa\u00e7\u00e3o Desportiva Naval Remo (ADNR) Patr\u00edcia Batista e Afonso Costa (Setubalense) sagraram-se campe\u00f5es da Europa de double scull misto (CMix2x) em remo de mar, numa prova que decorreu, de 9 a 12 outubro, em Antalya, na Turquia.Na prova final, realizada dia 12, a dupla nacional terminou o desafio em 2.26,66 minutos, superando [&hellip;]<\/p>\n","protected":false},"author":2,"featured_media":3429,"comment_status":"closed","ping_status":"open","sticky":false,"template":"","format":"standard","meta":{"spay_email":""},"categories":[45,4,2],"tags":[],"jetpack_featured_media_url":"https:\/\/navalremo.pt\/site\/wp-content\/uploads\/2025\/10\/REMO-MAR-1.jpg","_links":{"self":[{"href":"https:\/\/navalremo.pt\/site\/wp-json\/wp\/v2\/posts\/3428"}],"collection":[{"href":"https:\/\/navalremo.pt\/site\/wp-json\/wp\/v2\/posts"}],"about":[{"href":"https:\/\/navalremo.pt\/site\/wp-json\/wp\/v2\/types\/post"}],"author":[{"embeddable":true,"href":"https:\/\/navalremo.pt\/site\/wp-json\/wp\/v2\/users\/2"}],"replies":[{"embeddable":true,"href":"https:\/\/navalremo.pt\/site\/wp-json\/wp\/v2\/comments?post=3428"}],"version-history":[{"count":1,"href":"https:\/\/navalremo.pt\/site\/wp-json\/wp\/v2\/posts\/3428\/revisions"}],"predecessor-version":[{"id":3430,"href":"https:\/\/navalremo.pt\/site\/wp-json\/wp\/v2\/posts\/3428\/revisions\/3430"}],"wp:featuredmedia":[{"embeddable":true,"href":"https:\/\/navalremo.pt\/site\/wp-json\/wp\/v2\/media\/3429"}],"wp:attachment":[{"href":"https:\/\/navalremo.pt\/site\/wp-json\/wp\/v2\/media?parent=3428"}],"wp:term":[{"taxonomy":"category","embeddable":true,"href":"https:\/\/navalremo.pt\/site\/wp-json\/wp\/v2\/categories?post=3428"},{"taxonomy":"post_tag","embeddable":true,"href":"https:\/\/navalremo.pt\/site\/wp-json\/wp\/v2\/tags?post=3428"}],"curies":[{"name":"wp","href":"https:\/\/api.w.org\/{rel}","templated":true}]}}