{"id":3425,"date":"2025-10-24T15:10:25","date_gmt":"2025-10-24T15:10:25","guid":{"rendered":"https:\/\/navalremo.pt\/site\/?p=3425"},"modified":"2025-10-24T15:10:28","modified_gmt":"2025-10-24T15:10:28","slug":"afonso-santos-e-pedro-rodrigues-sao-vice-campeoes-da-europa-sub-23","status":"publish","type":"post","link":"https:\/\/navalremo.pt\/site\/2025\/10\/24\/afonso-santos-e-pedro-rodrigues-sao-vice-campeoes-da-europa-sub-23\/","title":{"rendered":"AFONSO SANTOS E PEDRO RODRIGUES S\u00c3O VICE-CAMPE\u00d5ES DA EUROPA SUB-23"},"content":{"rendered":"\n<p>Domingo, dia 7 setembro 2025, Portugal alcan\u00e7ou a medalha de prata na prova de quadriscull (BM4x) do Campeonato da Europa sub-23 de remo, realizado em Racice, na Rep\u00fablica Checa.<br>A equipa nacional \u2013 composta por Afonso Santos (Associa\u00e7\u00e3o Desportiva Naval Remo), Diogo Gon\u00e7alves (Clube Fluvial Portuense), Pedro Rodrigues (Associa\u00e7\u00e3o Desportiva Naval Remo) e Tom\u00e1s Neves (Acad\u00e9mica de Coimbra) \u2013 terminou a prova em 5.57,15 minutos, garantindo a segunda posi\u00e7\u00e3o ap\u00f3s um emocionante <em>photo finis<\/em>h frente \u00e0 Pol\u00f3nia (que registou exatamente o mesmo tempo) apenas superados pela tripula\u00e7\u00e3o de atletas independentes, que cortou a meta em 05.54,23.<\/p>\n\n\n\n<p>\u201c<em>A conquista da prata no Campeonato Europeu por parte do Pedro Rodrigues e pelo Afonso Santos \u00e9 um feito marcante que eleva o nome do Clube e da Cidade da Figueira da Foz ao mais elevado patamar do Remo Internacional. N\u00e3o h\u00e1 palavras para descrever a grandeza destes Atletas que abdicam da sua vida pessoal e profissional para se dedicar a tempo inteiro a uma Modalidade, onde o retorno \u00e9 apenas o orgulho e a satisfa\u00e7\u00e3o pessoal e coletiva (do Clube). Atletas como o Pedro e o Afonso deviam merecer todo o nosso apoio e n\u00e3o \u00e9 somente motivacional&#8230; n\u00e3o pode ser apenas nos momentos em que ganham medalhas, \u00e9 tamb\u00e9m quando as coisas correm menos bem, quando, apesar de tudo, os resultados n\u00e3o aparecem, quando a vida que nos rodeia parece ser muito mais f\u00e1cil e apelativa, porque este Atletas de Alta Competi\u00e7\u00e3o do Remo s\u00e3o um exemplo de entrega, esfor\u00e7o, dedica\u00e7\u00e3o e perseveran\u00e7a. Parab\u00e9ns ao Pedro e ao Afonso e ao seu treinador Jos\u00e9 Canhola<\/em>\u201d, <strong>refere o presidente da ADNR, Nelson Silva.<\/strong><\/p>\n\n\n\n<p>\u00c0 chegada a Portugal, ao aeroporto do Porto, a equipa nacional de Remo, treinada por Jos\u00e9 Velhinho e John West, tinha \u00e0 sua espera, para al\u00e9m da fam\u00edlia, o presidente da Federa\u00e7\u00e3o Portuguesa de Remo, Lu\u00eds Faria, e os atletas da Naval, Afonso Santos e Pedro Rodrigues, tinham \u00e0 sua espera os amigos e colegas do Clube assim como o treinador Jos\u00e9 Canhola.<\/p>\n\n\n\n<p>\u201c<em>Estou muito orgulhoso do Afonso e do Pedro. Temos vindo a construir uma equipa nacional consistente e isso tem dado resultados. As medalhas t\u00eam aparecido e estamos claramente no bom caminho que passa por continuar a desenvolver a modalidade em Portugal<\/em>\u201d, <strong>real\u00e7ou o t\u00e9cnico Jos\u00e9 Canhola, aquando da chegada dos atletas a Portugal.<\/strong><\/p>\n\n\n\n<p><strong><u>Sabia que os 4 atletas s\u00e3o da Regi\u00e3o Centro?<\/u><\/strong><br>Afonso Santos, Pedro Rodrigues e Tom\u00e1s Neves s\u00e3o os 3 naturais da Figueira da Foz. O Diogo Gon\u00e7alves tem ra\u00edzes em Pereira (concelho de Montemor-o-Velho).<\/p>\n","protected":false},"excerpt":{"rendered":"<p>Domingo, dia 7 setembro 2025, Portugal alcan\u00e7ou a medalha de prata na prova de quadriscull (BM4x) do Campeonato da Europa sub-23 de remo, realizado em Racice, na Rep\u00fablica Checa.A equipa nacional \u2013 composta por Afonso Santos (Associa\u00e7\u00e3o Desportiva Naval Remo), Diogo Gon\u00e7alves (Clube Fluvial Portuense), Pedro Rodrigues (Associa\u00e7\u00e3o Desportiva Naval Remo) e Tom\u00e1s Neves (Acad\u00e9mica [&hellip;]<\/p>\n","protected":false},"author":2,"featured_media":3426,"comment_status":"closed","ping_status":"open","sticky":false,"template":"","format":"standard","meta":{"spay_email":""},"categories":[4,2],"tags":[],"jetpack_featured_media_url":"https:\/\/navalremo.pt\/site\/wp-content\/uploads\/2025\/10\/prata-remo-pista.jpg","_links":{"self":[{"href":"https:\/\/navalremo.pt\/site\/wp-json\/wp\/v2\/posts\/3425"}],"collection":[{"href":"https:\/\/navalremo.pt\/site\/wp-json\/wp\/v2\/posts"}],"about":[{"href":"https:\/\/navalremo.pt\/site\/wp-json\/wp\/v2\/types\/post"}],"author":[{"embeddable":true,"href":"https:\/\/navalremo.pt\/site\/wp-json\/wp\/v2\/users\/2"}],"replies":[{"embeddable":true,"href":"https:\/\/navalremo.pt\/site\/wp-json\/wp\/v2\/comments?post=3425"}],"version-history":[{"count":1,"href":"https:\/\/navalremo.pt\/site\/wp-json\/wp\/v2\/posts\/3425\/revisions"}],"predecessor-version":[{"id":3427,"href":"https:\/\/navalremo.pt\/site\/wp-json\/wp\/v2\/posts\/3425\/revisions\/3427"}],"wp:featuredmedia":[{"embeddable":true,"href":"https:\/\/navalremo.pt\/site\/wp-json\/wp\/v2\/media\/3426"}],"wp:attachment":[{"href":"https:\/\/navalremo.pt\/site\/wp-json\/wp\/v2\/media?parent=3425"}],"wp:term":[{"taxonomy":"category","embeddable":true,"href":"https:\/\/navalremo.pt\/site\/wp-json\/wp\/v2\/categories?post=3425"},{"taxonomy":"post_tag","embeddable":true,"href":"https:\/\/navalremo.pt\/site\/wp-json\/wp\/v2\/tags?post=3425"}],"curies":[{"name":"wp","href":"https:\/\/api.w.org\/{rel}","templated":true}]}}