{"id":3343,"date":"2025-04-02T10:14:51","date_gmt":"2025-04-02T10:14:51","guid":{"rendered":"https:\/\/navalremo.pt\/site\/?p=3343"},"modified":"2025-04-02T10:14:53","modified_gmt":"2025-04-02T10:14:53","slug":"taca-portugal-remo-mar-medalha-de-ouro-para-patricia-batista","status":"publish","type":"post","link":"https:\/\/navalremo.pt\/site\/2025\/04\/02\/taca-portugal-remo-mar-medalha-de-ouro-para-patricia-batista\/","title":{"rendered":"Ta\u00e7a Portugal \u2013 Remo Mar | MEDALHA DE OURO PARA PATR\u00cdCIA BATISTA"},"content":{"rendered":"\n<p>A atleta da Associa\u00e7\u00e3o Desportiva Naval Remo (ADNR) alcan\u00e7ou o 1.\u00ba lugar em C1x S\u00e9nior Feminino na 2.\u00aa Etapa <a>Ta\u00e7a Portugal Remo de Mar<\/a> Beach Sprints, realizada a 22 mar\u00e7o em Set\u00fabal, numa competi\u00e7\u00e3o que alia velocidade, t\u00e9cnica e estrat\u00e9gia em percursos intensos.<\/p>\n\n\n\n<p><em>\u201cFoi um bom resultado, mas ainda h\u00e1 muito trabalho para fazer durante a \u00e9poca\u201d<\/em>, real\u00e7ou Patr\u00edcia Batista que, no pr\u00f3ximo fim de semana, vai disputar, pela Sele\u00e7\u00e3o Nacional de Remo Mar, a primeira etapa da Ta\u00e7a Filippi Lido 2025, em Mondello (Palermo, It\u00e1lia).<\/p>\n\n\n\n<p>De real\u00e7ar o primeiro lugar de Sara Batista e Mafalda Oliveira (C2x Sub19 Femininos), Rodrigo Almeida e Dinis Oliveira (C2x Sub19 Masculinos) e, em C2x S\u00e9nior Mix, Afonso Costa e Patr\u00edcia Batista.<\/p>\n\n\n\n<p><em>\u201cOs resultados obtidos pela Naval s\u00e3o o reflexo da aposta do Clube no Remo de Mar. A Figueira tem excelentes condi\u00e7\u00f5es para a pr\u00e1tica de Remo de Mar, que vai ser modalidade ol\u00edmpica em Los Angeles nos pr\u00f3ximos jogos ol\u00edmpicos, uma das raz\u00f5es pelas quais a Federa\u00e7\u00e3o Portuguesa de Remo escolheu a cidade e o Posto N\u00e1utico da Naval como base de treino da sele\u00e7\u00e3o\u201d<\/em>, destacou o presidente da ADNR, Nelson Silva. Para o respons\u00e1vel <em>\u201cfoi um grande fim de semana\u201d<\/em> para a Naval <em>\u201ccom 7 p\u00f3dios numa Regata a par com a presen\u00e7a em massa na Cerim\u00f3nia de entrega de Pr\u00e9mios Desportivos realizada no CAE, onde, mais uma vez a Naval esteve em grande destaque pelas conquistas individuais e coletivas em 2024\u201d<\/em>.<\/p>\n\n\n\n<p><em>\u201cParab\u00e9ns aos atletas e treinadores pelos resultados e por manterem o nome do Clube e da Cidade no mais elevado patamar do Remo Nacional\u201d<\/em>, frisou.<\/p>\n\n\n\n<p>Resultados:<br>C1x Seniores Femininos: <strong>1.\u00ba Patr\u00edcia Batista<\/strong><br>C2x Sub19 Femininos: <strong>1.\u00ba Sara Baptista \/ Mafalda Oliveira<\/strong><br><a>C2x Sub19 Masculinos<\/a>: <strong>1.\u00ba Rodrigo Almeida \/ Dinis Oliveira<\/strong><br>C1x Veteranos Femininos: 3.\u00ba Ana Pereira<br>C1x Seniores Femininos: <strong>1.\u00ba Patr\u00edcia Batista<\/strong><br>C2x Veteranos Masculinos: 4.\u00ba Jos\u00e9 Silva \/ Jos\u00e9 Canhola<br>C2x Seniores Mix<strong>: 1.\u00ba Afonso Costa (Setubalense) \/ Patr\u00edcia Batista (Naval Remo)<\/strong><\/p>\n\n\n\n<figure class=\"wp-block-gallery columns-3 is-cropped\"><ul data-carousel-extra='{\"blog_id\":1,\"permalink\":\"https:\\\/\\\/navalremo.pt\\\/site\\\/2025\\\/04\\\/02\\\/taca-portugal-remo-mar-medalha-de-ouro-para-patricia-batista\\\/\"}' class=\"blocks-gallery-grid\"><li class=\"blocks-gallery-item\"><figure><img data-attachment-id=\"3345\" data-permalink=\"https:\/\/navalremo.pt\/site\/2025\/04\/02\/taca-portugal-remo-mar-medalha-de-ouro-para-patricia-batista\/3o-ana-magalhaes\/\" data-orig-file=\"https:\/\/navalremo.pt\/site\/wp-content\/uploads\/2025\/04\/3o-Ana-Magalhaes.jpg\" data-orig-size=\"1532,2048\" data-comments-opened=\"0\" data-image-meta=\"{&quot;aperture&quot;:&quot;0&quot;,&quot;credit&quot;:&quot;&quot;,&quot;camera&quot;:&quot;&quot;,&quot;caption&quot;:&quot;&quot;,&quot;created_timestamp&quot;:&quot;0&quot;,&quot;copyright&quot;:&quot;&quot;,&quot;focal_length&quot;:&quot;0&quot;,&quot;iso&quot;:&quot;0&quot;,&quot;shutter_speed&quot;:&quot;0&quot;,&quot;title&quot;:&quot;&quot;,&quot;orientation&quot;:&quot;0&quot;}\" data-image-title=\"3o-Ana-Magalhaes\" data-image-description=\"\" data-medium-file=\"https:\/\/navalremo.pt\/site\/wp-content\/uploads\/2025\/04\/3o-Ana-Magalhaes-224x300.jpg\" data-large-file=\"https:\/\/navalremo.pt\/site\/wp-content\/uploads\/2025\/04\/3o-Ana-Magalhaes-766x1024.jpg\" loading=\"lazy\" width=\"766\" height=\"1024\" src=\"https:\/\/navalremo.pt\/site\/wp-content\/uploads\/2025\/04\/3o-Ana-Magalhaes-766x1024.jpg\" alt=\"\" data-id=\"3345\" class=\"wp-image-3345\" srcset=\"https:\/\/navalremo.pt\/site\/wp-content\/uploads\/2025\/04\/3o-Ana-Magalhaes-766x1024.jpg 766w, https:\/\/navalremo.pt\/site\/wp-content\/uploads\/2025\/04\/3o-Ana-Magalhaes-224x300.jpg 224w, https:\/\/navalremo.pt\/site\/wp-content\/uploads\/2025\/04\/3o-Ana-Magalhaes-768x1027.jpg 768w, https:\/\/navalremo.pt\/site\/wp-content\/uploads\/2025\/04\/3o-Ana-Magalhaes-1149x1536.jpg 1149w, https:\/\/navalremo.pt\/site\/wp-content\/uploads\/2025\/04\/3o-Ana-Magalhaes-600x802.jpg 600w, https:\/\/navalremo.pt\/site\/wp-content\/uploads\/2025\/04\/3o-Ana-Magalhaes.jpg 1532w\" sizes=\"(max-width: 766px) 100vw, 766px\" \/><\/figure><\/li><li class=\"blocks-gallery-item\"><figure><img data-attachment-id=\"3347\" data-permalink=\"https:\/\/navalremo.pt\/site\/2025\/04\/02\/taca-portugal-remo-mar-medalha-de-ouro-para-patricia-batista\/1o-rodrigo-almeida-e-dinis-oliveira\/\" data-orig-file=\"https:\/\/navalremo.pt\/site\/wp-content\/uploads\/2025\/04\/1o-Rodrigo-Almeida-e-Dinis-Oliveira.jpg\" data-orig-size=\"1532,2048\" data-comments-opened=\"0\" data-image-meta=\"{&quot;aperture&quot;:&quot;0&quot;,&quot;credit&quot;:&quot;&quot;,&quot;camera&quot;:&quot;&quot;,&quot;caption&quot;:&quot;&quot;,&quot;created_timestamp&quot;:&quot;0&quot;,&quot;copyright&quot;:&quot;&quot;,&quot;focal_length&quot;:&quot;0&quot;,&quot;iso&quot;:&quot;0&quot;,&quot;shutter_speed&quot;:&quot;0&quot;,&quot;title&quot;:&quot;&quot;,&quot;orientation&quot;:&quot;0&quot;}\" data-image-title=\"1o-Rodrigo-Almeida-e-Dinis-Oliveira\" data-image-description=\"\" data-medium-file=\"https:\/\/navalremo.pt\/site\/wp-content\/uploads\/2025\/04\/1o-Rodrigo-Almeida-e-Dinis-Oliveira-224x300.jpg\" data-large-file=\"https:\/\/navalremo.pt\/site\/wp-content\/uploads\/2025\/04\/1o-Rodrigo-Almeida-e-Dinis-Oliveira-766x1024.jpg\" loading=\"lazy\" width=\"766\" height=\"1024\" src=\"https:\/\/navalremo.pt\/site\/wp-content\/uploads\/2025\/04\/1o-Rodrigo-Almeida-e-Dinis-Oliveira-766x1024.jpg\" alt=\"\" data-id=\"3347\" data-link=\"https:\/\/navalremo.pt\/site\/?attachment_id=3347\" class=\"wp-image-3347\" srcset=\"https:\/\/navalremo.pt\/site\/wp-content\/uploads\/2025\/04\/1o-Rodrigo-Almeida-e-Dinis-Oliveira-766x1024.jpg 766w, https:\/\/navalremo.pt\/site\/wp-content\/uploads\/2025\/04\/1o-Rodrigo-Almeida-e-Dinis-Oliveira-224x300.jpg 224w, https:\/\/navalremo.pt\/site\/wp-content\/uploads\/2025\/04\/1o-Rodrigo-Almeida-e-Dinis-Oliveira-768x1027.jpg 768w, https:\/\/navalremo.pt\/site\/wp-content\/uploads\/2025\/04\/1o-Rodrigo-Almeida-e-Dinis-Oliveira-1149x1536.jpg 1149w, https:\/\/navalremo.pt\/site\/wp-content\/uploads\/2025\/04\/1o-Rodrigo-Almeida-e-Dinis-Oliveira-600x802.jpg 600w, https:\/\/navalremo.pt\/site\/wp-content\/uploads\/2025\/04\/1o-Rodrigo-Almeida-e-Dinis-Oliveira.jpg 1532w\" sizes=\"(max-width: 766px) 100vw, 766px\" \/><\/figure><\/li><li class=\"blocks-gallery-item\"><figure><img data-attachment-id=\"3350\" data-permalink=\"https:\/\/navalremo.pt\/site\/2025\/04\/02\/taca-portugal-remo-mar-medalha-de-ouro-para-patricia-batista\/1o-cx2-afonso-costa-e-patricia-batista-2\/\" data-orig-file=\"https:\/\/navalremo.pt\/site\/wp-content\/uploads\/2025\/04\/1o-Cx2-Afonso-Costa-e-Patricia-Batista-2.jpg\" data-orig-size=\"1532,2048\" data-comments-opened=\"0\" data-image-meta=\"{&quot;aperture&quot;:&quot;0&quot;,&quot;credit&quot;:&quot;&quot;,&quot;camera&quot;:&quot;&quot;,&quot;caption&quot;:&quot;&quot;,&quot;created_timestamp&quot;:&quot;0&quot;,&quot;copyright&quot;:&quot;&quot;,&quot;focal_length&quot;:&quot;0&quot;,&quot;iso&quot;:&quot;0&quot;,&quot;shutter_speed&quot;:&quot;0&quot;,&quot;title&quot;:&quot;&quot;,&quot;orientation&quot;:&quot;0&quot;}\" data-image-title=\"1o-Cx2-Afonso-Costa-e-Patricia-Batista-2\" data-image-description=\"\" data-medium-file=\"https:\/\/navalremo.pt\/site\/wp-content\/uploads\/2025\/04\/1o-Cx2-Afonso-Costa-e-Patricia-Batista-2-224x300.jpg\" data-large-file=\"https:\/\/navalremo.pt\/site\/wp-content\/uploads\/2025\/04\/1o-Cx2-Afonso-Costa-e-Patricia-Batista-2-766x1024.jpg\" loading=\"lazy\" width=\"766\" height=\"1024\" src=\"https:\/\/navalremo.pt\/site\/wp-content\/uploads\/2025\/04\/1o-Cx2-Afonso-Costa-e-Patricia-Batista-2-766x1024.jpg\" alt=\"\" data-id=\"3350\" data-link=\"https:\/\/navalremo.pt\/site\/?attachment_id=3350\" class=\"wp-image-3350\" srcset=\"https:\/\/navalremo.pt\/site\/wp-content\/uploads\/2025\/04\/1o-Cx2-Afonso-Costa-e-Patricia-Batista-2-766x1024.jpg 766w, https:\/\/navalremo.pt\/site\/wp-content\/uploads\/2025\/04\/1o-Cx2-Afonso-Costa-e-Patricia-Batista-2-224x300.jpg 224w, https:\/\/navalremo.pt\/site\/wp-content\/uploads\/2025\/04\/1o-Cx2-Afonso-Costa-e-Patricia-Batista-2-768x1027.jpg 768w, https:\/\/navalremo.pt\/site\/wp-content\/uploads\/2025\/04\/1o-Cx2-Afonso-Costa-e-Patricia-Batista-2-1149x1536.jpg 1149w, https:\/\/navalremo.pt\/site\/wp-content\/uploads\/2025\/04\/1o-Cx2-Afonso-Costa-e-Patricia-Batista-2-600x802.jpg 600w, https:\/\/navalremo.pt\/site\/wp-content\/uploads\/2025\/04\/1o-Cx2-Afonso-Costa-e-Patricia-Batista-2.jpg 1532w\" sizes=\"(max-width: 766px) 100vw, 766px\" \/><\/figure><\/li><li class=\"blocks-gallery-item\"><figure><img data-attachment-id=\"3351\" data-permalink=\"https:\/\/navalremo.pt\/site\/2025\/04\/02\/taca-portugal-remo-mar-medalha-de-ouro-para-patricia-batista\/1o-sara-batista-e-mafalda-oliveira-1\/\" data-orig-file=\"https:\/\/navalremo.pt\/site\/wp-content\/uploads\/2025\/04\/1o-Sara-Batista-e-Mafalda-Oliveira-1.jpg\" data-orig-size=\"1532,2048\" data-comments-opened=\"0\" data-image-meta=\"{&quot;aperture&quot;:&quot;0&quot;,&quot;credit&quot;:&quot;&quot;,&quot;camera&quot;:&quot;&quot;,&quot;caption&quot;:&quot;&quot;,&quot;created_timestamp&quot;:&quot;0&quot;,&quot;copyright&quot;:&quot;&quot;,&quot;focal_length&quot;:&quot;0&quot;,&quot;iso&quot;:&quot;0&quot;,&quot;shutter_speed&quot;:&quot;0&quot;,&quot;title&quot;:&quot;&quot;,&quot;orientation&quot;:&quot;0&quot;}\" data-image-title=\"1o-Sara-Batista-e-Mafalda-Oliveira-1\" data-image-description=\"\" data-medium-file=\"https:\/\/navalremo.pt\/site\/wp-content\/uploads\/2025\/04\/1o-Sara-Batista-e-Mafalda-Oliveira-1-224x300.jpg\" data-large-file=\"https:\/\/navalremo.pt\/site\/wp-content\/uploads\/2025\/04\/1o-Sara-Batista-e-Mafalda-Oliveira-1-766x1024.jpg\" loading=\"lazy\" width=\"766\" height=\"1024\" src=\"https:\/\/navalremo.pt\/site\/wp-content\/uploads\/2025\/04\/1o-Sara-Batista-e-Mafalda-Oliveira-1-766x1024.jpg\" alt=\"\" data-id=\"3351\" data-full-url=\"https:\/\/navalremo.pt\/site\/wp-content\/uploads\/2025\/04\/1o-Sara-Batista-e-Mafalda-Oliveira-1.jpg\" data-link=\"https:\/\/navalremo.pt\/site\/?attachment_id=3351\" class=\"wp-image-3351\" srcset=\"https:\/\/navalremo.pt\/site\/wp-content\/uploads\/2025\/04\/1o-Sara-Batista-e-Mafalda-Oliveira-1-766x1024.jpg 766w, https:\/\/navalremo.pt\/site\/wp-content\/uploads\/2025\/04\/1o-Sara-Batista-e-Mafalda-Oliveira-1-224x300.jpg 224w, https:\/\/navalremo.pt\/site\/wp-content\/uploads\/2025\/04\/1o-Sara-Batista-e-Mafalda-Oliveira-1-768x1027.jpg 768w, https:\/\/navalremo.pt\/site\/wp-content\/uploads\/2025\/04\/1o-Sara-Batista-e-Mafalda-Oliveira-1-1149x1536.jpg 1149w, https:\/\/navalremo.pt\/site\/wp-content\/uploads\/2025\/04\/1o-Sara-Batista-e-Mafalda-Oliveira-1-600x802.jpg 600w, https:\/\/navalremo.pt\/site\/wp-content\/uploads\/2025\/04\/1o-Sara-Batista-e-Mafalda-Oliveira-1.jpg 1532w\" sizes=\"(max-width: 766px) 100vw, 766px\" \/><\/figure><\/li><\/ul><\/figure>\n","protected":false},"excerpt":{"rendered":"<p>A atleta da Associa\u00e7\u00e3o Desportiva Naval Remo (ADNR) alcan\u00e7ou o 1.\u00ba lugar em C1x S\u00e9nior Feminino na 2.\u00aa Etapa Ta\u00e7a Portugal Remo de Mar Beach Sprints, realizada a 22 mar\u00e7o em Set\u00fabal, numa competi\u00e7\u00e3o que alia velocidade, t\u00e9cnica e estrat\u00e9gia em percursos intensos. \u201cFoi um bom resultado, mas ainda h\u00e1 muito trabalho para fazer durante [&hellip;]<\/p>\n","protected":false},"author":2,"featured_media":3344,"comment_status":"closed","ping_status":"open","sticky":false,"template":"","format":"standard","meta":{"spay_email":""},"categories":[45,4,2],"tags":[],"jetpack_featured_media_url":"https:\/\/navalremo.pt\/site\/wp-content\/uploads\/2025\/04\/1o-Patricia-Batista.jpg","_links":{"self":[{"href":"https:\/\/navalremo.pt\/site\/wp-json\/wp\/v2\/posts\/3343"}],"collection":[{"href":"https:\/\/navalremo.pt\/site\/wp-json\/wp\/v2\/posts"}],"about":[{"href":"https:\/\/navalremo.pt\/site\/wp-json\/wp\/v2\/types\/post"}],"author":[{"embeddable":true,"href":"https:\/\/navalremo.pt\/site\/wp-json\/wp\/v2\/users\/2"}],"replies":[{"embeddable":true,"href":"https:\/\/navalremo.pt\/site\/wp-json\/wp\/v2\/comments?post=3343"}],"version-history":[{"count":1,"href":"https:\/\/navalremo.pt\/site\/wp-json\/wp\/v2\/posts\/3343\/revisions"}],"predecessor-version":[{"id":3352,"href":"https:\/\/navalremo.pt\/site\/wp-json\/wp\/v2\/posts\/3343\/revisions\/3352"}],"wp:featuredmedia":[{"embeddable":true,"href":"https:\/\/navalremo.pt\/site\/wp-json\/wp\/v2\/media\/3344"}],"wp:attachment":[{"href":"https:\/\/navalremo.pt\/site\/wp-json\/wp\/v2\/media?parent=3343"}],"wp:term":[{"taxonomy":"category","embeddable":true,"href":"https:\/\/navalremo.pt\/site\/wp-json\/wp\/v2\/categories?post=3343"},{"taxonomy":"post_tag","embeddable":true,"href":"https:\/\/navalremo.pt\/site\/wp-json\/wp\/v2\/tags?post=3343"}],"curies":[{"name":"wp","href":"https:\/\/api.w.org\/{rel}","templated":true}]}}