{"id":3320,"date":"2024-12-17T13:14:24","date_gmt":"2024-12-17T13:14:24","guid":{"rendered":"https:\/\/navalremo.pt\/site\/?p=3320"},"modified":"2024-12-17T13:14:26","modified_gmt":"2024-12-17T13:14:26","slug":"naval-remo-alcanca-o-3-o-lugar-entre-os-10-clubes-portugueses","status":"publish","type":"post","link":"https:\/\/navalremo.pt\/site\/2024\/12\/17\/naval-remo-alcanca-o-3-o-lugar-entre-os-10-clubes-portugueses\/","title":{"rendered":"Naval Remo alcan\u00e7a o 3.\u00ba lugar entre os 10 clubes portugueses"},"content":{"rendered":"\n<p>A Associa\u00e7\u00e3o Desportiva Naval Remo (ADNR) marcou presen\u00e7a na Regata \u201c18.\u00ba Abierto Internacional de Andalucia\u201d \u2013 realizada em Sevilha de 13 a 15 de dezembro \u2013 com 18 atletas \u2013 a maior comitiva do Clube numa Regata Internacional \u2013 que participaram em mais de tr\u00eas regatas cada um, individualmente ou em tripula\u00e7\u00f5es, obtendo \u201clugares cimeiros e boas classifica\u00e7\u00f5es em diversas provas\u201d, frisa a dire\u00e7\u00e3o do Clube.<\/p>\n\n\n\n<p>Nesta competi\u00e7\u00e3o s\u00e3o atribu\u00eddos pontos a cada tripula\u00e7\u00e3o de acordo com a sua classifica\u00e7\u00e3o nas diversas regatas, com a Naval Remo a conquistar o 15.\u00ba lugar da classifica\u00e7\u00e3o geral, sendo o 3.\u00ba clube dos 10 portugueses que participaram nesta Regata Internacional. Infelizmente um acidente na primeira regata da Naval fez com que um Quadri Scull ficasse seriamente danificado o que ir\u00e1 trazer um preju\u00edzo significativo para o resto da \u00c9poca.<\/p>\n\n\n\n<p>Com destaque para \u201co empenho e atitude de todos os atletas da Naval\u201d, o Clube real\u00e7a alguns dos melhores resultados alcan\u00e7ados em Sevilha:<\/p>\n\n\n\n<p>1.\u00ba &#8211; Afonso Santos | Quadri Scull S\u00e9nior Misto<br>4.\u00ba &#8211; Pedro Rodrigues | Skiff S\u00e9nior Masculino<br>6.\u00ba &#8211; Jos\u00e9 Azevedo | Skiff Cadete Masculino<br>4.\u00ba &#8211; Afonso Santos | Double S\u00e9nior Masculino Misto<br>4.\u00ba &#8211; Pedro Oliveira e Jos\u00e9 Azevedo | Double Cadete Masculino<br>4.\u00ba &#8211; Patr\u00edcia Batista | Skiff S\u00e9nior Feminino<br>6.\u00ba &#8211; Patr\u00edcia Batista e Mafalda Oliveira | Double Scull S\u00e9nior Feminino<\/p>\n\n\n\n<p><strong>Equipa \u201cmais forte e coesa\u201d<\/strong><br>\u201cEsta Regata faz parte do plano tra\u00e7ado ao n\u00edvel do Remo de competi\u00e7\u00e3o da Naval, sendo de sublinhar a participa\u00e7\u00e3o de cada atleta em diversas regatas e a partilha de conhecimentos e experi\u00eancias como parte integrante e essencial da forma\u00e7\u00e3o e do desenvolvimento dos nossos atletas sob o ponto de vista t\u00e9cnico, f\u00edsico, ps\u00edquico e social\u201d, destaca o Clube.<\/p>\n\n\n\n<p>\u201cEstamos certos de que a equipa liderada pelos treinadores Jos\u00e9 Canhola e Daniel Mendes saiu mais enriquecida, forte e coesa. Parab\u00e9ns a todos pelo excelente desempenho e pela forma como elevaram o nome do Clube, da cidade da Figueira da Foz e de Portugal a um elevado patamar do Remo Mundial\u201d, real\u00e7a ainda o Clube.<\/p>\n\n\n\n<p>Alguns n\u00fameros da Regata \u201c18\u00ba Abierto Internacional de Andalucia\u201d:<br>&#8211; 3 dias<br>&#8211; Mais de 1000 atletas<br>&#8211; \u00a040 clubes<br>&#8211; 210 regatas<\/p>\n","protected":false},"excerpt":{"rendered":"<p>A Associa\u00e7\u00e3o Desportiva Naval Remo (ADNR) marcou presen\u00e7a na Regata \u201c18.\u00ba Abierto Internacional de Andalucia\u201d \u2013 realizada em Sevilha de 13 a 15 de dezembro \u2013 com 18 atletas \u2013 a maior comitiva do Clube numa Regata Internacional \u2013 que participaram em mais de tr\u00eas regatas cada um, individualmente ou em tripula\u00e7\u00f5es, obtendo \u201clugares cimeiros [&hellip;]<\/p>\n","protected":false},"author":2,"featured_media":3314,"comment_status":"closed","ping_status":"open","sticky":false,"template":"","format":"standard","meta":{"spay_email":""},"categories":[45,4,2],"tags":[],"jetpack_featured_media_url":"https:\/\/navalremo.pt\/site\/wp-content\/uploads\/2024\/12\/site-Naval-Remo_Sevilha-2-scaled.jpg","_links":{"self":[{"href":"https:\/\/navalremo.pt\/site\/wp-json\/wp\/v2\/posts\/3320"}],"collection":[{"href":"https:\/\/navalremo.pt\/site\/wp-json\/wp\/v2\/posts"}],"about":[{"href":"https:\/\/navalremo.pt\/site\/wp-json\/wp\/v2\/types\/post"}],"author":[{"embeddable":true,"href":"https:\/\/navalremo.pt\/site\/wp-json\/wp\/v2\/users\/2"}],"replies":[{"embeddable":true,"href":"https:\/\/navalremo.pt\/site\/wp-json\/wp\/v2\/comments?post=3320"}],"version-history":[{"count":1,"href":"https:\/\/navalremo.pt\/site\/wp-json\/wp\/v2\/posts\/3320\/revisions"}],"predecessor-version":[{"id":3321,"href":"https:\/\/navalremo.pt\/site\/wp-json\/wp\/v2\/posts\/3320\/revisions\/3321"}],"wp:featuredmedia":[{"embeddable":true,"href":"https:\/\/navalremo.pt\/site\/wp-json\/wp\/v2\/media\/3314"}],"wp:attachment":[{"href":"https:\/\/navalremo.pt\/site\/wp-json\/wp\/v2\/media?parent=3320"}],"wp:term":[{"taxonomy":"category","embeddable":true,"href":"https:\/\/navalremo.pt\/site\/wp-json\/wp\/v2\/categories?post=3320"},{"taxonomy":"post_tag","embeddable":true,"href":"https:\/\/navalremo.pt\/site\/wp-json\/wp\/v2\/tags?post=3320"}],"curies":[{"name":"wp","href":"https:\/\/api.w.org\/{rel}","templated":true}]}}