{"id":3290,"date":"2024-09-30T14:25:23","date_gmt":"2024-09-30T14:25:23","guid":{"rendered":"https:\/\/navalremo.pt\/site\/?p=3290"},"modified":"2025-04-02T15:08:27","modified_gmt":"2025-04-02T15:08:27","slug":"naval-remo-arranca-com-projeto-de-desporto-nautico-inclusivo","status":"publish","type":"post","link":"https:\/\/navalremo.pt\/site\/2024\/09\/30\/naval-remo-arranca-com-projeto-de-desporto-nautico-inclusivo\/","title":{"rendered":"NAVAL REMO ARRANCA COM PROJETO DE DESPORTO N\u00c1UTICO INCLUSIVO"},"content":{"rendered":"\n<p>A Associa\u00e7\u00e3o Desportiva Naval Remo (ADNR) est\u00e1 a desenvolver atividades desportivas n\u00e1uticas para pessoas com defici\u00eancia, uma a\u00e7\u00e3o realizada no \u00e2mbito do programa de financiamento \u201cParcerias para a Inova\u00e7\u00e3o Social\u201d, do Fundo Social Europeu e gerido pelo Programa CENTRO 2030.<\/p>\n\n\n\n<p>Esta iniciativa, designada de \u201cInclus\u00e3o Social de pessoas com defici\u00eancia atrav\u00e9s dos Desportos N\u00e1uticos\u201d e que tem a dura\u00e7\u00e3o de 36 meses, procura dar uma resposta \u00e0 inclus\u00e3o social de pessoas com perturba\u00e7\u00f5es do neurodesenvolvimento (PND), tendo em conta as barreiras encontradas por esta popula\u00e7\u00e3o que conduzem ao isolamento social e \u00e0 dificuldade de integra\u00e7\u00e3o na comunidade, interferindo na sua qualidade de vida. Neste sentido, a iniciativa visa \u201ca melhoria de compet\u00eancias, demonstrando que atrav\u00e9s da pr\u00e1tica regular de desportos n\u00e1uticos, como Remo, Canoagem, Surf e Stand Up Paddle, \u00e9 poss\u00edvel melhorar o desenvolvimento psicomotor e social de crian\u00e7as e jovens com PND, num contexto inclusivo\u201d, explica a dire\u00e7\u00e3o da ADNR.<\/p>\n\n\n\n<p>Os participantes s\u00e3o crian\u00e7as e jovens com PND, nomeadamente com dificuldade intelectual e desenvolvimental (DID) e perturba\u00e7\u00e3o do espetro do autismo (PEA), podendo ser do g\u00e9nero masculino ou feminino at\u00e9 aos 29 anos (ou idade mental atestada por m\u00e9dico). A realiza\u00e7\u00e3o das modalidades n\u00e1uticas, contam com um corpo t\u00e9cnico competente e com a participa\u00e7\u00e3o da Universidade de Coimbra \u2013 Faculdade de Ci\u00eancias do Desporto e Educa\u00e7\u00e3o F\u00edsica, sendo esta institui\u00e7\u00e3o respons\u00e1vel pela implementa\u00e7\u00e3o do Modelo de participa\u00e7\u00e3o e pela avalia\u00e7\u00e3o dos resultados, revisitando e estabelecendo, se necess\u00e1rio e periodicamente, novos objetivos periodicamente.<\/p>\n\n\n\n<p>As parcerias para a Inova\u00e7\u00e3o Social s\u00e3o concretizadas atrav\u00e9s de \u201cInvestidores Sociais\u201d que, no caso, s\u00e3o as seguintes empresas:<\/p>\n\n\n\n<p>\u2022 Dragon Expertise, Lda \u2013 empresa que visa ajudar pessoas de todas as idades, e os jovens em particular, a melhorar o seu bem-estar e autoconfian\u00e7a atrav\u00e9s da pr\u00e1tica e aprendizagem no desporto, particularmente de desportos n\u00e1uticos, pelo que a sua participa\u00e7\u00e3o nesta iniciativa social \u00e9 natural.<\/p>\n\n\n\n<p>\u2022 Micropl\u00e1sticos, SA \u2013 empresa que tem m\u00faltiplas iniciativas de apoio social. Desde 2022 constituiu uma equipa de Miss\u00e3o Social e o seu apoio no Concelho j\u00e1 chegou a v\u00e1rias associa\u00e7\u00f5es como: Fern\u00e3o Pinto, Associa\u00e7\u00e3o Viver em Alegria, \u00e0 Casa \u2013 Centro de Apoio ao Sem Abrigo e recentemente a Jo\u00e3o Abreu Sousa, que num acidente de trabalho ficou tetrapl\u00e9gico.<\/p>\n\n\n\n<p>\u2022 Quinta do Outeiro \u2013 Lar para Idosos, Lda \u2013 empresa da Economia Social, pelo que a interven\u00e7\u00e3o social est\u00e1 na sua g\u00e9nese, sendo esta a sua primeira iniciativa no contexto da Inova\u00e7\u00e3o Social ligada ao Desporto.<\/p>\n\n\n\n<ul><li>Somisis &#8211; Sociedade de Manuten\u00e7\u00e3o e Sistemas Industriais, Lda. \u2013 empresa com mais de 20 anos no mercado e com forte preocupa\u00e7\u00e3o na implementa\u00e7\u00e3o de pr\u00e1ticas na vertente de responsabilidade social.<\/li><\/ul>\n\n\n\n<p>A ADNR, os parceiros investidores sociais e todos os participantes neste importante Programa est\u00e3o, real\u00e7a a dire\u00e7\u00e3o da Associa\u00e7\u00e3o, \u201cmotivados para o in\u00edcio das atividades, acreditando que este Programa \u00e9 o ve\u00edculo adequado para passar uma mensagem \u00e0 sociedade em torno da inclus\u00e3o de pessoas pertencentes a grupos vulner\u00e1veis, da igualdade de oportunidades e do plano de acessibilidades, onde todos t\u00eam acesso \u00e0 pr\u00e1tica regular de desportos, nomeadamente \u00e0s modalidades de desportos n\u00e1uticos\u201d.<\/p>\n","protected":false},"excerpt":{"rendered":"<p>A Associa\u00e7\u00e3o Desportiva Naval Remo (ADNR) est\u00e1 a desenvolver atividades desportivas n\u00e1uticas para pessoas com defici\u00eancia, uma a\u00e7\u00e3o realizada no \u00e2mbito do programa de financiamento \u201cParcerias para a Inova\u00e7\u00e3o Social\u201d, do Fundo Social Europeu e gerido pelo Programa CENTRO 2030. Esta iniciativa, designada de \u201cInclus\u00e3o Social de pessoas com defici\u00eancia atrav\u00e9s dos Desportos N\u00e1uticos\u201d e [&hellip;]<\/p>\n","protected":false},"author":2,"featured_media":3291,"comment_status":"closed","ping_status":"open","sticky":false,"template":"","format":"standard","meta":{"spay_email":""},"categories":[4],"tags":[],"jetpack_featured_media_url":"https:\/\/navalremo.pt\/site\/wp-content\/uploads\/2024\/09\/Inivacao_Social-.jpeg","_links":{"self":[{"href":"https:\/\/navalremo.pt\/site\/wp-json\/wp\/v2\/posts\/3290"}],"collection":[{"href":"https:\/\/navalremo.pt\/site\/wp-json\/wp\/v2\/posts"}],"about":[{"href":"https:\/\/navalremo.pt\/site\/wp-json\/wp\/v2\/types\/post"}],"author":[{"embeddable":true,"href":"https:\/\/navalremo.pt\/site\/wp-json\/wp\/v2\/users\/2"}],"replies":[{"embeddable":true,"href":"https:\/\/navalremo.pt\/site\/wp-json\/wp\/v2\/comments?post=3290"}],"version-history":[{"count":3,"href":"https:\/\/navalremo.pt\/site\/wp-json\/wp\/v2\/posts\/3290\/revisions"}],"predecessor-version":[{"id":3362,"href":"https:\/\/navalremo.pt\/site\/wp-json\/wp\/v2\/posts\/3290\/revisions\/3362"}],"wp:featuredmedia":[{"embeddable":true,"href":"https:\/\/navalremo.pt\/site\/wp-json\/wp\/v2\/media\/3291"}],"wp:attachment":[{"href":"https:\/\/navalremo.pt\/site\/wp-json\/wp\/v2\/media?parent=3290"}],"wp:term":[{"taxonomy":"category","embeddable":true,"href":"https:\/\/navalremo.pt\/site\/wp-json\/wp\/v2\/categories?post=3290"},{"taxonomy":"post_tag","embeddable":true,"href":"https:\/\/navalremo.pt\/site\/wp-json\/wp\/v2\/tags?post=3290"}],"curies":[{"name":"wp","href":"https:\/\/api.w.org\/{rel}","templated":true}]}}