{"id":3282,"date":"2024-09-20T10:56:24","date_gmt":"2024-09-20T10:56:24","guid":{"rendered":"https:\/\/navalremo.pt\/site\/?p=3282"},"modified":"2024-09-20T10:56:26","modified_gmt":"2024-09-20T10:56:26","slug":"canoagem-naval-com-2-lugares-de-podio","status":"publish","type":"post","link":"https:\/\/navalremo.pt\/site\/2024\/09\/20\/canoagem-naval-com-2-lugares-de-podio\/","title":{"rendered":"CANOAGEM: NAVAL COM 2 LUGARES DE P\u00d3DIO"},"content":{"rendered":"\n<p>Os atletas de Canoagem da Associa\u00e7\u00e3o Desportiva Naval Remo (ADNR), Maria Casaleiro Dias e Tom\u00e1s Bernardes subiram ao p\u00f3dio \u2013 respetivamente, C1 infantil feminino A no 1.\u00ba lugar e K1 infantil masculino A no 2.\u00ba lugar &#8211; na Final Nacional Primeiras Pagaiadas, realizada nos dias 14 e 15 de setembro em Ponte de Lima.<\/p>\n\n\n\n<figure class=\"wp-block-gallery columns-2 is-cropped\"><ul data-carousel-extra='{\"blog_id\":1,\"permalink\":\"https:\\\/\\\/navalremo.pt\\\/site\\\/2024\\\/09\\\/20\\\/canoagem-naval-com-2-lugares-de-podio\\\/\"}' class=\"blocks-gallery-grid\"><li class=\"blocks-gallery-item\"><figure><img data-attachment-id=\"3283\" data-permalink=\"https:\/\/navalremo.pt\/site\/2024\/09\/20\/canoagem-naval-com-2-lugares-de-podio\/final-primeiras-pagaiadas-14-e-15-set_2024-1\/\" data-orig-file=\"https:\/\/navalremo.pt\/site\/wp-content\/uploads\/2024\/09\/Final-primeiras-pagaiadas-14-e-15-set_2024-1.jpeg\" data-orig-size=\"2048,923\" data-comments-opened=\"0\" data-image-meta=\"{&quot;aperture&quot;:&quot;0&quot;,&quot;credit&quot;:&quot;&quot;,&quot;camera&quot;:&quot;&quot;,&quot;caption&quot;:&quot;&quot;,&quot;created_timestamp&quot;:&quot;0&quot;,&quot;copyright&quot;:&quot;&quot;,&quot;focal_length&quot;:&quot;0&quot;,&quot;iso&quot;:&quot;0&quot;,&quot;shutter_speed&quot;:&quot;0&quot;,&quot;title&quot;:&quot;&quot;,&quot;orientation&quot;:&quot;0&quot;}\" data-image-title=\"Final primeiras pagaiadas 14 e 15 set_2024 (1)\" data-image-description=\"\" data-medium-file=\"https:\/\/navalremo.pt\/site\/wp-content\/uploads\/2024\/09\/Final-primeiras-pagaiadas-14-e-15-set_2024-1-300x135.jpeg\" data-large-file=\"https:\/\/navalremo.pt\/site\/wp-content\/uploads\/2024\/09\/Final-primeiras-pagaiadas-14-e-15-set_2024-1-1024x462.jpeg\" loading=\"lazy\" width=\"1024\" height=\"462\" src=\"https:\/\/navalremo.pt\/site\/wp-content\/uploads\/2024\/09\/Final-primeiras-pagaiadas-14-e-15-set_2024-1-1024x462.jpeg\" alt=\"\" data-id=\"3283\" class=\"wp-image-3283\" srcset=\"https:\/\/navalremo.pt\/site\/wp-content\/uploads\/2024\/09\/Final-primeiras-pagaiadas-14-e-15-set_2024-1-1024x462.jpeg 1024w, https:\/\/navalremo.pt\/site\/wp-content\/uploads\/2024\/09\/Final-primeiras-pagaiadas-14-e-15-set_2024-1-300x135.jpeg 300w, https:\/\/navalremo.pt\/site\/wp-content\/uploads\/2024\/09\/Final-primeiras-pagaiadas-14-e-15-set_2024-1-768x346.jpeg 768w, https:\/\/navalremo.pt\/site\/wp-content\/uploads\/2024\/09\/Final-primeiras-pagaiadas-14-e-15-set_2024-1-1536x692.jpeg 1536w, https:\/\/navalremo.pt\/site\/wp-content\/uploads\/2024\/09\/Final-primeiras-pagaiadas-14-e-15-set_2024-1-600x270.jpeg 600w, https:\/\/navalremo.pt\/site\/wp-content\/uploads\/2024\/09\/Final-primeiras-pagaiadas-14-e-15-set_2024-1.jpeg 2048w\" sizes=\"(max-width: 1024px) 100vw, 1024px\" \/><\/figure><\/li><li class=\"blocks-gallery-item\"><figure><img data-attachment-id=\"3284\" data-permalink=\"https:\/\/navalremo.pt\/site\/2024\/09\/20\/canoagem-naval-com-2-lugares-de-podio\/final-primeiras-pagaiadas-14-e-15-set_2024-2\/\" data-orig-file=\"https:\/\/navalremo.pt\/site\/wp-content\/uploads\/2024\/09\/Final-primeiras-pagaiadas-14-e-15-set_2024-2.jpeg\" data-orig-size=\"2048,923\" data-comments-opened=\"0\" data-image-meta=\"{&quot;aperture&quot;:&quot;0&quot;,&quot;credit&quot;:&quot;&quot;,&quot;camera&quot;:&quot;&quot;,&quot;caption&quot;:&quot;&quot;,&quot;created_timestamp&quot;:&quot;0&quot;,&quot;copyright&quot;:&quot;&quot;,&quot;focal_length&quot;:&quot;0&quot;,&quot;iso&quot;:&quot;0&quot;,&quot;shutter_speed&quot;:&quot;0&quot;,&quot;title&quot;:&quot;&quot;,&quot;orientation&quot;:&quot;0&quot;}\" data-image-title=\"Final-primeiras-pagaiadas-14-e-15-set_2024-2\" data-image-description=\"\" data-medium-file=\"https:\/\/navalremo.pt\/site\/wp-content\/uploads\/2024\/09\/Final-primeiras-pagaiadas-14-e-15-set_2024-2-300x135.jpeg\" data-large-file=\"https:\/\/navalremo.pt\/site\/wp-content\/uploads\/2024\/09\/Final-primeiras-pagaiadas-14-e-15-set_2024-2-1024x462.jpeg\" loading=\"lazy\" width=\"1024\" height=\"462\" src=\"https:\/\/navalremo.pt\/site\/wp-content\/uploads\/2024\/09\/Final-primeiras-pagaiadas-14-e-15-set_2024-2-1024x462.jpeg\" alt=\"\" data-id=\"3284\" data-full-url=\"https:\/\/navalremo.pt\/site\/wp-content\/uploads\/2024\/09\/Final-primeiras-pagaiadas-14-e-15-set_2024-2.jpeg\" data-link=\"https:\/\/navalremo.pt\/site\/?attachment_id=3284\" class=\"wp-image-3284\" srcset=\"https:\/\/navalremo.pt\/site\/wp-content\/uploads\/2024\/09\/Final-primeiras-pagaiadas-14-e-15-set_2024-2-1024x462.jpeg 1024w, https:\/\/navalremo.pt\/site\/wp-content\/uploads\/2024\/09\/Final-primeiras-pagaiadas-14-e-15-set_2024-2-300x135.jpeg 300w, https:\/\/navalremo.pt\/site\/wp-content\/uploads\/2024\/09\/Final-primeiras-pagaiadas-14-e-15-set_2024-2-768x346.jpeg 768w, https:\/\/navalremo.pt\/site\/wp-content\/uploads\/2024\/09\/Final-primeiras-pagaiadas-14-e-15-set_2024-2-1536x692.jpeg 1536w, https:\/\/navalremo.pt\/site\/wp-content\/uploads\/2024\/09\/Final-primeiras-pagaiadas-14-e-15-set_2024-2-600x270.jpeg 600w, https:\/\/navalremo.pt\/site\/wp-content\/uploads\/2024\/09\/Final-primeiras-pagaiadas-14-e-15-set_2024-2.jpeg 2048w\" sizes=\"(max-width: 1024px) 100vw, 1024px\" \/><\/figure><\/li><\/ul><\/figure>\n\n\n\n<p>Na categoria SUPC Infantil Feminino, Maria Duarte ocupou o 6.\u00ba lugar e Leonor Ser\u00f4dio o 9.\u00ba lugar. No K1 menor masculino primeiro ano, Guilherme Malhadas foi 6.\u00ba classificado.<\/p>\n\n\n\n<p>\u201cO Campeonato Nacional de Primeiras Remos encerra este circuito de provas dirigidas aos atletas que se iniciam na pr\u00e1tica da canoagem e, como costumo dizer, as competi\u00e7\u00f5es s\u00e3o apenas o local onde se recolhem os frutos do esfor\u00e7o realizado durante o treino. Mais do que o resultado, \u00e9 extraordin\u00e1rio ver a evolu\u00e7\u00e3o dos atletas ao longo destes meses de trabalho\u201d, sublinha o treinador Andy Morales.<\/p>\n\n\n\n<p>\u201cQueremos enaltecer o trabalho desenvolvido pelos nossos atletas. Durante os meses de julho e agosto dedicaram-se, trabalharam afincadamente e agora os resultados est\u00e3o \u00e0 vista\u201d, refere Gustavo Baeta, equipa t\u00e9cnica da ADNR.<\/p>\n\n\n\n<p>De real\u00e7ar que esta prova contou com a participa\u00e7\u00e3o de 34 clubes, oriundos de norte a sul do pa\u00eds, num total de 443 atletas.<\/p>\n\n\n\n<p>Quanto aos pr\u00f3ximos meses, Gustavo Baeta real\u00e7a que \u201c\u00e9 tempo de receber os novos atletas que est\u00e3o a dar os primeiros passos e, como tal, necessitam de uma aten\u00e7\u00e3o mais pr\u00f3xima e individualizada\u201d e \u201ccom os atletas mais \u00abcrescidos\u00bb preparar o ano 2025\u201d.<\/p>\n\n\n\n<p><strong>A Canoagem na Naval<\/strong><br>O projeto de canoagem da ADNR nasceu pelas m\u00e3os do ol\u00edmpico Alain Acart, que viajou para a Figueira da Foz no in\u00edcio de 2022. Foi criada a modalidade a partir do zero, tendo sido realizadas a\u00e7\u00f5es de divulga\u00e7\u00e3o em parceria com alguns estabelecimentos de ensino da cidade e com o apoio da Federa\u00e7\u00e3o Portuguesa de Canoagem.<\/p>\n\n\n\n<p>O projeto foi crescendo, de uma forma sustentada. De uma forma inesperada Alain Acart faleceu em janeiro de 2023 e, desde ent\u00e3o, encontrou uma solu\u00e7\u00e3o atrav\u00e9s do treinador Andy Morales que manteve a ambi\u00e7\u00e3o, o rigor, o trabalho, a amizade, sempre com a consci\u00eancia forte do papel que representa a pr\u00e1tica desportiva e o sentimento de perten\u00e7a a um clube na educa\u00e7\u00e3o dos nossos atletas.<\/p>\n","protected":false},"excerpt":{"rendered":"<p>Os atletas de Canoagem da Associa\u00e7\u00e3o Desportiva Naval Remo (ADNR), Maria Casaleiro Dias e Tom\u00e1s Bernardes subiram ao p\u00f3dio \u2013 respetivamente, C1 infantil feminino A no 1.\u00ba lugar e K1 infantil masculino A no 2.\u00ba lugar &#8211; na Final Nacional Primeiras Pagaiadas, realizada nos dias 14 e 15 de setembro em Ponte de Lima. Na [&hellip;]<\/p>\n","protected":false},"author":2,"featured_media":3285,"comment_status":"closed","ping_status":"open","sticky":false,"template":"","format":"standard","meta":{"spay_email":""},"categories":[4],"tags":[],"jetpack_featured_media_url":"https:\/\/navalremo.pt\/site\/wp-content\/uploads\/2024\/09\/Final-primeiras-pagaiadas-14-e-15-set_2024-4.jpeg","_links":{"self":[{"href":"https:\/\/navalremo.pt\/site\/wp-json\/wp\/v2\/posts\/3282"}],"collection":[{"href":"https:\/\/navalremo.pt\/site\/wp-json\/wp\/v2\/posts"}],"about":[{"href":"https:\/\/navalremo.pt\/site\/wp-json\/wp\/v2\/types\/post"}],"author":[{"embeddable":true,"href":"https:\/\/navalremo.pt\/site\/wp-json\/wp\/v2\/users\/2"}],"replies":[{"embeddable":true,"href":"https:\/\/navalremo.pt\/site\/wp-json\/wp\/v2\/comments?post=3282"}],"version-history":[{"count":1,"href":"https:\/\/navalremo.pt\/site\/wp-json\/wp\/v2\/posts\/3282\/revisions"}],"predecessor-version":[{"id":3287,"href":"https:\/\/navalremo.pt\/site\/wp-json\/wp\/v2\/posts\/3282\/revisions\/3287"}],"wp:featuredmedia":[{"embeddable":true,"href":"https:\/\/navalremo.pt\/site\/wp-json\/wp\/v2\/media\/3285"}],"wp:attachment":[{"href":"https:\/\/navalremo.pt\/site\/wp-json\/wp\/v2\/media?parent=3282"}],"wp:term":[{"taxonomy":"category","embeddable":true,"href":"https:\/\/navalremo.pt\/site\/wp-json\/wp\/v2\/categories?post=3282"},{"taxonomy":"post_tag","embeddable":true,"href":"https:\/\/navalremo.pt\/site\/wp-json\/wp\/v2\/tags?post=3282"}],"curies":[{"name":"wp","href":"https:\/\/api.w.org\/{rel}","templated":true}]}}