{"id":3229,"date":"2024-07-04T07:56:25","date_gmt":"2024-07-04T07:56:25","guid":{"rendered":"https:\/\/navalremo.pt\/site\/?p=3229"},"modified":"2024-07-04T07:56:30","modified_gmt":"2024-07-04T07:56:30","slug":"naval-remo-participou-no-campeonato-nacional-de-velocidade-2023-2024","status":"publish","type":"post","link":"https:\/\/navalremo.pt\/site\/2024\/07\/04\/naval-remo-participou-no-campeonato-nacional-de-velocidade-2023-2024\/","title":{"rendered":"Naval Remo participou no Campeonato Nacional de Velocidade &#8211; 2023\/2024"},"content":{"rendered":"\n<p>Realizou-se durante os dias 28, 29 e 30 de junho o Campeonato Nacional de Velocidade para Juniores, Seniores e Veteranos na pista de Remo de Montemor-o-Velho.<\/p>\n\n\n\n<p>Destacando o elevado n\u00edvel dos Clubes e Atletas em prova, os resultados da Naval foram os seguintes:<\/p>\n\n\n\n<ul><li>Skiff Juvenil Masculino \u2013 7\u00ba Lugar para Andr\u00e9 Leal e 11\u00ba Lugar para Rafael Ferreira;<\/li><li>Double Scull Juvenil Feminino \u2013 5\u00ba Lugar para Maria Nascimento e Mariana Rodrigues;<\/li><li>Quadri Scull Juvenil Feminino \u2013 4\u00ba Lugar para Raquel Santos, Margarida Silva, Salom\u00e9 Lemos e Sara Batista<\/li><li>Quadri Scull Juvenil Masculino \u2013 4\u00ba Lugar para Duarte Sisudo, Jos\u00e9 Azevedo, Pedro Oliveira e Hugo Baeta;<\/li><li>Shell de 4 sem Timoneiro J\u00fanior Masculino \u2013 4\u00ba Lugar para Daniel Pereira, Dinis Oliveira, Rodrigo Almeida e Bernardo Cruz;<\/li><li>Double J\u00fanior Masculino \u2013 9\u00ba Lugar para Rodrigo Almeida \/ Bernardo Braga Cruz;<\/li><li>Skiff J\u00fanior Masculino \u2013 4\u00ba Lugar para Dinis Oliveira;<\/li><li>Double Scull Juvenil Masculino \u2013 9\u00ba Lugar para Stephen Encarnacion e Alexandre Gir\u00e3o;<\/li><li>Skiff S\u00e9nior Feminino \u2013 <strong>1\u00ba Lugar para Patr\u00edcia Batista (Campe\u00e3 Nacional)<\/strong>;<\/li><li>Shell de 8 com timoneiro J\u00fanior Masculino \u2013 <strong>3\u00ba Lugar para Daniel Azevedo, Martim Bastos, Pedro Oliveira, Bernardo Cruz, Daniel Pereira, Dinis Oliveira Rodrigo Almeida, Hugo Baeta e Francisco Cruz (timoneiro)<\/strong>;<\/li><li>Double Scull S\u00e9nior Masculino \u2013 <strong>1\u00ba Lugar para Pedro Rodrigues e Afonso Santos (Campe\u00f5es Nacionais)<\/strong>;<\/li><li>Double Scull S\u00e9nior Masculino Sub 23 \u2013 <strong>1\u00ba Lugar para Pedro Rodrigues e Afonso Santos (Campe\u00f5es Nacionais)<\/strong>;<\/li><li>Shell de 8 com Timoneiro S\u00e9nior Masculino \u2013 <strong>2\u00ba Lugar para a tripula\u00e7\u00e3o onde participou Pedro Rodrigues e Afonso Santos (Vice-Campe\u00f5es)<\/strong> e 7\u00ba Lugar para Pedro Ac\u00farcio, Nelson Silva, Daniel Mendes, Diogo Ferreira, Carlos Gil, Roman Nayavko, Nuno Sisudo, Jos\u00e9 Silva e Francisco Cruz (timoneiro);<\/li><li>Skiff Veterano Feminino \u2013 6\u00ba Lugar para Ana Magalh\u00e3es;<\/li><li>Shell de 4 com Timoneiro Veterano Masculino \u2013 4\u00ba Lugar para Pedro Ac\u00farcio \/ Nelson Ruivo da Silva \/ Nuno Sisudo \/ Jos\u00e9 Silva;<\/li><li>Shell de 8 com Timoneiro Veterano Masculino \u2013 9\u00ba Lugar para Nelson Silva, Jo\u00e3o Vieira (Praia Mira), Ricardo Biscaia, Nuno Sisudo, Pedro Ac\u00facio, Jos\u00e9 Silva, Ant\u00f3nio Neves (Praia Mira), Carlos Gil e Francisco Cruz (Timoneiro).<\/li><li>Shell de 8 com Timoneiro Veterano Feminino \u2013 <strong>1\u00ba Lugar para a tripula\u00e7\u00e3o onde participou Ana Pereira (Campe\u00e3 Nacional)<\/strong><\/li><\/ul>\n\n\n\n<p>Com o Campeonato Nacional de Velocidade encerra-se um cap\u00edtulo desta \u00e9poca, mas para o Afonso Santos e o Pedro Rodrigues e para a Patr\u00edcia Batista, que ir\u00e3o representar a Sele\u00e7\u00e3o Nacional, falta a participa\u00e7\u00e3o no Campeonato do Mundo de Seniores Sub-23, que se realizar\u00e1 durante o m\u00eas de agosto, e o Mundial de Beach Sprints em setembro, respetivamente. Para os Escal\u00f5es a partir de juvenil o Campeonato Nacional de Remo de Mar, que se realizar\u00e1 nos dias 20 e 21 de julho em S. Martinho do Porto.<\/p>\n\n\n\n<p>A Naval fecha assim mais uma importante etapa na presente \u00e9poca, endere\u00e7a publicamente os sinceros parab\u00e9ns a este conjunto de Atletas e aos Treinadores Jos\u00e9 Canhola e Daniel Mendes pelos brilhantes resultados obtidos, que elevam o nome da Naval e o da cidade da Figueira da Foz ao mais alto patamar do Remo Nacional.<\/p>\n\n\n\n<p>Associa\u00e7\u00e3o Desportiva Naval Remo \u2013 ADNR<\/p>\n\n\n\n<p><a href=\"http:\/\/www.navalremo.pt\">www.navalremo.pt<\/a><\/p>\n\n\n\n<div data-carousel-extra='{\"blog_id\":1,\"permalink\":\"https:\\\/\\\/navalremo.pt\\\/site\\\/2024\\\/07\\\/04\\\/naval-remo-participou-no-campeonato-nacional-de-velocidade-2023-2024\\\/\"}' class=\"wp-block-jetpack-tiled-gallery aligncenter is-style-rectangular\"><div data-carousel-extra='{\"blog_id\":1,\"permalink\":\"https:\\\/\\\/navalremo.pt\\\/site\\\/2024\\\/07\\\/04\\\/naval-remo-participou-no-campeonato-nacional-de-velocidade-2023-2024\\\/\"}' class=\"tiled-gallery__gallery\"><div data-carousel-extra='{\"blog_id\":1,\"permalink\":\"https:\\\/\\\/navalremo.pt\\\/site\\\/2024\\\/07\\\/04\\\/naval-remo-participou-no-campeonato-nacional-de-velocidade-2023-2024\\\/\"}' class=\"tiled-gallery__row\"><div data-carousel-extra='{\"blog_id\":1,\"permalink\":\"https:\\\/\\\/navalremo.pt\\\/site\\\/2024\\\/07\\\/04\\\/naval-remo-participou-no-campeonato-nacional-de-velocidade-2023-2024\\\/\"}' class=\"tiled-gallery__col\" style=\"flex-basis:66.77402%\"><figure class=\"tiled-gallery__item\"><img data-attachment-id=\"3235\" data-permalink=\"https:\/\/navalremo.pt\/site\/2024\/07\/04\/naval-remo-participou-no-campeonato-nacional-de-velocidade-2023-2024\/whatsapp-image-2024-07-04-at-07-38-26-1\/\" data-orig-file=\"https:\/\/navalremo.pt\/site\/wp-content\/uploads\/2024\/07\/WhatsApp-Image-2024-07-04-at-07.38.26-1.jpeg\" data-orig-size=\"1600,1200\" data-comments-opened=\"0\" data-image-meta=\"{&quot;aperture&quot;:&quot;0&quot;,&quot;credit&quot;:&quot;&quot;,&quot;camera&quot;:&quot;&quot;,&quot;caption&quot;:&quot;&quot;,&quot;created_timestamp&quot;:&quot;0&quot;,&quot;copyright&quot;:&quot;&quot;,&quot;focal_length&quot;:&quot;0&quot;,&quot;iso&quot;:&quot;0&quot;,&quot;shutter_speed&quot;:&quot;0&quot;,&quot;title&quot;:&quot;&quot;,&quot;orientation&quot;:&quot;0&quot;}\" data-image-title=\"WhatsApp-Image-2024-07-04-at-07.38.26-1\" data-image-description=\"\" data-medium-file=\"https:\/\/navalremo.pt\/site\/wp-content\/uploads\/2024\/07\/WhatsApp-Image-2024-07-04-at-07.38.26-1-300x225.jpeg\" data-large-file=\"https:\/\/navalremo.pt\/site\/wp-content\/uploads\/2024\/07\/WhatsApp-Image-2024-07-04-at-07.38.26-1-1024x768.jpeg\" data-attachment-id=\"3235\" data-permalink=\"https:\/\/navalremo.pt\/site\/2024\/07\/04\/naval-remo-participou-no-campeonato-nacional-de-velocidade-2023-2024\/whatsapp-image-2024-07-04-at-07-38-26-1\/\" data-orig-file=\"https:\/\/navalremo.pt\/site\/wp-content\/uploads\/2024\/07\/WhatsApp-Image-2024-07-04-at-07.38.26-1.jpeg\" data-orig-size=\"1600,1200\" data-comments-opened=\"0\" data-image-meta=\"{&quot;aperture&quot;:&quot;0&quot;,&quot;credit&quot;:&quot;&quot;,&quot;camera&quot;:&quot;&quot;,&quot;caption&quot;:&quot;&quot;,&quot;created_timestamp&quot;:&quot;0&quot;,&quot;copyright&quot;:&quot;&quot;,&quot;focal_length&quot;:&quot;0&quot;,&quot;iso&quot;:&quot;0&quot;,&quot;shutter_speed&quot;:&quot;0&quot;,&quot;title&quot;:&quot;&quot;,&quot;orientation&quot;:&quot;0&quot;}\" data-image-title=\"WhatsApp-Image-2024-07-04-at-07.38.26-1\" data-image-description=\"\" data-medium-file=\"https:\/\/navalremo.pt\/site\/wp-content\/uploads\/2024\/07\/WhatsApp-Image-2024-07-04-at-07.38.26-1-300x225.jpeg\" data-large-file=\"https:\/\/navalremo.pt\/site\/wp-content\/uploads\/2024\/07\/WhatsApp-Image-2024-07-04-at-07.38.26-1-1024x768.jpeg\" srcset=\"https:\/\/i1.wp.com\/navalremo.pt\/site\/wp-content\/uploads\/2024\/07\/WhatsApp-Image-2024-07-04-at-07.38.26-1.jpeg?strip=info&#038;w=600&#038;ssl=1 600w,https:\/\/i1.wp.com\/navalremo.pt\/site\/wp-content\/uploads\/2024\/07\/WhatsApp-Image-2024-07-04-at-07.38.26-1.jpeg?strip=info&#038;w=900&#038;ssl=1 900w,https:\/\/i1.wp.com\/navalremo.pt\/site\/wp-content\/uploads\/2024\/07\/WhatsApp-Image-2024-07-04-at-07.38.26-1.jpeg?strip=info&#038;w=1200&#038;ssl=1 1200w\" alt=\"\" data-height=\"1200\" data-id=\"3235\" data-link=\"https:\/\/navalremo.pt\/site\/?attachment_id=3235\" data-url=\"https:\/\/navalremo.pt\/site\/wp-content\/uploads\/2024\/07\/WhatsApp-Image-2024-07-04-at-07.38.26-1.jpeg\" data-width=\"1600\" src=\"https:\/\/i1.wp.com\/navalremo.pt\/site\/wp-content\/uploads\/2024\/07\/WhatsApp-Image-2024-07-04-at-07.38.26-1.jpeg?ssl=1\" data-amp-layout=\"responsive\" \/><\/figure><\/div><div data-carousel-extra='{\"blog_id\":1,\"permalink\":\"https:\\\/\\\/navalremo.pt\\\/site\\\/2024\\\/07\\\/04\\\/naval-remo-participou-no-campeonato-nacional-de-velocidade-2023-2024\\\/\"}' class=\"tiled-gallery__col\" style=\"flex-basis:33.22598%\"><figure class=\"tiled-gallery__item\"><img data-attachment-id=\"3231\" data-permalink=\"https:\/\/navalremo.pt\/site\/2024\/07\/04\/naval-remo-participou-no-campeonato-nacional-de-velocidade-2023-2024\/img_5553\/\" data-orig-file=\"https:\/\/navalremo.pt\/site\/wp-content\/uploads\/2024\/07\/IMG_5553-scaled.jpg\" data-orig-size=\"2560,1920\" data-comments-opened=\"0\" data-image-meta=\"{&quot;aperture&quot;:&quot;0&quot;,&quot;credit&quot;:&quot;&quot;,&quot;camera&quot;:&quot;&quot;,&quot;caption&quot;:&quot;&quot;,&quot;created_timestamp&quot;:&quot;1719762061&quot;,&quot;copyright&quot;:&quot;&quot;,&quot;focal_length&quot;:&quot;0&quot;,&quot;iso&quot;:&quot;0&quot;,&quot;shutter_speed&quot;:&quot;0&quot;,&quot;title&quot;:&quot;&quot;,&quot;orientation&quot;:&quot;1&quot;}\" data-image-title=\"IMG_5553\" data-image-description=\"\" data-medium-file=\"https:\/\/navalremo.pt\/site\/wp-content\/uploads\/2024\/07\/IMG_5553-300x225.jpg\" data-large-file=\"https:\/\/navalremo.pt\/site\/wp-content\/uploads\/2024\/07\/IMG_5553-1024x768.jpg\" data-attachment-id=\"3231\" data-permalink=\"https:\/\/navalremo.pt\/site\/2024\/07\/04\/naval-remo-participou-no-campeonato-nacional-de-velocidade-2023-2024\/img_5553\/\" data-orig-file=\"https:\/\/navalremo.pt\/site\/wp-content\/uploads\/2024\/07\/IMG_5553-scaled.jpg\" data-orig-size=\"2560,1920\" data-comments-opened=\"0\" data-image-meta=\"{&quot;aperture&quot;:&quot;0&quot;,&quot;credit&quot;:&quot;&quot;,&quot;camera&quot;:&quot;&quot;,&quot;caption&quot;:&quot;&quot;,&quot;created_timestamp&quot;:&quot;1719762061&quot;,&quot;copyright&quot;:&quot;&quot;,&quot;focal_length&quot;:&quot;0&quot;,&quot;iso&quot;:&quot;0&quot;,&quot;shutter_speed&quot;:&quot;0&quot;,&quot;title&quot;:&quot;&quot;,&quot;orientation&quot;:&quot;1&quot;}\" data-image-title=\"IMG_5553\" data-image-description=\"\" data-medium-file=\"https:\/\/navalremo.pt\/site\/wp-content\/uploads\/2024\/07\/IMG_5553-300x225.jpg\" data-large-file=\"https:\/\/navalremo.pt\/site\/wp-content\/uploads\/2024\/07\/IMG_5553-1024x768.jpg\" srcset=\"https:\/\/i2.wp.com\/navalremo.pt\/site\/wp-content\/uploads\/2024\/07\/IMG_5553-scaled.jpg?strip=info&#038;w=600&#038;ssl=1 600w,https:\/\/i2.wp.com\/navalremo.pt\/site\/wp-content\/uploads\/2024\/07\/IMG_5553-scaled.jpg?strip=info&#038;w=900&#038;ssl=1 900w,https:\/\/i2.wp.com\/navalremo.pt\/site\/wp-content\/uploads\/2024\/07\/IMG_5553-scaled.jpg?strip=info&#038;w=1200&#038;ssl=1 1200w,https:\/\/i2.wp.com\/navalremo.pt\/site\/wp-content\/uploads\/2024\/07\/IMG_5553-scaled.jpg?strip=info&#038;w=1500&#038;ssl=1 1500w,https:\/\/i2.wp.com\/navalremo.pt\/site\/wp-content\/uploads\/2024\/07\/IMG_5553-scaled.jpg?strip=info&#038;w=1800&#038;ssl=1 1800w,https:\/\/i2.wp.com\/navalremo.pt\/site\/wp-content\/uploads\/2024\/07\/IMG_5553-scaled.jpg?strip=info&#038;w=1920&#038;ssl=1 1920w\" alt=\"\" data-height=\"1920\" data-id=\"3231\" data-link=\"https:\/\/navalremo.pt\/site\/?attachment_id=3231\" data-url=\"https:\/\/navalremo.pt\/site\/wp-content\/uploads\/2024\/07\/IMG_5553-scaled.jpg\" data-width=\"2560\" src=\"https:\/\/i2.wp.com\/navalremo.pt\/site\/wp-content\/uploads\/2024\/07\/IMG_5553-scaled.jpg?ssl=1\" data-amp-layout=\"responsive\" \/><\/figure><figure class=\"tiled-gallery__item\"><img data-attachment-id=\"3232\" data-permalink=\"https:\/\/navalremo.pt\/site\/2024\/07\/04\/naval-remo-participou-no-campeonato-nacional-de-velocidade-2023-2024\/img_5559\/\" data-orig-file=\"https:\/\/navalremo.pt\/site\/wp-content\/uploads\/2024\/07\/IMG_5559-scaled.jpg\" data-orig-size=\"2560,1920\" data-comments-opened=\"0\" data-image-meta=\"{&quot;aperture&quot;:&quot;0&quot;,&quot;credit&quot;:&quot;&quot;,&quot;camera&quot;:&quot;&quot;,&quot;caption&quot;:&quot;&quot;,&quot;created_timestamp&quot;:&quot;1719762503&quot;,&quot;copyright&quot;:&quot;&quot;,&quot;focal_length&quot;:&quot;0&quot;,&quot;iso&quot;:&quot;0&quot;,&quot;shutter_speed&quot;:&quot;0&quot;,&quot;title&quot;:&quot;&quot;,&quot;orientation&quot;:&quot;1&quot;}\" data-image-title=\"IMG_5559\" data-image-description=\"\" data-medium-file=\"https:\/\/navalremo.pt\/site\/wp-content\/uploads\/2024\/07\/IMG_5559-300x225.jpg\" data-large-file=\"https:\/\/navalremo.pt\/site\/wp-content\/uploads\/2024\/07\/IMG_5559-1024x768.jpg\" data-attachment-id=\"3232\" data-permalink=\"https:\/\/navalremo.pt\/site\/2024\/07\/04\/naval-remo-participou-no-campeonato-nacional-de-velocidade-2023-2024\/img_5559\/\" data-orig-file=\"https:\/\/navalremo.pt\/site\/wp-content\/uploads\/2024\/07\/IMG_5559-scaled.jpg\" data-orig-size=\"2560,1920\" data-comments-opened=\"0\" data-image-meta=\"{&quot;aperture&quot;:&quot;0&quot;,&quot;credit&quot;:&quot;&quot;,&quot;camera&quot;:&quot;&quot;,&quot;caption&quot;:&quot;&quot;,&quot;created_timestamp&quot;:&quot;1719762503&quot;,&quot;copyright&quot;:&quot;&quot;,&quot;focal_length&quot;:&quot;0&quot;,&quot;iso&quot;:&quot;0&quot;,&quot;shutter_speed&quot;:&quot;0&quot;,&quot;title&quot;:&quot;&quot;,&quot;orientation&quot;:&quot;1&quot;}\" data-image-title=\"IMG_5559\" data-image-description=\"\" data-medium-file=\"https:\/\/navalremo.pt\/site\/wp-content\/uploads\/2024\/07\/IMG_5559-300x225.jpg\" data-large-file=\"https:\/\/navalremo.pt\/site\/wp-content\/uploads\/2024\/07\/IMG_5559-1024x768.jpg\" srcset=\"https:\/\/i1.wp.com\/navalremo.pt\/site\/wp-content\/uploads\/2024\/07\/IMG_5559-scaled.jpg?strip=info&#038;w=600&#038;ssl=1 600w,https:\/\/i1.wp.com\/navalremo.pt\/site\/wp-content\/uploads\/2024\/07\/IMG_5559-scaled.jpg?strip=info&#038;w=900&#038;ssl=1 900w,https:\/\/i1.wp.com\/navalremo.pt\/site\/wp-content\/uploads\/2024\/07\/IMG_5559-scaled.jpg?strip=info&#038;w=1200&#038;ssl=1 1200w,https:\/\/i1.wp.com\/navalremo.pt\/site\/wp-content\/uploads\/2024\/07\/IMG_5559-scaled.jpg?strip=info&#038;w=1500&#038;ssl=1 1500w,https:\/\/i1.wp.com\/navalremo.pt\/site\/wp-content\/uploads\/2024\/07\/IMG_5559-scaled.jpg?strip=info&#038;w=1800&#038;ssl=1 1800w,https:\/\/i1.wp.com\/navalremo.pt\/site\/wp-content\/uploads\/2024\/07\/IMG_5559-scaled.jpg?strip=info&#038;w=1920&#038;ssl=1 1920w\" alt=\"\" data-height=\"1920\" data-id=\"3232\" data-link=\"https:\/\/navalremo.pt\/site\/?attachment_id=3232\" data-url=\"https:\/\/navalremo.pt\/site\/wp-content\/uploads\/2024\/07\/IMG_5559-scaled.jpg\" data-width=\"2560\" src=\"https:\/\/i1.wp.com\/navalremo.pt\/site\/wp-content\/uploads\/2024\/07\/IMG_5559-scaled.jpg?ssl=1\" data-amp-layout=\"responsive\" \/><\/figure><\/div><\/div><div data-carousel-extra='{\"blog_id\":1,\"permalink\":\"https:\\\/\\\/navalremo.pt\\\/site\\\/2024\\\/07\\\/04\\\/naval-remo-participou-no-campeonato-nacional-de-velocidade-2023-2024\\\/\"}' class=\"tiled-gallery__row\"><div data-carousel-extra='{\"blog_id\":1,\"permalink\":\"https:\\\/\\\/navalremo.pt\\\/site\\\/2024\\\/07\\\/04\\\/naval-remo-participou-no-campeonato-nacional-de-velocidade-2023-2024\\\/\"}' class=\"tiled-gallery__col\" style=\"flex-basis:50.00000%\"><figure class=\"tiled-gallery__item\"><img data-attachment-id=\"3233\" data-permalink=\"https:\/\/navalremo.pt\/site\/2024\/07\/04\/naval-remo-participou-no-campeonato-nacional-de-velocidade-2023-2024\/img_5562\/\" data-orig-file=\"https:\/\/navalremo.pt\/site\/wp-content\/uploads\/2024\/07\/IMG_5562-scaled.jpg\" data-orig-size=\"2560,1920\" data-comments-opened=\"0\" data-image-meta=\"{&quot;aperture&quot;:&quot;0&quot;,&quot;credit&quot;:&quot;&quot;,&quot;camera&quot;:&quot;&quot;,&quot;caption&quot;:&quot;&quot;,&quot;created_timestamp&quot;:&quot;1719762654&quot;,&quot;copyright&quot;:&quot;&quot;,&quot;focal_length&quot;:&quot;0&quot;,&quot;iso&quot;:&quot;0&quot;,&quot;shutter_speed&quot;:&quot;0&quot;,&quot;title&quot;:&quot;&quot;,&quot;orientation&quot;:&quot;1&quot;}\" data-image-title=\"IMG_5562\" data-image-description=\"\" data-medium-file=\"https:\/\/navalremo.pt\/site\/wp-content\/uploads\/2024\/07\/IMG_5562-300x225.jpg\" data-large-file=\"https:\/\/navalremo.pt\/site\/wp-content\/uploads\/2024\/07\/IMG_5562-1024x768.jpg\" data-attachment-id=\"3233\" data-permalink=\"https:\/\/navalremo.pt\/site\/2024\/07\/04\/naval-remo-participou-no-campeonato-nacional-de-velocidade-2023-2024\/img_5562\/\" data-orig-file=\"https:\/\/navalremo.pt\/site\/wp-content\/uploads\/2024\/07\/IMG_5562-scaled.jpg\" data-orig-size=\"2560,1920\" data-comments-opened=\"0\" data-image-meta=\"{&quot;aperture&quot;:&quot;0&quot;,&quot;credit&quot;:&quot;&quot;,&quot;camera&quot;:&quot;&quot;,&quot;caption&quot;:&quot;&quot;,&quot;created_timestamp&quot;:&quot;1719762654&quot;,&quot;copyright&quot;:&quot;&quot;,&quot;focal_length&quot;:&quot;0&quot;,&quot;iso&quot;:&quot;0&quot;,&quot;shutter_speed&quot;:&quot;0&quot;,&quot;title&quot;:&quot;&quot;,&quot;orientation&quot;:&quot;1&quot;}\" data-image-title=\"IMG_5562\" data-image-description=\"\" data-medium-file=\"https:\/\/navalremo.pt\/site\/wp-content\/uploads\/2024\/07\/IMG_5562-300x225.jpg\" data-large-file=\"https:\/\/navalremo.pt\/site\/wp-content\/uploads\/2024\/07\/IMG_5562-1024x768.jpg\" srcset=\"https:\/\/i0.wp.com\/navalremo.pt\/site\/wp-content\/uploads\/2024\/07\/IMG_5562-scaled.jpg?strip=info&#038;w=600&#038;ssl=1 600w,https:\/\/i0.wp.com\/navalremo.pt\/site\/wp-content\/uploads\/2024\/07\/IMG_5562-scaled.jpg?strip=info&#038;w=900&#038;ssl=1 900w,https:\/\/i0.wp.com\/navalremo.pt\/site\/wp-content\/uploads\/2024\/07\/IMG_5562-scaled.jpg?strip=info&#038;w=1200&#038;ssl=1 1200w,https:\/\/i0.wp.com\/navalremo.pt\/site\/wp-content\/uploads\/2024\/07\/IMG_5562-scaled.jpg?strip=info&#038;w=1500&#038;ssl=1 1500w,https:\/\/i0.wp.com\/navalremo.pt\/site\/wp-content\/uploads\/2024\/07\/IMG_5562-scaled.jpg?strip=info&#038;w=1800&#038;ssl=1 1800w,https:\/\/i0.wp.com\/navalremo.pt\/site\/wp-content\/uploads\/2024\/07\/IMG_5562-scaled.jpg?strip=info&#038;w=1920&#038;ssl=1 1920w\" alt=\"\" data-height=\"1920\" data-id=\"3233\" data-link=\"https:\/\/navalremo.pt\/site\/?attachment_id=3233\" data-url=\"https:\/\/navalremo.pt\/site\/wp-content\/uploads\/2024\/07\/IMG_5562-scaled.jpg\" data-width=\"2560\" src=\"https:\/\/i0.wp.com\/navalremo.pt\/site\/wp-content\/uploads\/2024\/07\/IMG_5562-scaled.jpg?ssl=1\" data-amp-layout=\"responsive\" \/><\/figure><\/div><div data-carousel-extra='{\"blog_id\":1,\"permalink\":\"https:\\\/\\\/navalremo.pt\\\/site\\\/2024\\\/07\\\/04\\\/naval-remo-participou-no-campeonato-nacional-de-velocidade-2023-2024\\\/\"}' class=\"tiled-gallery__col\" style=\"flex-basis:50.00000%\"><figure class=\"tiled-gallery__item\"><img data-attachment-id=\"3234\" data-permalink=\"https:\/\/navalremo.pt\/site\/2024\/07\/04\/naval-remo-participou-no-campeonato-nacional-de-velocidade-2023-2024\/img_5564\/\" data-orig-file=\"https:\/\/navalremo.pt\/site\/wp-content\/uploads\/2024\/07\/IMG_5564-scaled.jpg\" data-orig-size=\"2560,1920\" data-comments-opened=\"0\" data-image-meta=\"{&quot;aperture&quot;:&quot;0&quot;,&quot;credit&quot;:&quot;&quot;,&quot;camera&quot;:&quot;&quot;,&quot;caption&quot;:&quot;&quot;,&quot;created_timestamp&quot;:&quot;1719763985&quot;,&quot;copyright&quot;:&quot;&quot;,&quot;focal_length&quot;:&quot;0&quot;,&quot;iso&quot;:&quot;0&quot;,&quot;shutter_speed&quot;:&quot;0&quot;,&quot;title&quot;:&quot;&quot;,&quot;orientation&quot;:&quot;1&quot;}\" data-image-title=\"IMG_5564\" data-image-description=\"\" data-medium-file=\"https:\/\/navalremo.pt\/site\/wp-content\/uploads\/2024\/07\/IMG_5564-300x225.jpg\" data-large-file=\"https:\/\/navalremo.pt\/site\/wp-content\/uploads\/2024\/07\/IMG_5564-1024x768.jpg\" data-attachment-id=\"3234\" data-permalink=\"https:\/\/navalremo.pt\/site\/2024\/07\/04\/naval-remo-participou-no-campeonato-nacional-de-velocidade-2023-2024\/img_5564\/\" data-orig-file=\"https:\/\/navalremo.pt\/site\/wp-content\/uploads\/2024\/07\/IMG_5564-scaled.jpg\" data-orig-size=\"2560,1920\" data-comments-opened=\"0\" data-image-meta=\"{&quot;aperture&quot;:&quot;0&quot;,&quot;credit&quot;:&quot;&quot;,&quot;camera&quot;:&quot;&quot;,&quot;caption&quot;:&quot;&quot;,&quot;created_timestamp&quot;:&quot;1719763985&quot;,&quot;copyright&quot;:&quot;&quot;,&quot;focal_length&quot;:&quot;0&quot;,&quot;iso&quot;:&quot;0&quot;,&quot;shutter_speed&quot;:&quot;0&quot;,&quot;title&quot;:&quot;&quot;,&quot;orientation&quot;:&quot;1&quot;}\" data-image-title=\"IMG_5564\" data-image-description=\"\" data-medium-file=\"https:\/\/navalremo.pt\/site\/wp-content\/uploads\/2024\/07\/IMG_5564-300x225.jpg\" data-large-file=\"https:\/\/navalremo.pt\/site\/wp-content\/uploads\/2024\/07\/IMG_5564-1024x768.jpg\" srcset=\"https:\/\/i1.wp.com\/navalremo.pt\/site\/wp-content\/uploads\/2024\/07\/IMG_5564-scaled.jpg?strip=info&#038;w=600&#038;ssl=1 600w,https:\/\/i1.wp.com\/navalremo.pt\/site\/wp-content\/uploads\/2024\/07\/IMG_5564-scaled.jpg?strip=info&#038;w=900&#038;ssl=1 900w,https:\/\/i1.wp.com\/navalremo.pt\/site\/wp-content\/uploads\/2024\/07\/IMG_5564-scaled.jpg?strip=info&#038;w=1200&#038;ssl=1 1200w,https:\/\/i1.wp.com\/navalremo.pt\/site\/wp-content\/uploads\/2024\/07\/IMG_5564-scaled.jpg?strip=info&#038;w=1500&#038;ssl=1 1500w,https:\/\/i1.wp.com\/navalremo.pt\/site\/wp-content\/uploads\/2024\/07\/IMG_5564-scaled.jpg?strip=info&#038;w=1800&#038;ssl=1 1800w,https:\/\/i1.wp.com\/navalremo.pt\/site\/wp-content\/uploads\/2024\/07\/IMG_5564-scaled.jpg?strip=info&#038;w=1920&#038;ssl=1 1920w\" alt=\"\" data-height=\"1920\" data-id=\"3234\" data-link=\"https:\/\/navalremo.pt\/site\/?attachment_id=3234\" data-url=\"https:\/\/navalremo.pt\/site\/wp-content\/uploads\/2024\/07\/IMG_5564-scaled.jpg\" data-width=\"2560\" src=\"https:\/\/i1.wp.com\/navalremo.pt\/site\/wp-content\/uploads\/2024\/07\/IMG_5564-scaled.jpg?ssl=1\" data-amp-layout=\"responsive\" \/><\/figure><\/div><\/div><\/div><\/div>\n","protected":false},"excerpt":{"rendered":"<p>Realizou-se durante os dias 28, 29 e 30 de junho o Campeonato Nacional de Velocidade para Juniores, Seniores e Veteranos na pista de Remo de Montemor-o-Velho. Destacando o elevado n\u00edvel dos Clubes e Atletas em prova, os resultados da Naval foram os seguintes: Skiff Juvenil Masculino \u2013 7\u00ba Lugar para Andr\u00e9 Leal e 11\u00ba Lugar [&hellip;]<\/p>\n","protected":false},"author":2,"featured_media":3235,"comment_status":"closed","ping_status":"open","sticky":false,"template":"","format":"standard","meta":{"spay_email":""},"categories":[45,4,5],"tags":[],"jetpack_featured_media_url":"https:\/\/navalremo.pt\/site\/wp-content\/uploads\/2024\/07\/WhatsApp-Image-2024-07-04-at-07.38.26-1.jpeg","_links":{"self":[{"href":"https:\/\/navalremo.pt\/site\/wp-json\/wp\/v2\/posts\/3229"}],"collection":[{"href":"https:\/\/navalremo.pt\/site\/wp-json\/wp\/v2\/posts"}],"about":[{"href":"https:\/\/navalremo.pt\/site\/wp-json\/wp\/v2\/types\/post"}],"author":[{"embeddable":true,"href":"https:\/\/navalremo.pt\/site\/wp-json\/wp\/v2\/users\/2"}],"replies":[{"embeddable":true,"href":"https:\/\/navalremo.pt\/site\/wp-json\/wp\/v2\/comments?post=3229"}],"version-history":[{"count":1,"href":"https:\/\/navalremo.pt\/site\/wp-json\/wp\/v2\/posts\/3229\/revisions"}],"predecessor-version":[{"id":3236,"href":"https:\/\/navalremo.pt\/site\/wp-json\/wp\/v2\/posts\/3229\/revisions\/3236"}],"wp:featuredmedia":[{"embeddable":true,"href":"https:\/\/navalremo.pt\/site\/wp-json\/wp\/v2\/media\/3235"}],"wp:attachment":[{"href":"https:\/\/navalremo.pt\/site\/wp-json\/wp\/v2\/media?parent=3229"}],"wp:term":[{"taxonomy":"category","embeddable":true,"href":"https:\/\/navalremo.pt\/site\/wp-json\/wp\/v2\/categories?post=3229"},{"taxonomy":"post_tag","embeddable":true,"href":"https:\/\/navalremo.pt\/site\/wp-json\/wp\/v2\/tags?post=3229"}],"curies":[{"name":"wp","href":"https:\/\/api.w.org\/{rel}","templated":true}]}}