{"id":3222,"date":"2024-06-27T22:49:51","date_gmt":"2024-06-27T22:49:51","guid":{"rendered":"https:\/\/navalremo.pt\/site\/?p=3222"},"modified":"2024-06-27T22:49:55","modified_gmt":"2024-06-27T22:49:55","slug":"naval-remo-participou-no-encontro-nacional-de-remo-jovem-2023-2024","status":"publish","type":"post","link":"https:\/\/navalremo.pt\/site\/2024\/06\/27\/naval-remo-participou-no-encontro-nacional-de-remo-jovem-2023-2024\/","title":{"rendered":"Naval Remo participou no Encontro Nacional de Remo Jovem &#8211; 2023\/2024"},"content":{"rendered":"\n<p>Realizou-se no passado dia 22 de junho na pista de Remo de Montemor-o-Velho, o Encontro Nacional de Remo Jovem, com a participa\u00e7\u00e3o de 20 clubes.<\/p>\n\n\n\n<p>Os resultados da Naval Remo foram os seguintes:<\/p>\n\n\n\n<ul><li>Skiff Infantil Masculino \u2013 1\u00ba Lugar para Miguel Mendes <strong>(Campe\u00e3o Nacional)<\/strong>, 2\u00ba Lugar para Martim Cruz <strong>(Vice-Campe\u00e3o Nacional) <\/strong>e 12\u00ba Lugar para Davi Lisboa<\/li><li>Double Scull Infantil Feminino \u2013 4\u00ba Lugar para Lara Rodrigues e Maria Rodrigues<\/li><li>Double Scull Infantil Masculino \u2013 3\u00ba Lugar para Diogo Janeiro e Dinis Santos<\/li><li>Skiff Iniciado Feminino \u2013 11\u00ba Lugar para Laura Santos<\/li><li>Skiff Iniciado Masculino \u2013 2\u00ba Lugar para Martim Dias <strong>(Vice-Campe\u00e3o Nacional)<\/strong> e 25\u00ba lugar para Rodrigo Sim\u00e3o<\/li><li>Double Scull Iniciado Masculino \u2013 4\u00ba Lugar para Duarte Santos de Jo\u00e3o Monteiro<\/li><\/ul>\n\n\n\n<p>Esta foi a \u00faltima Regata para o Remo Jovem e o balan\u00e7o que se pode efetuar, com a conquista de 4 p\u00f3dios a n\u00edvel nacional, \u00e9 Excelente. A Naval endere\u00e7a publicamente os sinceros parab\u00e9ns a este conjunto de Atletas e aos Treinadores Patr\u00edcia Batista e Eduardo Al\u00e7ada, que desta forma contribuem de sobremaneira para elevar o nome da Naval e o da cidade da Figueira da Foz ao mais alto patamar do Remo Nacional.<\/p>\n\n\n\n<p>Associa\u00e7\u00e3o Desportiva Naval Remo &#8211; ADNR<\/p>\n\n\n\n<p><a href=\"http:\/\/www.navalremo.pt\">www.navalremo.pt<\/a><\/p>\n\n\n\n<div data-carousel-extra='{\"blog_id\":1,\"permalink\":\"https:\\\/\\\/navalremo.pt\\\/site\\\/2024\\\/06\\\/27\\\/naval-remo-participou-no-encontro-nacional-de-remo-jovem-2023-2024\\\/\"}' class=\"wp-block-jetpack-tiled-gallery aligncenter is-style-rectangular\"><div data-carousel-extra='{\"blog_id\":1,\"permalink\":\"https:\\\/\\\/navalremo.pt\\\/site\\\/2024\\\/06\\\/27\\\/naval-remo-participou-no-encontro-nacional-de-remo-jovem-2023-2024\\\/\"}' class=\"tiled-gallery__gallery\"><div data-carousel-extra='{\"blog_id\":1,\"permalink\":\"https:\\\/\\\/navalremo.pt\\\/site\\\/2024\\\/06\\\/27\\\/naval-remo-participou-no-encontro-nacional-de-remo-jovem-2023-2024\\\/\"}' class=\"tiled-gallery__row\"><div data-carousel-extra='{\"blog_id\":1,\"permalink\":\"https:\\\/\\\/navalremo.pt\\\/site\\\/2024\\\/06\\\/27\\\/naval-remo-participou-no-encontro-nacional-de-remo-jovem-2023-2024\\\/\"}' class=\"tiled-gallery__col\" style=\"flex-basis:39.05258%\"><figure class=\"tiled-gallery__item\"><img data-attachment-id=\"3223\" data-permalink=\"https:\/\/navalremo.pt\/site\/2024\/06\/27\/naval-remo-participou-no-encontro-nacional-de-remo-jovem-2023-2024\/whatsapp-image-2024-06-22-at-15-06-01\/\" data-orig-file=\"https:\/\/navalremo.pt\/site\/wp-content\/uploads\/2024\/06\/WhatsApp-Image-2024-06-22-at-15.06.01.jpeg\" data-orig-size=\"2048,1536\" data-comments-opened=\"0\" data-image-meta=\"{&quot;aperture&quot;:&quot;0&quot;,&quot;credit&quot;:&quot;&quot;,&quot;camera&quot;:&quot;&quot;,&quot;caption&quot;:&quot;&quot;,&quot;created_timestamp&quot;:&quot;0&quot;,&quot;copyright&quot;:&quot;&quot;,&quot;focal_length&quot;:&quot;0&quot;,&quot;iso&quot;:&quot;0&quot;,&quot;shutter_speed&quot;:&quot;0&quot;,&quot;title&quot;:&quot;&quot;,&quot;orientation&quot;:&quot;0&quot;}\" data-image-title=\"WhatsApp-Image-2024-06-22-at-15.06.01\" data-image-description=\"\" data-medium-file=\"https:\/\/navalremo.pt\/site\/wp-content\/uploads\/2024\/06\/WhatsApp-Image-2024-06-22-at-15.06.01-300x225.jpeg\" data-large-file=\"https:\/\/navalremo.pt\/site\/wp-content\/uploads\/2024\/06\/WhatsApp-Image-2024-06-22-at-15.06.01-1024x768.jpeg\" data-attachment-id=\"3223\" data-permalink=\"https:\/\/navalremo.pt\/site\/2024\/06\/27\/naval-remo-participou-no-encontro-nacional-de-remo-jovem-2023-2024\/whatsapp-image-2024-06-22-at-15-06-01\/\" data-orig-file=\"https:\/\/navalremo.pt\/site\/wp-content\/uploads\/2024\/06\/WhatsApp-Image-2024-06-22-at-15.06.01.jpeg\" data-orig-size=\"2048,1536\" data-comments-opened=\"0\" data-image-meta=\"{&quot;aperture&quot;:&quot;0&quot;,&quot;credit&quot;:&quot;&quot;,&quot;camera&quot;:&quot;&quot;,&quot;caption&quot;:&quot;&quot;,&quot;created_timestamp&quot;:&quot;0&quot;,&quot;copyright&quot;:&quot;&quot;,&quot;focal_length&quot;:&quot;0&quot;,&quot;iso&quot;:&quot;0&quot;,&quot;shutter_speed&quot;:&quot;0&quot;,&quot;title&quot;:&quot;&quot;,&quot;orientation&quot;:&quot;0&quot;}\" data-image-title=\"WhatsApp-Image-2024-06-22-at-15.06.01\" data-image-description=\"\" data-medium-file=\"https:\/\/navalremo.pt\/site\/wp-content\/uploads\/2024\/06\/WhatsApp-Image-2024-06-22-at-15.06.01-300x225.jpeg\" data-large-file=\"https:\/\/navalremo.pt\/site\/wp-content\/uploads\/2024\/06\/WhatsApp-Image-2024-06-22-at-15.06.01-1024x768.jpeg\" srcset=\"https:\/\/i1.wp.com\/navalremo.pt\/site\/wp-content\/uploads\/2024\/06\/WhatsApp-Image-2024-06-22-at-15.06.01.jpeg?strip=info&#038;w=600&#038;ssl=1 600w,https:\/\/i1.wp.com\/navalremo.pt\/site\/wp-content\/uploads\/2024\/06\/WhatsApp-Image-2024-06-22-at-15.06.01.jpeg?strip=info&#038;w=900&#038;ssl=1 900w,https:\/\/i1.wp.com\/navalremo.pt\/site\/wp-content\/uploads\/2024\/06\/WhatsApp-Image-2024-06-22-at-15.06.01.jpeg?strip=info&#038;w=1200&#038;ssl=1 1200w,https:\/\/i1.wp.com\/navalremo.pt\/site\/wp-content\/uploads\/2024\/06\/WhatsApp-Image-2024-06-22-at-15.06.01.jpeg?strip=info&#038;w=1500&#038;ssl=1 1500w,https:\/\/i1.wp.com\/navalremo.pt\/site\/wp-content\/uploads\/2024\/06\/WhatsApp-Image-2024-06-22-at-15.06.01.jpeg?strip=info&#038;w=1536&#038;ssl=1 1536w\" alt=\"\" data-height=\"1536\" data-id=\"3223\" data-link=\"https:\/\/navalremo.pt\/site\/?attachment_id=3223\" data-url=\"https:\/\/navalremo.pt\/site\/wp-content\/uploads\/2024\/06\/WhatsApp-Image-2024-06-22-at-15.06.01.jpeg\" data-width=\"2048\" src=\"https:\/\/i1.wp.com\/navalremo.pt\/site\/wp-content\/uploads\/2024\/06\/WhatsApp-Image-2024-06-22-at-15.06.01.jpeg?ssl=1\" data-amp-layout=\"responsive\" \/><\/figure><figure class=\"tiled-gallery__item\"><img data-attachment-id=\"3224\" data-permalink=\"https:\/\/navalremo.pt\/site\/2024\/06\/27\/naval-remo-participou-no-encontro-nacional-de-remo-jovem-2023-2024\/whatsapp-image-2024-06-22-at-15-09-41\/\" data-orig-file=\"https:\/\/navalremo.pt\/site\/wp-content\/uploads\/2024\/06\/WhatsApp-Image-2024-06-22-at-15.09.41.jpeg\" data-orig-size=\"2048,1536\" data-comments-opened=\"0\" data-image-meta=\"{&quot;aperture&quot;:&quot;0&quot;,&quot;credit&quot;:&quot;&quot;,&quot;camera&quot;:&quot;&quot;,&quot;caption&quot;:&quot;&quot;,&quot;created_timestamp&quot;:&quot;0&quot;,&quot;copyright&quot;:&quot;&quot;,&quot;focal_length&quot;:&quot;0&quot;,&quot;iso&quot;:&quot;0&quot;,&quot;shutter_speed&quot;:&quot;0&quot;,&quot;title&quot;:&quot;&quot;,&quot;orientation&quot;:&quot;0&quot;}\" data-image-title=\"WhatsApp-Image-2024-06-22-at-15.09.41\" data-image-description=\"\" data-medium-file=\"https:\/\/navalremo.pt\/site\/wp-content\/uploads\/2024\/06\/WhatsApp-Image-2024-06-22-at-15.09.41-300x225.jpeg\" data-large-file=\"https:\/\/navalremo.pt\/site\/wp-content\/uploads\/2024\/06\/WhatsApp-Image-2024-06-22-at-15.09.41-1024x768.jpeg\" data-attachment-id=\"3224\" data-permalink=\"https:\/\/navalremo.pt\/site\/2024\/06\/27\/naval-remo-participou-no-encontro-nacional-de-remo-jovem-2023-2024\/whatsapp-image-2024-06-22-at-15-09-41\/\" data-orig-file=\"https:\/\/navalremo.pt\/site\/wp-content\/uploads\/2024\/06\/WhatsApp-Image-2024-06-22-at-15.09.41.jpeg\" data-orig-size=\"2048,1536\" data-comments-opened=\"0\" data-image-meta=\"{&quot;aperture&quot;:&quot;0&quot;,&quot;credit&quot;:&quot;&quot;,&quot;camera&quot;:&quot;&quot;,&quot;caption&quot;:&quot;&quot;,&quot;created_timestamp&quot;:&quot;0&quot;,&quot;copyright&quot;:&quot;&quot;,&quot;focal_length&quot;:&quot;0&quot;,&quot;iso&quot;:&quot;0&quot;,&quot;shutter_speed&quot;:&quot;0&quot;,&quot;title&quot;:&quot;&quot;,&quot;orientation&quot;:&quot;0&quot;}\" data-image-title=\"WhatsApp-Image-2024-06-22-at-15.09.41\" data-image-description=\"\" data-medium-file=\"https:\/\/navalremo.pt\/site\/wp-content\/uploads\/2024\/06\/WhatsApp-Image-2024-06-22-at-15.09.41-300x225.jpeg\" data-large-file=\"https:\/\/navalremo.pt\/site\/wp-content\/uploads\/2024\/06\/WhatsApp-Image-2024-06-22-at-15.09.41-1024x768.jpeg\" srcset=\"https:\/\/i0.wp.com\/navalremo.pt\/site\/wp-content\/uploads\/2024\/06\/WhatsApp-Image-2024-06-22-at-15.09.41.jpeg?strip=info&#038;w=600&#038;ssl=1 600w,https:\/\/i0.wp.com\/navalremo.pt\/site\/wp-content\/uploads\/2024\/06\/WhatsApp-Image-2024-06-22-at-15.09.41.jpeg?strip=info&#038;w=900&#038;ssl=1 900w,https:\/\/i0.wp.com\/navalremo.pt\/site\/wp-content\/uploads\/2024\/06\/WhatsApp-Image-2024-06-22-at-15.09.41.jpeg?strip=info&#038;w=1200&#038;ssl=1 1200w,https:\/\/i0.wp.com\/navalremo.pt\/site\/wp-content\/uploads\/2024\/06\/WhatsApp-Image-2024-06-22-at-15.09.41.jpeg?strip=info&#038;w=1500&#038;ssl=1 1500w,https:\/\/i0.wp.com\/navalremo.pt\/site\/wp-content\/uploads\/2024\/06\/WhatsApp-Image-2024-06-22-at-15.09.41.jpeg?strip=info&#038;w=1536&#038;ssl=1 1536w\" alt=\"\" data-height=\"1536\" data-id=\"3224\" data-link=\"https:\/\/navalremo.pt\/site\/?attachment_id=3224\" data-url=\"https:\/\/navalremo.pt\/site\/wp-content\/uploads\/2024\/06\/WhatsApp-Image-2024-06-22-at-15.09.41.jpeg\" data-width=\"2048\" src=\"https:\/\/i0.wp.com\/navalremo.pt\/site\/wp-content\/uploads\/2024\/06\/WhatsApp-Image-2024-06-22-at-15.09.41.jpeg?ssl=1\" data-amp-layout=\"responsive\" \/><\/figure><figure class=\"tiled-gallery__item\"><img data-attachment-id=\"3225\" data-permalink=\"https:\/\/navalremo.pt\/site\/2024\/06\/27\/naval-remo-participou-no-encontro-nacional-de-remo-jovem-2023-2024\/whatsapp-image-2024-06-22-at-16-10-59\/\" data-orig-file=\"https:\/\/navalremo.pt\/site\/wp-content\/uploads\/2024\/06\/WhatsApp-Image-2024-06-22-at-16.10.59.jpeg\" data-orig-size=\"2048,1153\" data-comments-opened=\"0\" data-image-meta=\"{&quot;aperture&quot;:&quot;0&quot;,&quot;credit&quot;:&quot;&quot;,&quot;camera&quot;:&quot;&quot;,&quot;caption&quot;:&quot;&quot;,&quot;created_timestamp&quot;:&quot;0&quot;,&quot;copyright&quot;:&quot;&quot;,&quot;focal_length&quot;:&quot;0&quot;,&quot;iso&quot;:&quot;0&quot;,&quot;shutter_speed&quot;:&quot;0&quot;,&quot;title&quot;:&quot;&quot;,&quot;orientation&quot;:&quot;0&quot;}\" data-image-title=\"WhatsApp-Image-2024-06-22-at-16.10.59\" data-image-description=\"\" data-medium-file=\"https:\/\/navalremo.pt\/site\/wp-content\/uploads\/2024\/06\/WhatsApp-Image-2024-06-22-at-16.10.59-300x169.jpeg\" data-large-file=\"https:\/\/navalremo.pt\/site\/wp-content\/uploads\/2024\/06\/WhatsApp-Image-2024-06-22-at-16.10.59-1024x577.jpeg\" data-attachment-id=\"3225\" data-permalink=\"https:\/\/navalremo.pt\/site\/2024\/06\/27\/naval-remo-participou-no-encontro-nacional-de-remo-jovem-2023-2024\/whatsapp-image-2024-06-22-at-16-10-59\/\" data-orig-file=\"https:\/\/navalremo.pt\/site\/wp-content\/uploads\/2024\/06\/WhatsApp-Image-2024-06-22-at-16.10.59.jpeg\" data-orig-size=\"2048,1153\" data-comments-opened=\"0\" data-image-meta=\"{&quot;aperture&quot;:&quot;0&quot;,&quot;credit&quot;:&quot;&quot;,&quot;camera&quot;:&quot;&quot;,&quot;caption&quot;:&quot;&quot;,&quot;created_timestamp&quot;:&quot;0&quot;,&quot;copyright&quot;:&quot;&quot;,&quot;focal_length&quot;:&quot;0&quot;,&quot;iso&quot;:&quot;0&quot;,&quot;shutter_speed&quot;:&quot;0&quot;,&quot;title&quot;:&quot;&quot;,&quot;orientation&quot;:&quot;0&quot;}\" data-image-title=\"WhatsApp-Image-2024-06-22-at-16.10.59\" data-image-description=\"\" data-medium-file=\"https:\/\/navalremo.pt\/site\/wp-content\/uploads\/2024\/06\/WhatsApp-Image-2024-06-22-at-16.10.59-300x169.jpeg\" data-large-file=\"https:\/\/navalremo.pt\/site\/wp-content\/uploads\/2024\/06\/WhatsApp-Image-2024-06-22-at-16.10.59-1024x577.jpeg\" srcset=\"https:\/\/i2.wp.com\/navalremo.pt\/site\/wp-content\/uploads\/2024\/06\/WhatsApp-Image-2024-06-22-at-16.10.59.jpeg?strip=info&#038;w=600&#038;ssl=1 600w,https:\/\/i2.wp.com\/navalremo.pt\/site\/wp-content\/uploads\/2024\/06\/WhatsApp-Image-2024-06-22-at-16.10.59.jpeg?strip=info&#038;w=900&#038;ssl=1 900w,https:\/\/i2.wp.com\/navalremo.pt\/site\/wp-content\/uploads\/2024\/06\/WhatsApp-Image-2024-06-22-at-16.10.59.jpeg?strip=info&#038;w=1153&#038;ssl=1 1153w\" alt=\"\" data-height=\"1153\" data-id=\"3225\" data-link=\"https:\/\/navalremo.pt\/site\/?attachment_id=3225\" data-url=\"https:\/\/navalremo.pt\/site\/wp-content\/uploads\/2024\/06\/WhatsApp-Image-2024-06-22-at-16.10.59.jpeg\" data-width=\"2048\" src=\"https:\/\/i2.wp.com\/navalremo.pt\/site\/wp-content\/uploads\/2024\/06\/WhatsApp-Image-2024-06-22-at-16.10.59.jpeg?ssl=1\" data-amp-layout=\"responsive\" \/><\/figure><\/div><div data-carousel-extra='{\"blog_id\":1,\"permalink\":\"https:\\\/\\\/navalremo.pt\\\/site\\\/2024\\\/06\\\/27\\\/naval-remo-participou-no-encontro-nacional-de-remo-jovem-2023-2024\\\/\"}' class=\"tiled-gallery__col\" style=\"flex-basis:60.94742%\"><figure class=\"tiled-gallery__item\"><img data-attachment-id=\"3226\" data-permalink=\"https:\/\/navalremo.pt\/site\/2024\/06\/27\/naval-remo-participou-no-encontro-nacional-de-remo-jovem-2023-2024\/whatsapp-image-2024-06-22-at-20-46-18\/\" data-orig-file=\"https:\/\/navalremo.pt\/site\/wp-content\/uploads\/2024\/06\/WhatsApp-Image-2024-06-22-at-20.46.18.jpeg\" data-orig-size=\"1500,2000\" data-comments-opened=\"0\" data-image-meta=\"{&quot;aperture&quot;:&quot;0&quot;,&quot;credit&quot;:&quot;&quot;,&quot;camera&quot;:&quot;&quot;,&quot;caption&quot;:&quot;&quot;,&quot;created_timestamp&quot;:&quot;0&quot;,&quot;copyright&quot;:&quot;&quot;,&quot;focal_length&quot;:&quot;0&quot;,&quot;iso&quot;:&quot;0&quot;,&quot;shutter_speed&quot;:&quot;0&quot;,&quot;title&quot;:&quot;&quot;,&quot;orientation&quot;:&quot;0&quot;}\" data-image-title=\"WhatsApp-Image-2024-06-22-at-20.46.18\" data-image-description=\"\" data-medium-file=\"https:\/\/navalremo.pt\/site\/wp-content\/uploads\/2024\/06\/WhatsApp-Image-2024-06-22-at-20.46.18-225x300.jpeg\" data-large-file=\"https:\/\/navalremo.pt\/site\/wp-content\/uploads\/2024\/06\/WhatsApp-Image-2024-06-22-at-20.46.18-768x1024.jpeg\" data-attachment-id=\"3226\" data-permalink=\"https:\/\/navalremo.pt\/site\/2024\/06\/27\/naval-remo-participou-no-encontro-nacional-de-remo-jovem-2023-2024\/whatsapp-image-2024-06-22-at-20-46-18\/\" data-orig-file=\"https:\/\/navalremo.pt\/site\/wp-content\/uploads\/2024\/06\/WhatsApp-Image-2024-06-22-at-20.46.18.jpeg\" data-orig-size=\"1500,2000\" data-comments-opened=\"0\" data-image-meta=\"{&quot;aperture&quot;:&quot;0&quot;,&quot;credit&quot;:&quot;&quot;,&quot;camera&quot;:&quot;&quot;,&quot;caption&quot;:&quot;&quot;,&quot;created_timestamp&quot;:&quot;0&quot;,&quot;copyright&quot;:&quot;&quot;,&quot;focal_length&quot;:&quot;0&quot;,&quot;iso&quot;:&quot;0&quot;,&quot;shutter_speed&quot;:&quot;0&quot;,&quot;title&quot;:&quot;&quot;,&quot;orientation&quot;:&quot;0&quot;}\" data-image-title=\"WhatsApp-Image-2024-06-22-at-20.46.18\" data-image-description=\"\" data-medium-file=\"https:\/\/navalremo.pt\/site\/wp-content\/uploads\/2024\/06\/WhatsApp-Image-2024-06-22-at-20.46.18-225x300.jpeg\" data-large-file=\"https:\/\/navalremo.pt\/site\/wp-content\/uploads\/2024\/06\/WhatsApp-Image-2024-06-22-at-20.46.18-768x1024.jpeg\" srcset=\"https:\/\/i0.wp.com\/navalremo.pt\/site\/wp-content\/uploads\/2024\/06\/WhatsApp-Image-2024-06-22-at-20.46.18.jpeg?strip=info&#038;w=600&#038;ssl=1 600w,https:\/\/i0.wp.com\/navalremo.pt\/site\/wp-content\/uploads\/2024\/06\/WhatsApp-Image-2024-06-22-at-20.46.18.jpeg?strip=info&#038;w=900&#038;ssl=1 900w,https:\/\/i0.wp.com\/navalremo.pt\/site\/wp-content\/uploads\/2024\/06\/WhatsApp-Image-2024-06-22-at-20.46.18.jpeg?strip=info&#038;w=1200&#038;ssl=1 1200w,https:\/\/i0.wp.com\/navalremo.pt\/site\/wp-content\/uploads\/2024\/06\/WhatsApp-Image-2024-06-22-at-20.46.18.jpeg?strip=info&#038;w=1500&#038;ssl=1 1500w,https:\/\/i0.wp.com\/navalremo.pt\/site\/wp-content\/uploads\/2024\/06\/WhatsApp-Image-2024-06-22-at-20.46.18.jpeg?strip=info&#038;w=1800&#038;ssl=1 1800w,https:\/\/i0.wp.com\/navalremo.pt\/site\/wp-content\/uploads\/2024\/06\/WhatsApp-Image-2024-06-22-at-20.46.18.jpeg?strip=info&#038;w=2000&#038;ssl=1 2000w\" alt=\"\" data-height=\"2000\" data-id=\"3226\" data-link=\"https:\/\/navalremo.pt\/site\/?attachment_id=3226\" data-url=\"https:\/\/navalremo.pt\/site\/wp-content\/uploads\/2024\/06\/WhatsApp-Image-2024-06-22-at-20.46.18.jpeg\" data-width=\"1500\" src=\"https:\/\/i0.wp.com\/navalremo.pt\/site\/wp-content\/uploads\/2024\/06\/WhatsApp-Image-2024-06-22-at-20.46.18.jpeg?ssl=1\" data-amp-layout=\"responsive\" \/><\/figure><\/div><\/div><\/div><\/div>\n","protected":false},"excerpt":{"rendered":"<p>Realizou-se no passado dia 22 de junho na pista de Remo de Montemor-o-Velho, o Encontro Nacional de Remo Jovem, com a participa\u00e7\u00e3o de 20 clubes. Os resultados da Naval Remo foram os seguintes: Skiff Infantil Masculino \u2013 1\u00ba Lugar para Miguel Mendes (Campe\u00e3o Nacional), 2\u00ba Lugar para Martim Cruz (Vice-Campe\u00e3o Nacional) e 12\u00ba Lugar para [&hellip;]<\/p>\n","protected":false},"author":2,"featured_media":3223,"comment_status":"closed","ping_status":"open","sticky":false,"template":"","format":"standard","meta":{"spay_email":""},"categories":[45,4,5],"tags":[],"jetpack_featured_media_url":"https:\/\/navalremo.pt\/site\/wp-content\/uploads\/2024\/06\/WhatsApp-Image-2024-06-22-at-15.06.01.jpeg","_links":{"self":[{"href":"https:\/\/navalremo.pt\/site\/wp-json\/wp\/v2\/posts\/3222"}],"collection":[{"href":"https:\/\/navalremo.pt\/site\/wp-json\/wp\/v2\/posts"}],"about":[{"href":"https:\/\/navalremo.pt\/site\/wp-json\/wp\/v2\/types\/post"}],"author":[{"embeddable":true,"href":"https:\/\/navalremo.pt\/site\/wp-json\/wp\/v2\/users\/2"}],"replies":[{"embeddable":true,"href":"https:\/\/navalremo.pt\/site\/wp-json\/wp\/v2\/comments?post=3222"}],"version-history":[{"count":1,"href":"https:\/\/navalremo.pt\/site\/wp-json\/wp\/v2\/posts\/3222\/revisions"}],"predecessor-version":[{"id":3227,"href":"https:\/\/navalremo.pt\/site\/wp-json\/wp\/v2\/posts\/3222\/revisions\/3227"}],"wp:featuredmedia":[{"embeddable":true,"href":"https:\/\/navalremo.pt\/site\/wp-json\/wp\/v2\/media\/3223"}],"wp:attachment":[{"href":"https:\/\/navalremo.pt\/site\/wp-json\/wp\/v2\/media?parent=3222"}],"wp:term":[{"taxonomy":"category","embeddable":true,"href":"https:\/\/navalremo.pt\/site\/wp-json\/wp\/v2\/categories?post=3222"},{"taxonomy":"post_tag","embeddable":true,"href":"https:\/\/navalremo.pt\/site\/wp-json\/wp\/v2\/tags?post=3222"}],"curies":[{"name":"wp","href":"https:\/\/api.w.org\/{rel}","templated":true}]}}