{"id":3212,"date":"2024-06-11T23:03:00","date_gmt":"2024-06-11T23:03:00","guid":{"rendered":"https:\/\/navalremo.pt\/site\/?p=3212"},"modified":"2024-06-11T23:03:05","modified_gmt":"2024-06-11T23:03:05","slug":"a-naval-canoagem-participa-no-campeonato-regional-de-regatas-em-linha-2","status":"publish","type":"post","link":"https:\/\/navalremo.pt\/site\/2024\/06\/11\/a-naval-canoagem-participa-no-campeonato-regional-de-regatas-em-linha-2\/","title":{"rendered":"A Naval Canoagem participa no Campeonato Regional de Regatas em Linha"},"content":{"rendered":"\n<p>No passado dia 09 de junho, a equipa de Canoagem da Naval participou no campeonato regional do centro de regatas em linha realizado na pista do Centro de Alto Rendimento de Montemor-o-Velho, organizado pela Associa\u00e7\u00e3o de Canoagem do Centro e a Federa\u00e7\u00e3o Portuguesa de Canoagem.<\/p>\n\n\n\n<p>Esta Regata destina-se a atletas dos escal\u00f5es desde Iniciados at\u00e9 Veteranos, permitiu aos atletas da Naval a realiza\u00e7\u00e3o das dist\u00e2ncias ol\u00edmpicas (1000m, 500m e 200m) pela primeira vez em competi\u00e7\u00e3o oficial. Ao longo do dia, realizaram-se mais de 180 regatas.<\/p>\n\n\n\n<p>A Naval Canoagem obteve os seguintes resultados:<\/p>\n\n\n\n<ul><li>C1 infantil feminino 500m \u2013 2\u00ba Lugar para Maria Casaleiro Dias (Vice-Campe\u00e3 Regional)<\/li><li>C1 infantil feminino 200m &#8211; 2\u00ba Lugar para Maria Casaleiro Dias (Vice-Campe\u00e3 Regional)<\/li><li>SUPC infantil feminino 200m \u2013 1\u00ba Lugar para Maria Mafalda Duarte (Campe\u00e3 Regional)<\/li><li>K1 Infantil A Masculino 1000m \u2013 8\u00ba Lugar para Tiago Caldeira<\/li><li>K1 Infantil B Masculino 1000m \u2013 8\u00ba Lugar para Guilherme Lopes<\/li><li>K1 Infantil B Feminino 500m &#8211; 7\u00ba Lugar para Maria Montero<\/li><li>K1 Infantil B Masculino 1000m &#8211; David Condesso e Tom\u00e1s Caldeira ficaram pela eliminat\u00f3ria<\/li><li>K1 Cadete masculino 500m e 200m &#8211; Victor Rosado ficou pela eliminat\u00f3ria<\/li><li>K1 Junior masculino 500m e 200m &#8211; Rui Paulino ficou pela eliminat\u00f3ria<\/li><\/ul>\n\n\n\n<p>Com destaque para os tr\u00eas p\u00f3dios conquistados, sublinhamos ainda o empenho enorme de todos os atletas e o apoio fundamental dos pais e parabenizamos o corpo T\u00e9cnico liderado pelo Andy Morales por estas conquistas, que v\u00e3o sendo o reflexo do trabalho efetuado de forma exemplar e consolidada.<\/p>\n\n\n\n<p>Associa\u00e7\u00e3o Desportiva Naval Remo &#8211; ADNR<\/p>\n\n\n\n<div data-carousel-extra='{\"blog_id\":1,\"permalink\":\"https:\\\/\\\/navalremo.pt\\\/site\\\/2024\\\/06\\\/11\\\/a-naval-canoagem-participa-no-campeonato-regional-de-regatas-em-linha-2\\\/\"}' class=\"wp-block-jetpack-tiled-gallery aligncenter is-style-rectangular\"><div data-carousel-extra='{\"blog_id\":1,\"permalink\":\"https:\\\/\\\/navalremo.pt\\\/site\\\/2024\\\/06\\\/11\\\/a-naval-canoagem-participa-no-campeonato-regional-de-regatas-em-linha-2\\\/\"}' class=\"tiled-gallery__gallery\"><div data-carousel-extra='{\"blog_id\":1,\"permalink\":\"https:\\\/\\\/navalremo.pt\\\/site\\\/2024\\\/06\\\/11\\\/a-naval-canoagem-participa-no-campeonato-regional-de-regatas-em-linha-2\\\/\"}' class=\"tiled-gallery__row\"><div data-carousel-extra='{\"blog_id\":1,\"permalink\":\"https:\\\/\\\/navalremo.pt\\\/site\\\/2024\\\/06\\\/11\\\/a-naval-canoagem-participa-no-campeonato-regional-de-regatas-em-linha-2\\\/\"}' class=\"tiled-gallery__col\" style=\"flex-basis:36.03523%\"><figure class=\"tiled-gallery__item\"><img data-attachment-id=\"3213\" data-permalink=\"https:\/\/navalremo.pt\/site\/2024\/06\/11\/a-naval-canoagem-participa-no-campeonato-regional-de-regatas-em-linha-2\/whatsapp-image-2024-06-09-at-15-24-35\/\" data-orig-file=\"https:\/\/navalremo.pt\/site\/wp-content\/uploads\/2024\/06\/WhatsApp-Image-2024-06-09-at-15.24.35.jpeg\" data-orig-size=\"1536,2048\" data-comments-opened=\"0\" data-image-meta=\"{&quot;aperture&quot;:&quot;0&quot;,&quot;credit&quot;:&quot;&quot;,&quot;camera&quot;:&quot;&quot;,&quot;caption&quot;:&quot;&quot;,&quot;created_timestamp&quot;:&quot;0&quot;,&quot;copyright&quot;:&quot;&quot;,&quot;focal_length&quot;:&quot;0&quot;,&quot;iso&quot;:&quot;0&quot;,&quot;shutter_speed&quot;:&quot;0&quot;,&quot;title&quot;:&quot;&quot;,&quot;orientation&quot;:&quot;0&quot;}\" data-image-title=\"WhatsApp-Image-2024-06-09-at-15.24.35\" data-image-description=\"\" data-medium-file=\"https:\/\/navalremo.pt\/site\/wp-content\/uploads\/2024\/06\/WhatsApp-Image-2024-06-09-at-15.24.35-225x300.jpeg\" data-large-file=\"https:\/\/navalremo.pt\/site\/wp-content\/uploads\/2024\/06\/WhatsApp-Image-2024-06-09-at-15.24.35-768x1024.jpeg\" data-attachment-id=\"3213\" data-permalink=\"https:\/\/navalremo.pt\/site\/2024\/06\/11\/a-naval-canoagem-participa-no-campeonato-regional-de-regatas-em-linha-2\/whatsapp-image-2024-06-09-at-15-24-35\/\" data-orig-file=\"https:\/\/navalremo.pt\/site\/wp-content\/uploads\/2024\/06\/WhatsApp-Image-2024-06-09-at-15.24.35.jpeg\" data-orig-size=\"1536,2048\" data-comments-opened=\"0\" data-image-meta=\"{&quot;aperture&quot;:&quot;0&quot;,&quot;credit&quot;:&quot;&quot;,&quot;camera&quot;:&quot;&quot;,&quot;caption&quot;:&quot;&quot;,&quot;created_timestamp&quot;:&quot;0&quot;,&quot;copyright&quot;:&quot;&quot;,&quot;focal_length&quot;:&quot;0&quot;,&quot;iso&quot;:&quot;0&quot;,&quot;shutter_speed&quot;:&quot;0&quot;,&quot;title&quot;:&quot;&quot;,&quot;orientation&quot;:&quot;0&quot;}\" data-image-title=\"WhatsApp-Image-2024-06-09-at-15.24.35\" data-image-description=\"\" data-medium-file=\"https:\/\/navalremo.pt\/site\/wp-content\/uploads\/2024\/06\/WhatsApp-Image-2024-06-09-at-15.24.35-225x300.jpeg\" data-large-file=\"https:\/\/navalremo.pt\/site\/wp-content\/uploads\/2024\/06\/WhatsApp-Image-2024-06-09-at-15.24.35-768x1024.jpeg\" srcset=\"https:\/\/i1.wp.com\/navalremo.pt\/site\/wp-content\/uploads\/2024\/06\/WhatsApp-Image-2024-06-09-at-15.24.35.jpeg?strip=info&#038;w=600&#038;ssl=1 600w,https:\/\/i1.wp.com\/navalremo.pt\/site\/wp-content\/uploads\/2024\/06\/WhatsApp-Image-2024-06-09-at-15.24.35.jpeg?strip=info&#038;w=900&#038;ssl=1 900w,https:\/\/i1.wp.com\/navalremo.pt\/site\/wp-content\/uploads\/2024\/06\/WhatsApp-Image-2024-06-09-at-15.24.35.jpeg?strip=info&#038;w=1200&#038;ssl=1 1200w,https:\/\/i1.wp.com\/navalremo.pt\/site\/wp-content\/uploads\/2024\/06\/WhatsApp-Image-2024-06-09-at-15.24.35.jpeg?strip=info&#038;w=1500&#038;ssl=1 1500w,https:\/\/i1.wp.com\/navalremo.pt\/site\/wp-content\/uploads\/2024\/06\/WhatsApp-Image-2024-06-09-at-15.24.35.jpeg?strip=info&#038;w=1800&#038;ssl=1 1800w,https:\/\/i1.wp.com\/navalremo.pt\/site\/wp-content\/uploads\/2024\/06\/WhatsApp-Image-2024-06-09-at-15.24.35.jpeg?strip=info&#038;w=2000&#038;ssl=1 2000w\" alt=\"\" data-height=\"2048\" data-id=\"3213\" data-link=\"https:\/\/navalremo.pt\/site\/?attachment_id=3213\" data-url=\"https:\/\/navalremo.pt\/site\/wp-content\/uploads\/2024\/06\/WhatsApp-Image-2024-06-09-at-15.24.35.jpeg\" data-width=\"1536\" src=\"https:\/\/i1.wp.com\/navalremo.pt\/site\/wp-content\/uploads\/2024\/06\/WhatsApp-Image-2024-06-09-at-15.24.35.jpeg?ssl=1\" data-amp-layout=\"responsive\" \/><\/figure><\/div><div data-carousel-extra='{\"blog_id\":1,\"permalink\":\"https:\\\/\\\/navalremo.pt\\\/site\\\/2024\\\/06\\\/11\\\/a-naval-canoagem-participa-no-campeonato-regional-de-regatas-em-linha-2\\\/\"}' class=\"tiled-gallery__col\" style=\"flex-basis:63.96477%\"><figure class=\"tiled-gallery__item\"><img data-attachment-id=\"3214\" data-permalink=\"https:\/\/navalremo.pt\/site\/2024\/06\/11\/a-naval-canoagem-participa-no-campeonato-regional-de-regatas-em-linha-2\/whatsapp-image-2024-06-09-at-16-33-54\/\" data-orig-file=\"https:\/\/navalremo.pt\/site\/wp-content\/uploads\/2024\/06\/WhatsApp-Image-2024-06-09-at-16.33.54.jpeg\" data-orig-size=\"2040,1530\" data-comments-opened=\"0\" data-image-meta=\"{&quot;aperture&quot;:&quot;0&quot;,&quot;credit&quot;:&quot;&quot;,&quot;camera&quot;:&quot;&quot;,&quot;caption&quot;:&quot;&quot;,&quot;created_timestamp&quot;:&quot;0&quot;,&quot;copyright&quot;:&quot;&quot;,&quot;focal_length&quot;:&quot;0&quot;,&quot;iso&quot;:&quot;0&quot;,&quot;shutter_speed&quot;:&quot;0&quot;,&quot;title&quot;:&quot;&quot;,&quot;orientation&quot;:&quot;0&quot;}\" data-image-title=\"WhatsApp-Image-2024-06-09-at-16.33.54\" data-image-description=\"\" data-medium-file=\"https:\/\/navalremo.pt\/site\/wp-content\/uploads\/2024\/06\/WhatsApp-Image-2024-06-09-at-16.33.54-300x225.jpeg\" data-large-file=\"https:\/\/navalremo.pt\/site\/wp-content\/uploads\/2024\/06\/WhatsApp-Image-2024-06-09-at-16.33.54-1024x768.jpeg\" data-attachment-id=\"3214\" data-permalink=\"https:\/\/navalremo.pt\/site\/2024\/06\/11\/a-naval-canoagem-participa-no-campeonato-regional-de-regatas-em-linha-2\/whatsapp-image-2024-06-09-at-16-33-54\/\" data-orig-file=\"https:\/\/navalremo.pt\/site\/wp-content\/uploads\/2024\/06\/WhatsApp-Image-2024-06-09-at-16.33.54.jpeg\" data-orig-size=\"2040,1530\" data-comments-opened=\"0\" data-image-meta=\"{&quot;aperture&quot;:&quot;0&quot;,&quot;credit&quot;:&quot;&quot;,&quot;camera&quot;:&quot;&quot;,&quot;caption&quot;:&quot;&quot;,&quot;created_timestamp&quot;:&quot;0&quot;,&quot;copyright&quot;:&quot;&quot;,&quot;focal_length&quot;:&quot;0&quot;,&quot;iso&quot;:&quot;0&quot;,&quot;shutter_speed&quot;:&quot;0&quot;,&quot;title&quot;:&quot;&quot;,&quot;orientation&quot;:&quot;0&quot;}\" data-image-title=\"WhatsApp-Image-2024-06-09-at-16.33.54\" data-image-description=\"\" data-medium-file=\"https:\/\/navalremo.pt\/site\/wp-content\/uploads\/2024\/06\/WhatsApp-Image-2024-06-09-at-16.33.54-300x225.jpeg\" data-large-file=\"https:\/\/navalremo.pt\/site\/wp-content\/uploads\/2024\/06\/WhatsApp-Image-2024-06-09-at-16.33.54-1024x768.jpeg\" srcset=\"https:\/\/i1.wp.com\/navalremo.pt\/site\/wp-content\/uploads\/2024\/06\/WhatsApp-Image-2024-06-09-at-16.33.54.jpeg?strip=info&#038;w=600&#038;ssl=1 600w,https:\/\/i1.wp.com\/navalremo.pt\/site\/wp-content\/uploads\/2024\/06\/WhatsApp-Image-2024-06-09-at-16.33.54.jpeg?strip=info&#038;w=900&#038;ssl=1 900w,https:\/\/i1.wp.com\/navalremo.pt\/site\/wp-content\/uploads\/2024\/06\/WhatsApp-Image-2024-06-09-at-16.33.54.jpeg?strip=info&#038;w=1200&#038;ssl=1 1200w,https:\/\/i1.wp.com\/navalremo.pt\/site\/wp-content\/uploads\/2024\/06\/WhatsApp-Image-2024-06-09-at-16.33.54.jpeg?strip=info&#038;w=1500&#038;ssl=1 1500w,https:\/\/i1.wp.com\/navalremo.pt\/site\/wp-content\/uploads\/2024\/06\/WhatsApp-Image-2024-06-09-at-16.33.54.jpeg?strip=info&#038;w=1530&#038;ssl=1 1530w\" alt=\"\" data-height=\"1530\" data-id=\"3214\" data-link=\"https:\/\/navalremo.pt\/site\/?attachment_id=3214\" data-url=\"https:\/\/navalremo.pt\/site\/wp-content\/uploads\/2024\/06\/WhatsApp-Image-2024-06-09-at-16.33.54.jpeg\" data-width=\"2040\" src=\"https:\/\/i1.wp.com\/navalremo.pt\/site\/wp-content\/uploads\/2024\/06\/WhatsApp-Image-2024-06-09-at-16.33.54.jpeg?ssl=1\" data-amp-layout=\"responsive\" \/><\/figure><\/div><\/div><div data-carousel-extra='{\"blog_id\":1,\"permalink\":\"https:\\\/\\\/navalremo.pt\\\/site\\\/2024\\\/06\\\/11\\\/a-naval-canoagem-participa-no-campeonato-regional-de-regatas-em-linha-2\\\/\"}' class=\"tiled-gallery__row\"><div data-carousel-extra='{\"blog_id\":1,\"permalink\":\"https:\\\/\\\/navalremo.pt\\\/site\\\/2024\\\/06\\\/11\\\/a-naval-canoagem-participa-no-campeonato-regional-de-regatas-em-linha-2\\\/\"}' class=\"tiled-gallery__col\" style=\"flex-basis:100.00000%\"><figure class=\"tiled-gallery__item\"><img data-attachment-id=\"3215\" data-permalink=\"https:\/\/navalremo.pt\/site\/2024\/06\/11\/a-naval-canoagem-participa-no-campeonato-regional-de-regatas-em-linha-2\/whatsapp-image-2024-06-09-at-17-28-59\/\" data-orig-file=\"https:\/\/navalremo.pt\/site\/wp-content\/uploads\/2024\/06\/WhatsApp-Image-2024-06-09-at-17.28.59.jpeg\" data-orig-size=\"2040,918\" data-comments-opened=\"0\" data-image-meta=\"{&quot;aperture&quot;:&quot;0&quot;,&quot;credit&quot;:&quot;&quot;,&quot;camera&quot;:&quot;&quot;,&quot;caption&quot;:&quot;&quot;,&quot;created_timestamp&quot;:&quot;0&quot;,&quot;copyright&quot;:&quot;&quot;,&quot;focal_length&quot;:&quot;0&quot;,&quot;iso&quot;:&quot;0&quot;,&quot;shutter_speed&quot;:&quot;0&quot;,&quot;title&quot;:&quot;&quot;,&quot;orientation&quot;:&quot;0&quot;}\" data-image-title=\"WhatsApp-Image-2024-06-09-at-17.28.59\" data-image-description=\"\" data-medium-file=\"https:\/\/navalremo.pt\/site\/wp-content\/uploads\/2024\/06\/WhatsApp-Image-2024-06-09-at-17.28.59-300x135.jpeg\" data-large-file=\"https:\/\/navalremo.pt\/site\/wp-content\/uploads\/2024\/06\/WhatsApp-Image-2024-06-09-at-17.28.59-1024x461.jpeg\" data-attachment-id=\"3215\" data-permalink=\"https:\/\/navalremo.pt\/site\/2024\/06\/11\/a-naval-canoagem-participa-no-campeonato-regional-de-regatas-em-linha-2\/whatsapp-image-2024-06-09-at-17-28-59\/\" data-orig-file=\"https:\/\/navalremo.pt\/site\/wp-content\/uploads\/2024\/06\/WhatsApp-Image-2024-06-09-at-17.28.59.jpeg\" data-orig-size=\"2040,918\" data-comments-opened=\"0\" data-image-meta=\"{&quot;aperture&quot;:&quot;0&quot;,&quot;credit&quot;:&quot;&quot;,&quot;camera&quot;:&quot;&quot;,&quot;caption&quot;:&quot;&quot;,&quot;created_timestamp&quot;:&quot;0&quot;,&quot;copyright&quot;:&quot;&quot;,&quot;focal_length&quot;:&quot;0&quot;,&quot;iso&quot;:&quot;0&quot;,&quot;shutter_speed&quot;:&quot;0&quot;,&quot;title&quot;:&quot;&quot;,&quot;orientation&quot;:&quot;0&quot;}\" data-image-title=\"WhatsApp-Image-2024-06-09-at-17.28.59\" data-image-description=\"\" data-medium-file=\"https:\/\/navalremo.pt\/site\/wp-content\/uploads\/2024\/06\/WhatsApp-Image-2024-06-09-at-17.28.59-300x135.jpeg\" data-large-file=\"https:\/\/navalremo.pt\/site\/wp-content\/uploads\/2024\/06\/WhatsApp-Image-2024-06-09-at-17.28.59-1024x461.jpeg\" srcset=\"https:\/\/i0.wp.com\/navalremo.pt\/site\/wp-content\/uploads\/2024\/06\/WhatsApp-Image-2024-06-09-at-17.28.59.jpeg?strip=info&#038;w=600&#038;ssl=1 600w,https:\/\/i0.wp.com\/navalremo.pt\/site\/wp-content\/uploads\/2024\/06\/WhatsApp-Image-2024-06-09-at-17.28.59.jpeg?strip=info&#038;w=900&#038;ssl=1 900w,https:\/\/i0.wp.com\/navalremo.pt\/site\/wp-content\/uploads\/2024\/06\/WhatsApp-Image-2024-06-09-at-17.28.59.jpeg?strip=info&#038;w=918&#038;ssl=1 918w\" alt=\"\" data-height=\"918\" data-id=\"3215\" data-link=\"https:\/\/navalremo.pt\/site\/?attachment_id=3215\" data-url=\"https:\/\/navalremo.pt\/site\/wp-content\/uploads\/2024\/06\/WhatsApp-Image-2024-06-09-at-17.28.59.jpeg\" data-width=\"2040\" src=\"https:\/\/i0.wp.com\/navalremo.pt\/site\/wp-content\/uploads\/2024\/06\/WhatsApp-Image-2024-06-09-at-17.28.59.jpeg?ssl=1\" data-amp-layout=\"responsive\" \/><\/figure><\/div><\/div><div data-carousel-extra='{\"blog_id\":1,\"permalink\":\"https:\\\/\\\/navalremo.pt\\\/site\\\/2024\\\/06\\\/11\\\/a-naval-canoagem-participa-no-campeonato-regional-de-regatas-em-linha-2\\\/\"}' class=\"tiled-gallery__row\"><div data-carousel-extra='{\"blog_id\":1,\"permalink\":\"https:\\\/\\\/navalremo.pt\\\/site\\\/2024\\\/06\\\/11\\\/a-naval-canoagem-participa-no-campeonato-regional-de-regatas-em-linha-2\\\/\"}' class=\"tiled-gallery__col\" style=\"flex-basis:17.63035%\"><figure class=\"tiled-gallery__item\"><img data-attachment-id=\"3216\" data-permalink=\"https:\/\/navalremo.pt\/site\/2024\/06\/11\/a-naval-canoagem-participa-no-campeonato-regional-de-regatas-em-linha-2\/whatsapp-image-2024-06-10-at-16-10-38-1\/\" data-orig-file=\"https:\/\/navalremo.pt\/site\/wp-content\/uploads\/2024\/06\/WhatsApp-Image-2024-06-10-at-16.10.38-1.jpeg\" data-orig-size=\"922,2000\" data-comments-opened=\"0\" data-image-meta=\"{&quot;aperture&quot;:&quot;0&quot;,&quot;credit&quot;:&quot;&quot;,&quot;camera&quot;:&quot;&quot;,&quot;caption&quot;:&quot;&quot;,&quot;created_timestamp&quot;:&quot;0&quot;,&quot;copyright&quot;:&quot;&quot;,&quot;focal_length&quot;:&quot;0&quot;,&quot;iso&quot;:&quot;0&quot;,&quot;shutter_speed&quot;:&quot;0&quot;,&quot;title&quot;:&quot;&quot;,&quot;orientation&quot;:&quot;0&quot;}\" data-image-title=\"WhatsApp-Image-2024-06-10-at-16.10.38-1\" data-image-description=\"\" data-medium-file=\"https:\/\/navalremo.pt\/site\/wp-content\/uploads\/2024\/06\/WhatsApp-Image-2024-06-10-at-16.10.38-1-138x300.jpeg\" data-large-file=\"https:\/\/navalremo.pt\/site\/wp-content\/uploads\/2024\/06\/WhatsApp-Image-2024-06-10-at-16.10.38-1-472x1024.jpeg\" data-attachment-id=\"3216\" data-permalink=\"https:\/\/navalremo.pt\/site\/2024\/06\/11\/a-naval-canoagem-participa-no-campeonato-regional-de-regatas-em-linha-2\/whatsapp-image-2024-06-10-at-16-10-38-1\/\" data-orig-file=\"https:\/\/navalremo.pt\/site\/wp-content\/uploads\/2024\/06\/WhatsApp-Image-2024-06-10-at-16.10.38-1.jpeg\" data-orig-size=\"922,2000\" data-comments-opened=\"0\" data-image-meta=\"{&quot;aperture&quot;:&quot;0&quot;,&quot;credit&quot;:&quot;&quot;,&quot;camera&quot;:&quot;&quot;,&quot;caption&quot;:&quot;&quot;,&quot;created_timestamp&quot;:&quot;0&quot;,&quot;copyright&quot;:&quot;&quot;,&quot;focal_length&quot;:&quot;0&quot;,&quot;iso&quot;:&quot;0&quot;,&quot;shutter_speed&quot;:&quot;0&quot;,&quot;title&quot;:&quot;&quot;,&quot;orientation&quot;:&quot;0&quot;}\" data-image-title=\"WhatsApp-Image-2024-06-10-at-16.10.38-1\" data-image-description=\"\" data-medium-file=\"https:\/\/navalremo.pt\/site\/wp-content\/uploads\/2024\/06\/WhatsApp-Image-2024-06-10-at-16.10.38-1-138x300.jpeg\" data-large-file=\"https:\/\/navalremo.pt\/site\/wp-content\/uploads\/2024\/06\/WhatsApp-Image-2024-06-10-at-16.10.38-1-472x1024.jpeg\" srcset=\"https:\/\/i0.wp.com\/navalremo.pt\/site\/wp-content\/uploads\/2024\/06\/WhatsApp-Image-2024-06-10-at-16.10.38-1.jpeg?strip=info&#038;w=600&#038;ssl=1 600w,https:\/\/i0.wp.com\/navalremo.pt\/site\/wp-content\/uploads\/2024\/06\/WhatsApp-Image-2024-06-10-at-16.10.38-1.jpeg?strip=info&#038;w=900&#038;ssl=1 900w,https:\/\/i0.wp.com\/navalremo.pt\/site\/wp-content\/uploads\/2024\/06\/WhatsApp-Image-2024-06-10-at-16.10.38-1.jpeg?strip=info&#038;w=1200&#038;ssl=1 1200w,https:\/\/i0.wp.com\/navalremo.pt\/site\/wp-content\/uploads\/2024\/06\/WhatsApp-Image-2024-06-10-at-16.10.38-1.jpeg?strip=info&#038;w=1500&#038;ssl=1 1500w,https:\/\/i0.wp.com\/navalremo.pt\/site\/wp-content\/uploads\/2024\/06\/WhatsApp-Image-2024-06-10-at-16.10.38-1.jpeg?strip=info&#038;w=1800&#038;ssl=1 1800w,https:\/\/i0.wp.com\/navalremo.pt\/site\/wp-content\/uploads\/2024\/06\/WhatsApp-Image-2024-06-10-at-16.10.38-1.jpeg?strip=info&#038;w=2000&#038;ssl=1 2000w\" alt=\"\" data-height=\"2000\" data-id=\"3216\" data-link=\"https:\/\/navalremo.pt\/site\/?attachment_id=3216\" data-url=\"https:\/\/navalremo.pt\/site\/wp-content\/uploads\/2024\/06\/WhatsApp-Image-2024-06-10-at-16.10.38-1.jpeg\" data-width=\"922\" src=\"https:\/\/i0.wp.com\/navalremo.pt\/site\/wp-content\/uploads\/2024\/06\/WhatsApp-Image-2024-06-10-at-16.10.38-1.jpeg?ssl=1\" data-amp-layout=\"responsive\" \/><\/figure><\/div><div data-carousel-extra='{\"blog_id\":1,\"permalink\":\"https:\\\/\\\/navalremo.pt\\\/site\\\/2024\\\/06\\\/11\\\/a-naval-canoagem-participa-no-campeonato-regional-de-regatas-em-linha-2\\\/\"}' class=\"tiled-gallery__col\" style=\"flex-basis:82.36965%\"><figure class=\"tiled-gallery__item\"><img data-attachment-id=\"3217\" data-permalink=\"https:\/\/navalremo.pt\/site\/2024\/06\/11\/a-naval-canoagem-participa-no-campeonato-regional-de-regatas-em-linha-2\/whatsapp-image-2024-06-10-at-16-10-38\/\" data-orig-file=\"https:\/\/navalremo.pt\/site\/wp-content\/uploads\/2024\/06\/WhatsApp-Image-2024-06-10-at-16.10.38.jpeg\" data-orig-size=\"2000,922\" data-comments-opened=\"0\" data-image-meta=\"{&quot;aperture&quot;:&quot;0&quot;,&quot;credit&quot;:&quot;&quot;,&quot;camera&quot;:&quot;&quot;,&quot;caption&quot;:&quot;&quot;,&quot;created_timestamp&quot;:&quot;0&quot;,&quot;copyright&quot;:&quot;&quot;,&quot;focal_length&quot;:&quot;0&quot;,&quot;iso&quot;:&quot;0&quot;,&quot;shutter_speed&quot;:&quot;0&quot;,&quot;title&quot;:&quot;&quot;,&quot;orientation&quot;:&quot;0&quot;}\" data-image-title=\"WhatsApp-Image-2024-06-10-at-16.10.38\" data-image-description=\"\" data-medium-file=\"https:\/\/navalremo.pt\/site\/wp-content\/uploads\/2024\/06\/WhatsApp-Image-2024-06-10-at-16.10.38-300x138.jpeg\" data-large-file=\"https:\/\/navalremo.pt\/site\/wp-content\/uploads\/2024\/06\/WhatsApp-Image-2024-06-10-at-16.10.38-1024x472.jpeg\" data-attachment-id=\"3217\" data-permalink=\"https:\/\/navalremo.pt\/site\/2024\/06\/11\/a-naval-canoagem-participa-no-campeonato-regional-de-regatas-em-linha-2\/whatsapp-image-2024-06-10-at-16-10-38\/\" data-orig-file=\"https:\/\/navalremo.pt\/site\/wp-content\/uploads\/2024\/06\/WhatsApp-Image-2024-06-10-at-16.10.38.jpeg\" data-orig-size=\"2000,922\" data-comments-opened=\"0\" data-image-meta=\"{&quot;aperture&quot;:&quot;0&quot;,&quot;credit&quot;:&quot;&quot;,&quot;camera&quot;:&quot;&quot;,&quot;caption&quot;:&quot;&quot;,&quot;created_timestamp&quot;:&quot;0&quot;,&quot;copyright&quot;:&quot;&quot;,&quot;focal_length&quot;:&quot;0&quot;,&quot;iso&quot;:&quot;0&quot;,&quot;shutter_speed&quot;:&quot;0&quot;,&quot;title&quot;:&quot;&quot;,&quot;orientation&quot;:&quot;0&quot;}\" data-image-title=\"WhatsApp-Image-2024-06-10-at-16.10.38\" data-image-description=\"\" data-medium-file=\"https:\/\/navalremo.pt\/site\/wp-content\/uploads\/2024\/06\/WhatsApp-Image-2024-06-10-at-16.10.38-300x138.jpeg\" data-large-file=\"https:\/\/navalremo.pt\/site\/wp-content\/uploads\/2024\/06\/WhatsApp-Image-2024-06-10-at-16.10.38-1024x472.jpeg\" srcset=\"https:\/\/i1.wp.com\/navalremo.pt\/site\/wp-content\/uploads\/2024\/06\/WhatsApp-Image-2024-06-10-at-16.10.38.jpeg?strip=info&#038;w=600&#038;ssl=1 600w,https:\/\/i1.wp.com\/navalremo.pt\/site\/wp-content\/uploads\/2024\/06\/WhatsApp-Image-2024-06-10-at-16.10.38.jpeg?strip=info&#038;w=900&#038;ssl=1 900w,https:\/\/i1.wp.com\/navalremo.pt\/site\/wp-content\/uploads\/2024\/06\/WhatsApp-Image-2024-06-10-at-16.10.38.jpeg?strip=info&#038;w=922&#038;ssl=1 922w\" alt=\"\" data-height=\"922\" data-id=\"3217\" data-link=\"https:\/\/navalremo.pt\/site\/?attachment_id=3217\" data-url=\"https:\/\/navalremo.pt\/site\/wp-content\/uploads\/2024\/06\/WhatsApp-Image-2024-06-10-at-16.10.38.jpeg\" data-width=\"2000\" src=\"https:\/\/i1.wp.com\/navalremo.pt\/site\/wp-content\/uploads\/2024\/06\/WhatsApp-Image-2024-06-10-at-16.10.38.jpeg?ssl=1\" data-amp-layout=\"responsive\" \/><\/figure><\/div><\/div><\/div><\/div>\n","protected":false},"excerpt":{"rendered":"<p>No passado dia 09 de junho, a equipa de Canoagem da Naval participou no campeonato regional do centro de regatas em linha realizado na pista do Centro de Alto Rendimento de Montemor-o-Velho, organizado pela Associa\u00e7\u00e3o de Canoagem do Centro e a Federa\u00e7\u00e3o Portuguesa de Canoagem. Esta Regata destina-se a atletas dos escal\u00f5es desde Iniciados at\u00e9 [&hellip;]<\/p>\n","protected":false},"author":2,"featured_media":3215,"comment_status":"closed","ping_status":"open","sticky":false,"template":"","format":"standard","meta":{"spay_email":""},"categories":[45,4,5],"tags":[],"jetpack_featured_media_url":"https:\/\/navalremo.pt\/site\/wp-content\/uploads\/2024\/06\/WhatsApp-Image-2024-06-09-at-17.28.59.jpeg","_links":{"self":[{"href":"https:\/\/navalremo.pt\/site\/wp-json\/wp\/v2\/posts\/3212"}],"collection":[{"href":"https:\/\/navalremo.pt\/site\/wp-json\/wp\/v2\/posts"}],"about":[{"href":"https:\/\/navalremo.pt\/site\/wp-json\/wp\/v2\/types\/post"}],"author":[{"embeddable":true,"href":"https:\/\/navalremo.pt\/site\/wp-json\/wp\/v2\/users\/2"}],"replies":[{"embeddable":true,"href":"https:\/\/navalremo.pt\/site\/wp-json\/wp\/v2\/comments?post=3212"}],"version-history":[{"count":1,"href":"https:\/\/navalremo.pt\/site\/wp-json\/wp\/v2\/posts\/3212\/revisions"}],"predecessor-version":[{"id":3218,"href":"https:\/\/navalremo.pt\/site\/wp-json\/wp\/v2\/posts\/3212\/revisions\/3218"}],"wp:featuredmedia":[{"embeddable":true,"href":"https:\/\/navalremo.pt\/site\/wp-json\/wp\/v2\/media\/3215"}],"wp:attachment":[{"href":"https:\/\/navalremo.pt\/site\/wp-json\/wp\/v2\/media?parent=3212"}],"wp:term":[{"taxonomy":"category","embeddable":true,"href":"https:\/\/navalremo.pt\/site\/wp-json\/wp\/v2\/categories?post=3212"},{"taxonomy":"post_tag","embeddable":true,"href":"https:\/\/navalremo.pt\/site\/wp-json\/wp\/v2\/tags?post=3212"}],"curies":[{"name":"wp","href":"https:\/\/api.w.org\/{rel}","templated":true}]}}