{"id":3206,"date":"2024-06-05T07:17:24","date_gmt":"2024-06-05T07:17:24","guid":{"rendered":"https:\/\/navalremo.pt\/site\/?p=3206"},"modified":"2024-06-05T07:17:26","modified_gmt":"2024-06-05T07:17:26","slug":"a-naval-canoagem-participa-no-campeonato-nacional-de-esperancas-3","status":"publish","type":"post","link":"https:\/\/navalremo.pt\/site\/2024\/06\/05\/a-naval-canoagem-participa-no-campeonato-nacional-de-esperancas-3\/","title":{"rendered":"A Naval Canoagem participa no Campeonato Nacional de Esperan\u00e7as"},"content":{"rendered":"\n<p>A segunda etapa do Campeonato Nacional de Esperan\u00e7as, reuniu perto de 800 atletas em Gemeses, nas margens do Rio C\u00e1vado, no passado dia 02 de junho.<\/p>\n\n\n\n<p>A escola de canoagem da Naval fez-se representar com seis cano\u00edstas que colocaram em pr\u00e1tica as aprendizagens que t\u00eam adquirido.<\/p>\n\n\n\n<p>Resultados:<\/p>\n\n\n\n<ul><li>K1 Menor Masculino \u2013 16\u00ba Lugar para Paulo Arinto e 22\u00ba Lugar para Miguel Dias;<\/li><li>K1 Infantil Masculino A \u2013 21\u00ba Lugar para Tiago Caldeira e 22\u00ba Lugar para David Gon\u00e7alves;<\/li><li>K1 Infantil Masculino B \u2013 30\u00ba Lugar para Guilherme Lopes;<\/li><li>K1 Infantil Feminino A \u2013 15\u00ba Lugar para Maria Montero.<\/li><\/ul>\n\n\n\n<p>Com destaque para o esp\u00edrito de equipa registado entre os Atletas e para todo o apoio dos familiares e restantes Atletas que acompanharam o grupo, sublinhamos o elevado n\u00edvel da competi\u00e7\u00e3o e de participantes nesta etapa de abrang\u00eancia nacional, onde participaram 47 Clubes.<\/p>\n\n\n\n<p>A Direc\u00e7\u00e3o endere\u00e7a os parab\u00e9ns ao Treinador Andy Morales e a este conjunto de Atletas pela sua participa\u00e7\u00e3o e pela forma como se empenharam, onde foi poss\u00edvel constatar a melhoria generalizada dos resultados que s\u00e3o o reflexo do s\u00f3lido crescimento e da afirma\u00e7\u00e3o da Canoagem na Figueira da Foz.<\/p>\n\n\n\n<p>Associa\u00e7\u00e3o Desportiva Naval Remo &#8211; ADNR<\/p>\n\n\n\n<div data-carousel-extra='{\"blog_id\":1,\"permalink\":\"https:\\\/\\\/navalremo.pt\\\/site\\\/2024\\\/06\\\/05\\\/a-naval-canoagem-participa-no-campeonato-nacional-de-esperancas-3\\\/\"}' class=\"wp-block-jetpack-tiled-gallery aligncenter is-style-rectangular\"><div data-carousel-extra='{\"blog_id\":1,\"permalink\":\"https:\\\/\\\/navalremo.pt\\\/site\\\/2024\\\/06\\\/05\\\/a-naval-canoagem-participa-no-campeonato-nacional-de-esperancas-3\\\/\"}' class=\"tiled-gallery__gallery\"><div data-carousel-extra='{\"blog_id\":1,\"permalink\":\"https:\\\/\\\/navalremo.pt\\\/site\\\/2024\\\/06\\\/05\\\/a-naval-canoagem-participa-no-campeonato-nacional-de-esperancas-3\\\/\"}' class=\"tiled-gallery__row\"><div data-carousel-extra='{\"blog_id\":1,\"permalink\":\"https:\\\/\\\/navalremo.pt\\\/site\\\/2024\\\/06\\\/05\\\/a-naval-canoagem-participa-no-campeonato-nacional-de-esperancas-3\\\/\"}' class=\"tiled-gallery__col\" style=\"flex-basis:17.51486%\"><figure class=\"tiled-gallery__item\"><img data-attachment-id=\"3210\" data-permalink=\"https:\/\/navalremo.pt\/site\/2024\/06\/05\/a-naval-canoagem-participa-no-campeonato-nacional-de-esperancas-3\/whatsapp-image-2024-06-02-at-20-07-03\/\" data-orig-file=\"https:\/\/navalremo.pt\/site\/wp-content\/uploads\/2024\/06\/WhatsApp-Image-2024-06-02-at-20.07.03.jpeg\" data-orig-size=\"1500,2000\" data-comments-opened=\"0\" data-image-meta=\"{&quot;aperture&quot;:&quot;0&quot;,&quot;credit&quot;:&quot;&quot;,&quot;camera&quot;:&quot;&quot;,&quot;caption&quot;:&quot;&quot;,&quot;created_timestamp&quot;:&quot;0&quot;,&quot;copyright&quot;:&quot;&quot;,&quot;focal_length&quot;:&quot;0&quot;,&quot;iso&quot;:&quot;0&quot;,&quot;shutter_speed&quot;:&quot;0&quot;,&quot;title&quot;:&quot;&quot;,&quot;orientation&quot;:&quot;0&quot;}\" data-image-title=\"WhatsApp-Image-2024-06-02-at-20.07.03\" data-image-description=\"\" data-medium-file=\"https:\/\/navalremo.pt\/site\/wp-content\/uploads\/2024\/06\/WhatsApp-Image-2024-06-02-at-20.07.03-225x300.jpeg\" data-large-file=\"https:\/\/navalremo.pt\/site\/wp-content\/uploads\/2024\/06\/WhatsApp-Image-2024-06-02-at-20.07.03-768x1024.jpeg\" data-attachment-id=\"3210\" data-permalink=\"https:\/\/navalremo.pt\/site\/2024\/06\/05\/a-naval-canoagem-participa-no-campeonato-nacional-de-esperancas-3\/whatsapp-image-2024-06-02-at-20-07-03\/\" data-orig-file=\"https:\/\/navalremo.pt\/site\/wp-content\/uploads\/2024\/06\/WhatsApp-Image-2024-06-02-at-20.07.03.jpeg\" data-orig-size=\"1500,2000\" data-comments-opened=\"0\" data-image-meta=\"{&quot;aperture&quot;:&quot;0&quot;,&quot;credit&quot;:&quot;&quot;,&quot;camera&quot;:&quot;&quot;,&quot;caption&quot;:&quot;&quot;,&quot;created_timestamp&quot;:&quot;0&quot;,&quot;copyright&quot;:&quot;&quot;,&quot;focal_length&quot;:&quot;0&quot;,&quot;iso&quot;:&quot;0&quot;,&quot;shutter_speed&quot;:&quot;0&quot;,&quot;title&quot;:&quot;&quot;,&quot;orientation&quot;:&quot;0&quot;}\" data-image-title=\"WhatsApp-Image-2024-06-02-at-20.07.03\" data-image-description=\"\" data-medium-file=\"https:\/\/navalremo.pt\/site\/wp-content\/uploads\/2024\/06\/WhatsApp-Image-2024-06-02-at-20.07.03-225x300.jpeg\" data-large-file=\"https:\/\/navalremo.pt\/site\/wp-content\/uploads\/2024\/06\/WhatsApp-Image-2024-06-02-at-20.07.03-768x1024.jpeg\" srcset=\"https:\/\/i2.wp.com\/navalremo.pt\/site\/wp-content\/uploads\/2024\/06\/WhatsApp-Image-2024-06-02-at-20.07.03.jpeg?strip=info&#038;w=600&#038;ssl=1 600w,https:\/\/i2.wp.com\/navalremo.pt\/site\/wp-content\/uploads\/2024\/06\/WhatsApp-Image-2024-06-02-at-20.07.03.jpeg?strip=info&#038;w=900&#038;ssl=1 900w,https:\/\/i2.wp.com\/navalremo.pt\/site\/wp-content\/uploads\/2024\/06\/WhatsApp-Image-2024-06-02-at-20.07.03.jpeg?strip=info&#038;w=1200&#038;ssl=1 1200w,https:\/\/i2.wp.com\/navalremo.pt\/site\/wp-content\/uploads\/2024\/06\/WhatsApp-Image-2024-06-02-at-20.07.03.jpeg?strip=info&#038;w=1500&#038;ssl=1 1500w,https:\/\/i2.wp.com\/navalremo.pt\/site\/wp-content\/uploads\/2024\/06\/WhatsApp-Image-2024-06-02-at-20.07.03.jpeg?strip=info&#038;w=1800&#038;ssl=1 1800w,https:\/\/i2.wp.com\/navalremo.pt\/site\/wp-content\/uploads\/2024\/06\/WhatsApp-Image-2024-06-02-at-20.07.03.jpeg?strip=info&#038;w=2000&#038;ssl=1 2000w\" alt=\"\" data-height=\"2000\" data-id=\"3210\" data-link=\"https:\/\/navalremo.pt\/site\/?attachment_id=3210\" data-url=\"https:\/\/navalremo.pt\/site\/wp-content\/uploads\/2024\/06\/WhatsApp-Image-2024-06-02-at-20.07.03.jpeg\" data-width=\"1500\" src=\"https:\/\/i2.wp.com\/navalremo.pt\/site\/wp-content\/uploads\/2024\/06\/WhatsApp-Image-2024-06-02-at-20.07.03.jpeg?ssl=1\" data-amp-layout=\"responsive\" \/><\/figure><\/div><div data-carousel-extra='{\"blog_id\":1,\"permalink\":\"https:\\\/\\\/navalremo.pt\\\/site\\\/2024\\\/06\\\/05\\\/a-naval-canoagem-participa-no-campeonato-nacional-de-esperancas-3\\\/\"}' class=\"tiled-gallery__col\" style=\"flex-basis:31.00216%\"><figure class=\"tiled-gallery__item\"><img data-attachment-id=\"3209\" data-permalink=\"https:\/\/navalremo.pt\/site\/2024\/06\/05\/a-naval-canoagem-participa-no-campeonato-nacional-de-esperancas-3\/whatsapp-image-2024-06-02-at-20-06-55\/\" data-orig-file=\"https:\/\/navalremo.pt\/site\/wp-content\/uploads\/2024\/06\/WhatsApp-Image-2024-06-02-at-20.06.55.jpeg\" data-orig-size=\"2048,1536\" data-comments-opened=\"0\" data-image-meta=\"{&quot;aperture&quot;:&quot;0&quot;,&quot;credit&quot;:&quot;&quot;,&quot;camera&quot;:&quot;&quot;,&quot;caption&quot;:&quot;&quot;,&quot;created_timestamp&quot;:&quot;0&quot;,&quot;copyright&quot;:&quot;&quot;,&quot;focal_length&quot;:&quot;0&quot;,&quot;iso&quot;:&quot;0&quot;,&quot;shutter_speed&quot;:&quot;0&quot;,&quot;title&quot;:&quot;&quot;,&quot;orientation&quot;:&quot;0&quot;}\" data-image-title=\"WhatsApp-Image-2024-06-02-at-20.06.55\" data-image-description=\"\" data-medium-file=\"https:\/\/navalremo.pt\/site\/wp-content\/uploads\/2024\/06\/WhatsApp-Image-2024-06-02-at-20.06.55-300x225.jpeg\" data-large-file=\"https:\/\/navalremo.pt\/site\/wp-content\/uploads\/2024\/06\/WhatsApp-Image-2024-06-02-at-20.06.55-1024x768.jpeg\" data-attachment-id=\"3209\" data-permalink=\"https:\/\/navalremo.pt\/site\/2024\/06\/05\/a-naval-canoagem-participa-no-campeonato-nacional-de-esperancas-3\/whatsapp-image-2024-06-02-at-20-06-55\/\" data-orig-file=\"https:\/\/navalremo.pt\/site\/wp-content\/uploads\/2024\/06\/WhatsApp-Image-2024-06-02-at-20.06.55.jpeg\" data-orig-size=\"2048,1536\" data-comments-opened=\"0\" data-image-meta=\"{&quot;aperture&quot;:&quot;0&quot;,&quot;credit&quot;:&quot;&quot;,&quot;camera&quot;:&quot;&quot;,&quot;caption&quot;:&quot;&quot;,&quot;created_timestamp&quot;:&quot;0&quot;,&quot;copyright&quot;:&quot;&quot;,&quot;focal_length&quot;:&quot;0&quot;,&quot;iso&quot;:&quot;0&quot;,&quot;shutter_speed&quot;:&quot;0&quot;,&quot;title&quot;:&quot;&quot;,&quot;orientation&quot;:&quot;0&quot;}\" data-image-title=\"WhatsApp-Image-2024-06-02-at-20.06.55\" data-image-description=\"\" data-medium-file=\"https:\/\/navalremo.pt\/site\/wp-content\/uploads\/2024\/06\/WhatsApp-Image-2024-06-02-at-20.06.55-300x225.jpeg\" data-large-file=\"https:\/\/navalremo.pt\/site\/wp-content\/uploads\/2024\/06\/WhatsApp-Image-2024-06-02-at-20.06.55-1024x768.jpeg\" srcset=\"https:\/\/i2.wp.com\/navalremo.pt\/site\/wp-content\/uploads\/2024\/06\/WhatsApp-Image-2024-06-02-at-20.06.55.jpeg?strip=info&#038;w=600&#038;ssl=1 600w,https:\/\/i2.wp.com\/navalremo.pt\/site\/wp-content\/uploads\/2024\/06\/WhatsApp-Image-2024-06-02-at-20.06.55.jpeg?strip=info&#038;w=900&#038;ssl=1 900w,https:\/\/i2.wp.com\/navalremo.pt\/site\/wp-content\/uploads\/2024\/06\/WhatsApp-Image-2024-06-02-at-20.06.55.jpeg?strip=info&#038;w=1200&#038;ssl=1 1200w,https:\/\/i2.wp.com\/navalremo.pt\/site\/wp-content\/uploads\/2024\/06\/WhatsApp-Image-2024-06-02-at-20.06.55.jpeg?strip=info&#038;w=1500&#038;ssl=1 1500w,https:\/\/i2.wp.com\/navalremo.pt\/site\/wp-content\/uploads\/2024\/06\/WhatsApp-Image-2024-06-02-at-20.06.55.jpeg?strip=info&#038;w=1536&#038;ssl=1 1536w\" alt=\"\" data-height=\"1536\" data-id=\"3209\" data-link=\"https:\/\/navalremo.pt\/site\/?attachment_id=3209\" data-url=\"https:\/\/navalremo.pt\/site\/wp-content\/uploads\/2024\/06\/WhatsApp-Image-2024-06-02-at-20.06.55.jpeg\" data-width=\"2048\" src=\"https:\/\/i2.wp.com\/navalremo.pt\/site\/wp-content\/uploads\/2024\/06\/WhatsApp-Image-2024-06-02-at-20.06.55.jpeg?ssl=1\" data-amp-layout=\"responsive\" \/><\/figure><\/div><div data-carousel-extra='{\"blog_id\":1,\"permalink\":\"https:\\\/\\\/navalremo.pt\\\/site\\\/2024\\\/06\\\/05\\\/a-naval-canoagem-participa-no-campeonato-nacional-de-esperancas-3\\\/\"}' class=\"tiled-gallery__col\" style=\"flex-basis:51.48298%\"><figure class=\"tiled-gallery__item\"><img data-attachment-id=\"3208\" data-permalink=\"https:\/\/navalremo.pt\/site\/2024\/06\/05\/a-naval-canoagem-participa-no-campeonato-nacional-de-esperancas-3\/whatsapp-image-2024-06-02-at-20-06-54-1\/\" data-orig-file=\"https:\/\/navalremo.pt\/site\/wp-content\/uploads\/2024\/06\/WhatsApp-Image-2024-06-02-at-20.06.54-1.jpeg\" data-orig-size=\"1600,721\" data-comments-opened=\"0\" data-image-meta=\"{&quot;aperture&quot;:&quot;0&quot;,&quot;credit&quot;:&quot;&quot;,&quot;camera&quot;:&quot;&quot;,&quot;caption&quot;:&quot;&quot;,&quot;created_timestamp&quot;:&quot;0&quot;,&quot;copyright&quot;:&quot;&quot;,&quot;focal_length&quot;:&quot;0&quot;,&quot;iso&quot;:&quot;0&quot;,&quot;shutter_speed&quot;:&quot;0&quot;,&quot;title&quot;:&quot;&quot;,&quot;orientation&quot;:&quot;0&quot;}\" data-image-title=\"WhatsApp-Image-2024-06-02-at-20.06.54-1\" data-image-description=\"\" data-medium-file=\"https:\/\/navalremo.pt\/site\/wp-content\/uploads\/2024\/06\/WhatsApp-Image-2024-06-02-at-20.06.54-1-300x135.jpeg\" data-large-file=\"https:\/\/navalremo.pt\/site\/wp-content\/uploads\/2024\/06\/WhatsApp-Image-2024-06-02-at-20.06.54-1-1024x461.jpeg\" data-attachment-id=\"3208\" data-permalink=\"https:\/\/navalremo.pt\/site\/2024\/06\/05\/a-naval-canoagem-participa-no-campeonato-nacional-de-esperancas-3\/whatsapp-image-2024-06-02-at-20-06-54-1\/\" data-orig-file=\"https:\/\/navalremo.pt\/site\/wp-content\/uploads\/2024\/06\/WhatsApp-Image-2024-06-02-at-20.06.54-1.jpeg\" data-orig-size=\"1600,721\" data-comments-opened=\"0\" data-image-meta=\"{&quot;aperture&quot;:&quot;0&quot;,&quot;credit&quot;:&quot;&quot;,&quot;camera&quot;:&quot;&quot;,&quot;caption&quot;:&quot;&quot;,&quot;created_timestamp&quot;:&quot;0&quot;,&quot;copyright&quot;:&quot;&quot;,&quot;focal_length&quot;:&quot;0&quot;,&quot;iso&quot;:&quot;0&quot;,&quot;shutter_speed&quot;:&quot;0&quot;,&quot;title&quot;:&quot;&quot;,&quot;orientation&quot;:&quot;0&quot;}\" data-image-title=\"WhatsApp-Image-2024-06-02-at-20.06.54-1\" data-image-description=\"\" data-medium-file=\"https:\/\/navalremo.pt\/site\/wp-content\/uploads\/2024\/06\/WhatsApp-Image-2024-06-02-at-20.06.54-1-300x135.jpeg\" data-large-file=\"https:\/\/navalremo.pt\/site\/wp-content\/uploads\/2024\/06\/WhatsApp-Image-2024-06-02-at-20.06.54-1-1024x461.jpeg\" srcset=\"https:\/\/i2.wp.com\/navalremo.pt\/site\/wp-content\/uploads\/2024\/06\/WhatsApp-Image-2024-06-02-at-20.06.54-1.jpeg?strip=info&#038;w=600&#038;ssl=1 600w,https:\/\/i2.wp.com\/navalremo.pt\/site\/wp-content\/uploads\/2024\/06\/WhatsApp-Image-2024-06-02-at-20.06.54-1.jpeg?strip=info&#038;w=721&#038;ssl=1 721w\" alt=\"\" data-height=\"721\" data-id=\"3208\" data-link=\"https:\/\/navalremo.pt\/site\/?attachment_id=3208\" data-url=\"https:\/\/navalremo.pt\/site\/wp-content\/uploads\/2024\/06\/WhatsApp-Image-2024-06-02-at-20.06.54-1.jpeg\" data-width=\"1600\" src=\"https:\/\/i2.wp.com\/navalremo.pt\/site\/wp-content\/uploads\/2024\/06\/WhatsApp-Image-2024-06-02-at-20.06.54-1.jpeg?ssl=1\" data-amp-layout=\"responsive\" \/><\/figure><\/div><\/div><\/div><\/div>\n","protected":false},"excerpt":{"rendered":"<p>A segunda etapa do Campeonato Nacional de Esperan\u00e7as, reuniu perto de 800 atletas em Gemeses, nas margens do Rio C\u00e1vado, no passado dia 02 de junho. A escola de canoagem da Naval fez-se representar com seis cano\u00edstas que colocaram em pr\u00e1tica as aprendizagens que t\u00eam adquirido. Resultados: K1 Menor Masculino \u2013 16\u00ba Lugar para Paulo [&hellip;]<\/p>\n","protected":false},"author":2,"featured_media":0,"comment_status":"closed","ping_status":"open","sticky":false,"template":"","format":"standard","meta":{"spay_email":""},"categories":[45,4,5],"tags":[],"jetpack_featured_media_url":"","_links":{"self":[{"href":"https:\/\/navalremo.pt\/site\/wp-json\/wp\/v2\/posts\/3206"}],"collection":[{"href":"https:\/\/navalremo.pt\/site\/wp-json\/wp\/v2\/posts"}],"about":[{"href":"https:\/\/navalremo.pt\/site\/wp-json\/wp\/v2\/types\/post"}],"author":[{"embeddable":true,"href":"https:\/\/navalremo.pt\/site\/wp-json\/wp\/v2\/users\/2"}],"replies":[{"embeddable":true,"href":"https:\/\/navalremo.pt\/site\/wp-json\/wp\/v2\/comments?post=3206"}],"version-history":[{"count":1,"href":"https:\/\/navalremo.pt\/site\/wp-json\/wp\/v2\/posts\/3206\/revisions"}],"predecessor-version":[{"id":3211,"href":"https:\/\/navalremo.pt\/site\/wp-json\/wp\/v2\/posts\/3206\/revisions\/3211"}],"wp:attachment":[{"href":"https:\/\/navalremo.pt\/site\/wp-json\/wp\/v2\/media?parent=3206"}],"wp:term":[{"taxonomy":"category","embeddable":true,"href":"https:\/\/navalremo.pt\/site\/wp-json\/wp\/v2\/categories?post=3206"},{"taxonomy":"post_tag","embeddable":true,"href":"https:\/\/navalremo.pt\/site\/wp-json\/wp\/v2\/tags?post=3206"}],"curies":[{"name":"wp","href":"https:\/\/api.w.org\/{rel}","templated":true}]}}