{"id":3194,"date":"2024-06-01T17:01:47","date_gmt":"2024-06-01T17:01:47","guid":{"rendered":"https:\/\/navalremo.pt\/site\/?p=3194"},"modified":"2024-06-01T17:01:52","modified_gmt":"2024-06-01T17:01:52","slug":"a-naval-remo-participa-na-18a-edicao-da-regata-internacional-litocar","status":"publish","type":"post","link":"https:\/\/navalremo.pt\/site\/2024\/06\/01\/a-naval-remo-participa-na-18a-edicao-da-regata-internacional-litocar\/","title":{"rendered":"A Naval Remo participa na 18\u00aa Edi\u00e7\u00e3o da Regata Internacional Litocar"},"content":{"rendered":"\n<p>No passado dia 30 de junho realizou-se em Montemor a 18\u00aa Edi\u00e7\u00e3o da Regata Litocar, com participa\u00e7\u00e3o de 13 Clubes a n\u00edvel nacional e internacional.<\/p>\n\n\n\n<p>A Naval Remo obteve um honroso 5\u00ba lugar na classifica\u00e7\u00e3o geral, e os seguintes resultados ao n\u00edvel das v\u00e1rias tripula\u00e7\u00f5es:<\/p>\n\n\n\n<ul><li>Shell de 4 sem timoneiro J\u00fanior Masculino \u2013 3\u00ba Lugar para Bernardo Cruz, Dinis Oliveira, Rodrigo Almeida e Daniel Pereira;<\/li><li>Quadri Scull Juvenil Feminino \u2013 5\u00ba Lugar para Sara Carramona, Salom\u00e9 Lemos, Margarida Silva, Raquel Santos<\/li><li>Double Iniciado Misto \u2013 5\u00ba Lugar para Laura Santos e Rodrigo Sim\u00e3o<\/li><li>Skiff Iniciado Feminino \u2013 7\u00ba Lugar para Sofia Oliveira<\/li><li>Double Infantil Masculino \u2013 3\u00ba Lugar para Diogo Janeiro e Dinis Santos<\/li><li>Skiff Infantil Masculino \u2013 1\u00ba Lugar para Miguel Mendes e 3\u00ba Lugar para Martim cruz<\/li><li>Double Infantil Feminino \u2013 3\u00ba Lugar para Lara Rodrigues e Maria Rodrigues<\/li><li>Quadro Scull Junior Masculino \u2013 1\u00ba Lugar para Bernardo Cruz, Dinis Oliveira, Rodrigo Almeida, Daniel Azevedo<\/li><li>Skiff Junior Feminino \u2013 3\u00ba Lugar para Mafalda Oliveira<\/li><li>Shell de 2 sem Timoneiro Junior Masculino \u2013 6\u00ba Lugar para Martim Bastos e Daniel Pereira<\/li><li>Double Infantil Misto \u2013 1\u00ba Lugar para Maria Rodrigues e Miguel Mendes e 3\u00ba Lugar para Lara Rodrigues e Martim Cruz<\/li><li>Quadri Iniciado Feminino \u2013 2\u00ba Lugar para a tripula\u00e7\u00e3o onde participou a Sofia Oliveira<\/li><li>Double Iniciado Masculino \u2013 7\u00ba Lugar para Jo\u00e3o Monteiro e Duarte Santos<\/li><li>Skiff Iniciado Masculino \u2013 2\u00ba Lugar para Martim Dias e 9\u00ba Lugar para Rodrigo Sim\u00e3o<\/li><li>Double Juvenil Masculino \u2013 7\u00ba Lugar para a tripula\u00e7\u00e3o onde participou Rafael Ferreira e 10\u00ba Lugar para Stephen Encarnacion e Alexandre Gir\u00e3o<\/li><li>Double Juvenil Feminino \u2013 6\u00ba Lugar para Mariana Rodrigues e Maria Nascimento<\/li><li>Quadri Juvenil Masculino \u2013 2\u00ba Lugar para Hugo Baeta, Pedro Oliveira, Jos\u00e9 Azevedo, Duarte Sisudo<\/li><\/ul>\n\n\n\n<p>Foi 1 dia pleno de Regatas e com boas indica\u00e7\u00f5es sobre as tripula\u00e7\u00f5es da Naval Remo quando se entra na fase final desta \u00e9poca. Parab\u00e9ns a todos os Atletas e aos Treinadores Jos\u00e9 Canhola, Patr\u00edcia Batista, Daniel Mendes e Eduardo Al\u00e7ada que t\u00eam feito um trabalho not\u00e1vel na prepara\u00e7\u00e3o dos Atletas para a competi\u00e7\u00e3o.<\/p>\n\n\n\n<p>Obrigado e bem hajam.<\/p>\n\n\n\n<p>Associa\u00e7\u00e3o Desportiva Naval Remo \u2013 ADNR<\/p>\n\n\n\n<div data-carousel-extra='{\"blog_id\":1,\"permalink\":\"https:\\\/\\\/navalremo.pt\\\/site\\\/2024\\\/06\\\/01\\\/a-naval-remo-participa-na-18a-edicao-da-regata-internacional-litocar\\\/\"}' class=\"wp-block-jetpack-tiled-gallery aligncenter is-style-rectangular\"><div data-carousel-extra='{\"blog_id\":1,\"permalink\":\"https:\\\/\\\/navalremo.pt\\\/site\\\/2024\\\/06\\\/01\\\/a-naval-remo-participa-na-18a-edicao-da-regata-internacional-litocar\\\/\"}' class=\"tiled-gallery__gallery\"><div data-carousel-extra='{\"blog_id\":1,\"permalink\":\"https:\\\/\\\/navalremo.pt\\\/site\\\/2024\\\/06\\\/01\\\/a-naval-remo-participa-na-18a-edicao-da-regata-internacional-litocar\\\/\"}' class=\"tiled-gallery__row\"><div data-carousel-extra='{\"blog_id\":1,\"permalink\":\"https:\\\/\\\/navalremo.pt\\\/site\\\/2024\\\/06\\\/01\\\/a-naval-remo-participa-na-18a-edicao-da-regata-internacional-litocar\\\/\"}' class=\"tiled-gallery__col\" style=\"flex-basis:25.00000%\"><figure class=\"tiled-gallery__item\"><img data-attachment-id=\"3195\" data-permalink=\"https:\/\/navalremo.pt\/site\/2024\/06\/01\/a-naval-remo-participa-na-18a-edicao-da-regata-internacional-litocar\/whatsapp-image-2024-05-30-at-18-18-50\/\" data-orig-file=\"https:\/\/navalremo.pt\/site\/wp-content\/uploads\/2024\/06\/WhatsApp-Image-2024-05-30-at-18.18.50.jpeg\" data-orig-size=\"1200,1600\" data-comments-opened=\"0\" data-image-meta=\"{&quot;aperture&quot;:&quot;0&quot;,&quot;credit&quot;:&quot;&quot;,&quot;camera&quot;:&quot;&quot;,&quot;caption&quot;:&quot;&quot;,&quot;created_timestamp&quot;:&quot;0&quot;,&quot;copyright&quot;:&quot;&quot;,&quot;focal_length&quot;:&quot;0&quot;,&quot;iso&quot;:&quot;0&quot;,&quot;shutter_speed&quot;:&quot;0&quot;,&quot;title&quot;:&quot;&quot;,&quot;orientation&quot;:&quot;0&quot;}\" data-image-title=\"WhatsApp-Image-2024-05-30-at-18.18.50\" data-image-description=\"\" data-medium-file=\"https:\/\/navalremo.pt\/site\/wp-content\/uploads\/2024\/06\/WhatsApp-Image-2024-05-30-at-18.18.50-225x300.jpeg\" data-large-file=\"https:\/\/navalremo.pt\/site\/wp-content\/uploads\/2024\/06\/WhatsApp-Image-2024-05-30-at-18.18.50-768x1024.jpeg\" data-attachment-id=\"3195\" data-permalink=\"https:\/\/navalremo.pt\/site\/2024\/06\/01\/a-naval-remo-participa-na-18a-edicao-da-regata-internacional-litocar\/whatsapp-image-2024-05-30-at-18-18-50\/\" data-orig-file=\"https:\/\/navalremo.pt\/site\/wp-content\/uploads\/2024\/06\/WhatsApp-Image-2024-05-30-at-18.18.50.jpeg\" data-orig-size=\"1200,1600\" data-comments-opened=\"0\" data-image-meta=\"{&quot;aperture&quot;:&quot;0&quot;,&quot;credit&quot;:&quot;&quot;,&quot;camera&quot;:&quot;&quot;,&quot;caption&quot;:&quot;&quot;,&quot;created_timestamp&quot;:&quot;0&quot;,&quot;copyright&quot;:&quot;&quot;,&quot;focal_length&quot;:&quot;0&quot;,&quot;iso&quot;:&quot;0&quot;,&quot;shutter_speed&quot;:&quot;0&quot;,&quot;title&quot;:&quot;&quot;,&quot;orientation&quot;:&quot;0&quot;}\" data-image-title=\"WhatsApp-Image-2024-05-30-at-18.18.50\" data-image-description=\"\" data-medium-file=\"https:\/\/navalremo.pt\/site\/wp-content\/uploads\/2024\/06\/WhatsApp-Image-2024-05-30-at-18.18.50-225x300.jpeg\" data-large-file=\"https:\/\/navalremo.pt\/site\/wp-content\/uploads\/2024\/06\/WhatsApp-Image-2024-05-30-at-18.18.50-768x1024.jpeg\" srcset=\"https:\/\/i1.wp.com\/navalremo.pt\/site\/wp-content\/uploads\/2024\/06\/WhatsApp-Image-2024-05-30-at-18.18.50.jpeg?strip=info&#038;w=600&#038;ssl=1 600w,https:\/\/i1.wp.com\/navalremo.pt\/site\/wp-content\/uploads\/2024\/06\/WhatsApp-Image-2024-05-30-at-18.18.50.jpeg?strip=info&#038;w=900&#038;ssl=1 900w,https:\/\/i1.wp.com\/navalremo.pt\/site\/wp-content\/uploads\/2024\/06\/WhatsApp-Image-2024-05-30-at-18.18.50.jpeg?strip=info&#038;w=1200&#038;ssl=1 1200w,https:\/\/i1.wp.com\/navalremo.pt\/site\/wp-content\/uploads\/2024\/06\/WhatsApp-Image-2024-05-30-at-18.18.50.jpeg?strip=info&#038;w=1500&#038;ssl=1 1500w,https:\/\/i1.wp.com\/navalremo.pt\/site\/wp-content\/uploads\/2024\/06\/WhatsApp-Image-2024-05-30-at-18.18.50.jpeg?strip=info&#038;w=1600&#038;ssl=1 1600w\" alt=\"\" data-height=\"1600\" data-id=\"3195\" data-link=\"https:\/\/navalremo.pt\/site\/?attachment_id=3195\" data-url=\"https:\/\/navalremo.pt\/site\/wp-content\/uploads\/2024\/06\/WhatsApp-Image-2024-05-30-at-18.18.50.jpeg\" data-width=\"1200\" src=\"https:\/\/i1.wp.com\/navalremo.pt\/site\/wp-content\/uploads\/2024\/06\/WhatsApp-Image-2024-05-30-at-18.18.50.jpeg?ssl=1\" data-amp-layout=\"responsive\" \/><\/figure><\/div><div data-carousel-extra='{\"blog_id\":1,\"permalink\":\"https:\\\/\\\/navalremo.pt\\\/site\\\/2024\\\/06\\\/01\\\/a-naval-remo-participa-na-18a-edicao-da-regata-internacional-litocar\\\/\"}' class=\"tiled-gallery__col\" style=\"flex-basis:25.00000%\"><figure class=\"tiled-gallery__item\"><img data-attachment-id=\"3196\" data-permalink=\"https:\/\/navalremo.pt\/site\/2024\/06\/01\/a-naval-remo-participa-na-18a-edicao-da-regata-internacional-litocar\/whatsapp-image-2024-05-30-at-18-18-49\/\" data-orig-file=\"https:\/\/navalremo.pt\/site\/wp-content\/uploads\/2024\/06\/WhatsApp-Image-2024-05-30-at-18.18.49.jpeg\" data-orig-size=\"1200,1600\" data-comments-opened=\"0\" data-image-meta=\"{&quot;aperture&quot;:&quot;0&quot;,&quot;credit&quot;:&quot;&quot;,&quot;camera&quot;:&quot;&quot;,&quot;caption&quot;:&quot;&quot;,&quot;created_timestamp&quot;:&quot;0&quot;,&quot;copyright&quot;:&quot;&quot;,&quot;focal_length&quot;:&quot;0&quot;,&quot;iso&quot;:&quot;0&quot;,&quot;shutter_speed&quot;:&quot;0&quot;,&quot;title&quot;:&quot;&quot;,&quot;orientation&quot;:&quot;0&quot;}\" data-image-title=\"WhatsApp-Image-2024-05-30-at-18.18.49\" data-image-description=\"\" data-medium-file=\"https:\/\/navalremo.pt\/site\/wp-content\/uploads\/2024\/06\/WhatsApp-Image-2024-05-30-at-18.18.49-225x300.jpeg\" data-large-file=\"https:\/\/navalremo.pt\/site\/wp-content\/uploads\/2024\/06\/WhatsApp-Image-2024-05-30-at-18.18.49-768x1024.jpeg\" data-attachment-id=\"3196\" data-permalink=\"https:\/\/navalremo.pt\/site\/2024\/06\/01\/a-naval-remo-participa-na-18a-edicao-da-regata-internacional-litocar\/whatsapp-image-2024-05-30-at-18-18-49\/\" data-orig-file=\"https:\/\/navalremo.pt\/site\/wp-content\/uploads\/2024\/06\/WhatsApp-Image-2024-05-30-at-18.18.49.jpeg\" data-orig-size=\"1200,1600\" data-comments-opened=\"0\" data-image-meta=\"{&quot;aperture&quot;:&quot;0&quot;,&quot;credit&quot;:&quot;&quot;,&quot;camera&quot;:&quot;&quot;,&quot;caption&quot;:&quot;&quot;,&quot;created_timestamp&quot;:&quot;0&quot;,&quot;copyright&quot;:&quot;&quot;,&quot;focal_length&quot;:&quot;0&quot;,&quot;iso&quot;:&quot;0&quot;,&quot;shutter_speed&quot;:&quot;0&quot;,&quot;title&quot;:&quot;&quot;,&quot;orientation&quot;:&quot;0&quot;}\" data-image-title=\"WhatsApp-Image-2024-05-30-at-18.18.49\" data-image-description=\"\" data-medium-file=\"https:\/\/navalremo.pt\/site\/wp-content\/uploads\/2024\/06\/WhatsApp-Image-2024-05-30-at-18.18.49-225x300.jpeg\" data-large-file=\"https:\/\/navalremo.pt\/site\/wp-content\/uploads\/2024\/06\/WhatsApp-Image-2024-05-30-at-18.18.49-768x1024.jpeg\" srcset=\"https:\/\/i2.wp.com\/navalremo.pt\/site\/wp-content\/uploads\/2024\/06\/WhatsApp-Image-2024-05-30-at-18.18.49.jpeg?strip=info&#038;w=600&#038;ssl=1 600w,https:\/\/i2.wp.com\/navalremo.pt\/site\/wp-content\/uploads\/2024\/06\/WhatsApp-Image-2024-05-30-at-18.18.49.jpeg?strip=info&#038;w=900&#038;ssl=1 900w,https:\/\/i2.wp.com\/navalremo.pt\/site\/wp-content\/uploads\/2024\/06\/WhatsApp-Image-2024-05-30-at-18.18.49.jpeg?strip=info&#038;w=1200&#038;ssl=1 1200w,https:\/\/i2.wp.com\/navalremo.pt\/site\/wp-content\/uploads\/2024\/06\/WhatsApp-Image-2024-05-30-at-18.18.49.jpeg?strip=info&#038;w=1500&#038;ssl=1 1500w,https:\/\/i2.wp.com\/navalremo.pt\/site\/wp-content\/uploads\/2024\/06\/WhatsApp-Image-2024-05-30-at-18.18.49.jpeg?strip=info&#038;w=1600&#038;ssl=1 1600w\" alt=\"\" data-height=\"1600\" data-id=\"3196\" data-link=\"https:\/\/navalremo.pt\/site\/?attachment_id=3196\" data-url=\"https:\/\/navalremo.pt\/site\/wp-content\/uploads\/2024\/06\/WhatsApp-Image-2024-05-30-at-18.18.49.jpeg\" data-width=\"1200\" src=\"https:\/\/i2.wp.com\/navalremo.pt\/site\/wp-content\/uploads\/2024\/06\/WhatsApp-Image-2024-05-30-at-18.18.49.jpeg?ssl=1\" data-amp-layout=\"responsive\" \/><\/figure><\/div><div data-carousel-extra='{\"blog_id\":1,\"permalink\":\"https:\\\/\\\/navalremo.pt\\\/site\\\/2024\\\/06\\\/01\\\/a-naval-remo-participa-na-18a-edicao-da-regata-internacional-litocar\\\/\"}' class=\"tiled-gallery__col\" style=\"flex-basis:25.00000%\"><figure class=\"tiled-gallery__item\"><img data-attachment-id=\"3197\" data-permalink=\"https:\/\/navalremo.pt\/site\/2024\/06\/01\/a-naval-remo-participa-na-18a-edicao-da-regata-internacional-litocar\/whatsapp-image-2024-05-30-at-18-18-47\/\" data-orig-file=\"https:\/\/navalremo.pt\/site\/wp-content\/uploads\/2024\/06\/WhatsApp-Image-2024-05-30-at-18.18.47.jpeg\" data-orig-size=\"1200,1600\" data-comments-opened=\"0\" data-image-meta=\"{&quot;aperture&quot;:&quot;0&quot;,&quot;credit&quot;:&quot;&quot;,&quot;camera&quot;:&quot;&quot;,&quot;caption&quot;:&quot;&quot;,&quot;created_timestamp&quot;:&quot;0&quot;,&quot;copyright&quot;:&quot;&quot;,&quot;focal_length&quot;:&quot;0&quot;,&quot;iso&quot;:&quot;0&quot;,&quot;shutter_speed&quot;:&quot;0&quot;,&quot;title&quot;:&quot;&quot;,&quot;orientation&quot;:&quot;0&quot;}\" data-image-title=\"WhatsApp-Image-2024-05-30-at-18.18.47\" data-image-description=\"\" data-medium-file=\"https:\/\/navalremo.pt\/site\/wp-content\/uploads\/2024\/06\/WhatsApp-Image-2024-05-30-at-18.18.47-225x300.jpeg\" data-large-file=\"https:\/\/navalremo.pt\/site\/wp-content\/uploads\/2024\/06\/WhatsApp-Image-2024-05-30-at-18.18.47-768x1024.jpeg\" data-attachment-id=\"3197\" data-permalink=\"https:\/\/navalremo.pt\/site\/2024\/06\/01\/a-naval-remo-participa-na-18a-edicao-da-regata-internacional-litocar\/whatsapp-image-2024-05-30-at-18-18-47\/\" data-orig-file=\"https:\/\/navalremo.pt\/site\/wp-content\/uploads\/2024\/06\/WhatsApp-Image-2024-05-30-at-18.18.47.jpeg\" data-orig-size=\"1200,1600\" data-comments-opened=\"0\" data-image-meta=\"{&quot;aperture&quot;:&quot;0&quot;,&quot;credit&quot;:&quot;&quot;,&quot;camera&quot;:&quot;&quot;,&quot;caption&quot;:&quot;&quot;,&quot;created_timestamp&quot;:&quot;0&quot;,&quot;copyright&quot;:&quot;&quot;,&quot;focal_length&quot;:&quot;0&quot;,&quot;iso&quot;:&quot;0&quot;,&quot;shutter_speed&quot;:&quot;0&quot;,&quot;title&quot;:&quot;&quot;,&quot;orientation&quot;:&quot;0&quot;}\" data-image-title=\"WhatsApp-Image-2024-05-30-at-18.18.47\" data-image-description=\"\" data-medium-file=\"https:\/\/navalremo.pt\/site\/wp-content\/uploads\/2024\/06\/WhatsApp-Image-2024-05-30-at-18.18.47-225x300.jpeg\" data-large-file=\"https:\/\/navalremo.pt\/site\/wp-content\/uploads\/2024\/06\/WhatsApp-Image-2024-05-30-at-18.18.47-768x1024.jpeg\" srcset=\"https:\/\/i0.wp.com\/navalremo.pt\/site\/wp-content\/uploads\/2024\/06\/WhatsApp-Image-2024-05-30-at-18.18.47.jpeg?strip=info&#038;w=600&#038;ssl=1 600w,https:\/\/i0.wp.com\/navalremo.pt\/site\/wp-content\/uploads\/2024\/06\/WhatsApp-Image-2024-05-30-at-18.18.47.jpeg?strip=info&#038;w=900&#038;ssl=1 900w,https:\/\/i0.wp.com\/navalremo.pt\/site\/wp-content\/uploads\/2024\/06\/WhatsApp-Image-2024-05-30-at-18.18.47.jpeg?strip=info&#038;w=1200&#038;ssl=1 1200w,https:\/\/i0.wp.com\/navalremo.pt\/site\/wp-content\/uploads\/2024\/06\/WhatsApp-Image-2024-05-30-at-18.18.47.jpeg?strip=info&#038;w=1500&#038;ssl=1 1500w,https:\/\/i0.wp.com\/navalremo.pt\/site\/wp-content\/uploads\/2024\/06\/WhatsApp-Image-2024-05-30-at-18.18.47.jpeg?strip=info&#038;w=1600&#038;ssl=1 1600w\" alt=\"\" data-height=\"1600\" data-id=\"3197\" data-link=\"https:\/\/navalremo.pt\/site\/?attachment_id=3197\" data-url=\"https:\/\/navalremo.pt\/site\/wp-content\/uploads\/2024\/06\/WhatsApp-Image-2024-05-30-at-18.18.47.jpeg\" data-width=\"1200\" src=\"https:\/\/i0.wp.com\/navalremo.pt\/site\/wp-content\/uploads\/2024\/06\/WhatsApp-Image-2024-05-30-at-18.18.47.jpeg?ssl=1\" data-amp-layout=\"responsive\" \/><\/figure><\/div><div data-carousel-extra='{\"blog_id\":1,\"permalink\":\"https:\\\/\\\/navalremo.pt\\\/site\\\/2024\\\/06\\\/01\\\/a-naval-remo-participa-na-18a-edicao-da-regata-internacional-litocar\\\/\"}' class=\"tiled-gallery__col\" style=\"flex-basis:25.00000%\"><figure class=\"tiled-gallery__item\"><img data-attachment-id=\"3198\" data-permalink=\"https:\/\/navalremo.pt\/site\/2024\/06\/01\/a-naval-remo-participa-na-18a-edicao-da-regata-internacional-litocar\/whatsapp-image-2024-05-30-at-18-18-46\/\" data-orig-file=\"https:\/\/navalremo.pt\/site\/wp-content\/uploads\/2024\/06\/WhatsApp-Image-2024-05-30-at-18.18.46.jpeg\" data-orig-size=\"1200,1600\" data-comments-opened=\"0\" data-image-meta=\"{&quot;aperture&quot;:&quot;0&quot;,&quot;credit&quot;:&quot;&quot;,&quot;camera&quot;:&quot;&quot;,&quot;caption&quot;:&quot;&quot;,&quot;created_timestamp&quot;:&quot;0&quot;,&quot;copyright&quot;:&quot;&quot;,&quot;focal_length&quot;:&quot;0&quot;,&quot;iso&quot;:&quot;0&quot;,&quot;shutter_speed&quot;:&quot;0&quot;,&quot;title&quot;:&quot;&quot;,&quot;orientation&quot;:&quot;0&quot;}\" data-image-title=\"WhatsApp-Image-2024-05-30-at-18.18.46\" data-image-description=\"\" data-medium-file=\"https:\/\/navalremo.pt\/site\/wp-content\/uploads\/2024\/06\/WhatsApp-Image-2024-05-30-at-18.18.46-225x300.jpeg\" data-large-file=\"https:\/\/navalremo.pt\/site\/wp-content\/uploads\/2024\/06\/WhatsApp-Image-2024-05-30-at-18.18.46-768x1024.jpeg\" data-attachment-id=\"3198\" data-permalink=\"https:\/\/navalremo.pt\/site\/2024\/06\/01\/a-naval-remo-participa-na-18a-edicao-da-regata-internacional-litocar\/whatsapp-image-2024-05-30-at-18-18-46\/\" data-orig-file=\"https:\/\/navalremo.pt\/site\/wp-content\/uploads\/2024\/06\/WhatsApp-Image-2024-05-30-at-18.18.46.jpeg\" data-orig-size=\"1200,1600\" data-comments-opened=\"0\" data-image-meta=\"{&quot;aperture&quot;:&quot;0&quot;,&quot;credit&quot;:&quot;&quot;,&quot;camera&quot;:&quot;&quot;,&quot;caption&quot;:&quot;&quot;,&quot;created_timestamp&quot;:&quot;0&quot;,&quot;copyright&quot;:&quot;&quot;,&quot;focal_length&quot;:&quot;0&quot;,&quot;iso&quot;:&quot;0&quot;,&quot;shutter_speed&quot;:&quot;0&quot;,&quot;title&quot;:&quot;&quot;,&quot;orientation&quot;:&quot;0&quot;}\" data-image-title=\"WhatsApp-Image-2024-05-30-at-18.18.46\" data-image-description=\"\" data-medium-file=\"https:\/\/navalremo.pt\/site\/wp-content\/uploads\/2024\/06\/WhatsApp-Image-2024-05-30-at-18.18.46-225x300.jpeg\" data-large-file=\"https:\/\/navalremo.pt\/site\/wp-content\/uploads\/2024\/06\/WhatsApp-Image-2024-05-30-at-18.18.46-768x1024.jpeg\" srcset=\"https:\/\/i2.wp.com\/navalremo.pt\/site\/wp-content\/uploads\/2024\/06\/WhatsApp-Image-2024-05-30-at-18.18.46.jpeg?strip=info&#038;w=600&#038;ssl=1 600w,https:\/\/i2.wp.com\/navalremo.pt\/site\/wp-content\/uploads\/2024\/06\/WhatsApp-Image-2024-05-30-at-18.18.46.jpeg?strip=info&#038;w=900&#038;ssl=1 900w,https:\/\/i2.wp.com\/navalremo.pt\/site\/wp-content\/uploads\/2024\/06\/WhatsApp-Image-2024-05-30-at-18.18.46.jpeg?strip=info&#038;w=1200&#038;ssl=1 1200w,https:\/\/i2.wp.com\/navalremo.pt\/site\/wp-content\/uploads\/2024\/06\/WhatsApp-Image-2024-05-30-at-18.18.46.jpeg?strip=info&#038;w=1500&#038;ssl=1 1500w,https:\/\/i2.wp.com\/navalremo.pt\/site\/wp-content\/uploads\/2024\/06\/WhatsApp-Image-2024-05-30-at-18.18.46.jpeg?strip=info&#038;w=1600&#038;ssl=1 1600w\" alt=\"\" data-height=\"1600\" data-id=\"3198\" data-link=\"https:\/\/navalremo.pt\/site\/?attachment_id=3198\" data-url=\"https:\/\/navalremo.pt\/site\/wp-content\/uploads\/2024\/06\/WhatsApp-Image-2024-05-30-at-18.18.46.jpeg\" data-width=\"1200\" src=\"https:\/\/i2.wp.com\/navalremo.pt\/site\/wp-content\/uploads\/2024\/06\/WhatsApp-Image-2024-05-30-at-18.18.46.jpeg?ssl=1\" data-amp-layout=\"responsive\" \/><\/figure><\/div><\/div><div data-carousel-extra='{\"blog_id\":1,\"permalink\":\"https:\\\/\\\/navalremo.pt\\\/site\\\/2024\\\/06\\\/01\\\/a-naval-remo-participa-na-18a-edicao-da-regata-internacional-litocar\\\/\"}' class=\"tiled-gallery__row\"><div data-carousel-extra='{\"blog_id\":1,\"permalink\":\"https:\\\/\\\/navalremo.pt\\\/site\\\/2024\\\/06\\\/01\\\/a-naval-remo-participa-na-18a-edicao-da-regata-internacional-litocar\\\/\"}' class=\"tiled-gallery__col\" style=\"flex-basis:50.00000%\"><figure class=\"tiled-gallery__item\"><img data-attachment-id=\"3199\" data-permalink=\"https:\/\/navalremo.pt\/site\/2024\/06\/01\/a-naval-remo-participa-na-18a-edicao-da-regata-internacional-litocar\/whatsapp-image-2024-05-30-at-18-18-45\/\" data-orig-file=\"https:\/\/navalremo.pt\/site\/wp-content\/uploads\/2024\/06\/WhatsApp-Image-2024-05-30-at-18.18.45.jpeg\" data-orig-size=\"1200,1600\" data-comments-opened=\"0\" data-image-meta=\"{&quot;aperture&quot;:&quot;0&quot;,&quot;credit&quot;:&quot;&quot;,&quot;camera&quot;:&quot;&quot;,&quot;caption&quot;:&quot;&quot;,&quot;created_timestamp&quot;:&quot;0&quot;,&quot;copyright&quot;:&quot;&quot;,&quot;focal_length&quot;:&quot;0&quot;,&quot;iso&quot;:&quot;0&quot;,&quot;shutter_speed&quot;:&quot;0&quot;,&quot;title&quot;:&quot;&quot;,&quot;orientation&quot;:&quot;0&quot;}\" data-image-title=\"WhatsApp-Image-2024-05-30-at-18.18.45\" data-image-description=\"\" data-medium-file=\"https:\/\/navalremo.pt\/site\/wp-content\/uploads\/2024\/06\/WhatsApp-Image-2024-05-30-at-18.18.45-225x300.jpeg\" data-large-file=\"https:\/\/navalremo.pt\/site\/wp-content\/uploads\/2024\/06\/WhatsApp-Image-2024-05-30-at-18.18.45-768x1024.jpeg\" data-attachment-id=\"3199\" data-permalink=\"https:\/\/navalremo.pt\/site\/2024\/06\/01\/a-naval-remo-participa-na-18a-edicao-da-regata-internacional-litocar\/whatsapp-image-2024-05-30-at-18-18-45\/\" data-orig-file=\"https:\/\/navalremo.pt\/site\/wp-content\/uploads\/2024\/06\/WhatsApp-Image-2024-05-30-at-18.18.45.jpeg\" data-orig-size=\"1200,1600\" data-comments-opened=\"0\" data-image-meta=\"{&quot;aperture&quot;:&quot;0&quot;,&quot;credit&quot;:&quot;&quot;,&quot;camera&quot;:&quot;&quot;,&quot;caption&quot;:&quot;&quot;,&quot;created_timestamp&quot;:&quot;0&quot;,&quot;copyright&quot;:&quot;&quot;,&quot;focal_length&quot;:&quot;0&quot;,&quot;iso&quot;:&quot;0&quot;,&quot;shutter_speed&quot;:&quot;0&quot;,&quot;title&quot;:&quot;&quot;,&quot;orientation&quot;:&quot;0&quot;}\" data-image-title=\"WhatsApp-Image-2024-05-30-at-18.18.45\" data-image-description=\"\" data-medium-file=\"https:\/\/navalremo.pt\/site\/wp-content\/uploads\/2024\/06\/WhatsApp-Image-2024-05-30-at-18.18.45-225x300.jpeg\" data-large-file=\"https:\/\/navalremo.pt\/site\/wp-content\/uploads\/2024\/06\/WhatsApp-Image-2024-05-30-at-18.18.45-768x1024.jpeg\" srcset=\"https:\/\/i0.wp.com\/navalremo.pt\/site\/wp-content\/uploads\/2024\/06\/WhatsApp-Image-2024-05-30-at-18.18.45.jpeg?strip=info&#038;w=600&#038;ssl=1 600w,https:\/\/i0.wp.com\/navalremo.pt\/site\/wp-content\/uploads\/2024\/06\/WhatsApp-Image-2024-05-30-at-18.18.45.jpeg?strip=info&#038;w=900&#038;ssl=1 900w,https:\/\/i0.wp.com\/navalremo.pt\/site\/wp-content\/uploads\/2024\/06\/WhatsApp-Image-2024-05-30-at-18.18.45.jpeg?strip=info&#038;w=1200&#038;ssl=1 1200w,https:\/\/i0.wp.com\/navalremo.pt\/site\/wp-content\/uploads\/2024\/06\/WhatsApp-Image-2024-05-30-at-18.18.45.jpeg?strip=info&#038;w=1500&#038;ssl=1 1500w,https:\/\/i0.wp.com\/navalremo.pt\/site\/wp-content\/uploads\/2024\/06\/WhatsApp-Image-2024-05-30-at-18.18.45.jpeg?strip=info&#038;w=1600&#038;ssl=1 1600w\" alt=\"\" data-height=\"1600\" data-id=\"3199\" data-link=\"https:\/\/navalremo.pt\/site\/?attachment_id=3199\" data-url=\"https:\/\/navalremo.pt\/site\/wp-content\/uploads\/2024\/06\/WhatsApp-Image-2024-05-30-at-18.18.45.jpeg\" data-width=\"1200\" src=\"https:\/\/i0.wp.com\/navalremo.pt\/site\/wp-content\/uploads\/2024\/06\/WhatsApp-Image-2024-05-30-at-18.18.45.jpeg?ssl=1\" data-amp-layout=\"responsive\" \/><\/figure><\/div><div data-carousel-extra='{\"blog_id\":1,\"permalink\":\"https:\\\/\\\/navalremo.pt\\\/site\\\/2024\\\/06\\\/01\\\/a-naval-remo-participa-na-18a-edicao-da-regata-internacional-litocar\\\/\"}' class=\"tiled-gallery__col\" style=\"flex-basis:50.00000%\"><figure class=\"tiled-gallery__item\"><img data-attachment-id=\"3200\" data-permalink=\"https:\/\/navalremo.pt\/site\/2024\/06\/01\/a-naval-remo-participa-na-18a-edicao-da-regata-internacional-litocar\/whatsapp-image-2024-05-30-at-18-18-44\/\" data-orig-file=\"https:\/\/navalremo.pt\/site\/wp-content\/uploads\/2024\/06\/WhatsApp-Image-2024-05-30-at-18.18.44.jpeg\" data-orig-size=\"1200,1600\" data-comments-opened=\"0\" data-image-meta=\"{&quot;aperture&quot;:&quot;0&quot;,&quot;credit&quot;:&quot;&quot;,&quot;camera&quot;:&quot;&quot;,&quot;caption&quot;:&quot;&quot;,&quot;created_timestamp&quot;:&quot;0&quot;,&quot;copyright&quot;:&quot;&quot;,&quot;focal_length&quot;:&quot;0&quot;,&quot;iso&quot;:&quot;0&quot;,&quot;shutter_speed&quot;:&quot;0&quot;,&quot;title&quot;:&quot;&quot;,&quot;orientation&quot;:&quot;0&quot;}\" data-image-title=\"WhatsApp-Image-2024-05-30-at-18.18.44\" data-image-description=\"\" data-medium-file=\"https:\/\/navalremo.pt\/site\/wp-content\/uploads\/2024\/06\/WhatsApp-Image-2024-05-30-at-18.18.44-225x300.jpeg\" data-large-file=\"https:\/\/navalremo.pt\/site\/wp-content\/uploads\/2024\/06\/WhatsApp-Image-2024-05-30-at-18.18.44-768x1024.jpeg\" data-attachment-id=\"3200\" data-permalink=\"https:\/\/navalremo.pt\/site\/2024\/06\/01\/a-naval-remo-participa-na-18a-edicao-da-regata-internacional-litocar\/whatsapp-image-2024-05-30-at-18-18-44\/\" data-orig-file=\"https:\/\/navalremo.pt\/site\/wp-content\/uploads\/2024\/06\/WhatsApp-Image-2024-05-30-at-18.18.44.jpeg\" data-orig-size=\"1200,1600\" data-comments-opened=\"0\" data-image-meta=\"{&quot;aperture&quot;:&quot;0&quot;,&quot;credit&quot;:&quot;&quot;,&quot;camera&quot;:&quot;&quot;,&quot;caption&quot;:&quot;&quot;,&quot;created_timestamp&quot;:&quot;0&quot;,&quot;copyright&quot;:&quot;&quot;,&quot;focal_length&quot;:&quot;0&quot;,&quot;iso&quot;:&quot;0&quot;,&quot;shutter_speed&quot;:&quot;0&quot;,&quot;title&quot;:&quot;&quot;,&quot;orientation&quot;:&quot;0&quot;}\" data-image-title=\"WhatsApp-Image-2024-05-30-at-18.18.44\" data-image-description=\"\" data-medium-file=\"https:\/\/navalremo.pt\/site\/wp-content\/uploads\/2024\/06\/WhatsApp-Image-2024-05-30-at-18.18.44-225x300.jpeg\" data-large-file=\"https:\/\/navalremo.pt\/site\/wp-content\/uploads\/2024\/06\/WhatsApp-Image-2024-05-30-at-18.18.44-768x1024.jpeg\" srcset=\"https:\/\/i1.wp.com\/navalremo.pt\/site\/wp-content\/uploads\/2024\/06\/WhatsApp-Image-2024-05-30-at-18.18.44.jpeg?strip=info&#038;w=600&#038;ssl=1 600w,https:\/\/i1.wp.com\/navalremo.pt\/site\/wp-content\/uploads\/2024\/06\/WhatsApp-Image-2024-05-30-at-18.18.44.jpeg?strip=info&#038;w=900&#038;ssl=1 900w,https:\/\/i1.wp.com\/navalremo.pt\/site\/wp-content\/uploads\/2024\/06\/WhatsApp-Image-2024-05-30-at-18.18.44.jpeg?strip=info&#038;w=1200&#038;ssl=1 1200w,https:\/\/i1.wp.com\/navalremo.pt\/site\/wp-content\/uploads\/2024\/06\/WhatsApp-Image-2024-05-30-at-18.18.44.jpeg?strip=info&#038;w=1500&#038;ssl=1 1500w,https:\/\/i1.wp.com\/navalremo.pt\/site\/wp-content\/uploads\/2024\/06\/WhatsApp-Image-2024-05-30-at-18.18.44.jpeg?strip=info&#038;w=1600&#038;ssl=1 1600w\" alt=\"\" data-height=\"1600\" data-id=\"3200\" data-link=\"https:\/\/navalremo.pt\/site\/?attachment_id=3200\" data-url=\"https:\/\/navalremo.pt\/site\/wp-content\/uploads\/2024\/06\/WhatsApp-Image-2024-05-30-at-18.18.44.jpeg\" data-width=\"1200\" src=\"https:\/\/i1.wp.com\/navalremo.pt\/site\/wp-content\/uploads\/2024\/06\/WhatsApp-Image-2024-05-30-at-18.18.44.jpeg?ssl=1\" data-amp-layout=\"responsive\" \/><\/figure><\/div><\/div><div data-carousel-extra='{\"blog_id\":1,\"permalink\":\"https:\\\/\\\/navalremo.pt\\\/site\\\/2024\\\/06\\\/01\\\/a-naval-remo-participa-na-18a-edicao-da-regata-internacional-litocar\\\/\"}' class=\"tiled-gallery__row\"><div data-carousel-extra='{\"blog_id\":1,\"permalink\":\"https:\\\/\\\/navalremo.pt\\\/site\\\/2024\\\/06\\\/01\\\/a-naval-remo-participa-na-18a-edicao-da-regata-internacional-litocar\\\/\"}' class=\"tiled-gallery__col\" style=\"flex-basis:25.00000%\"><figure class=\"tiled-gallery__item\"><img data-attachment-id=\"3201\" data-permalink=\"https:\/\/navalremo.pt\/site\/2024\/06\/01\/a-naval-remo-participa-na-18a-edicao-da-regata-internacional-litocar\/whatsapp-image-2024-05-30-at-18-18-43\/\" data-orig-file=\"https:\/\/navalremo.pt\/site\/wp-content\/uploads\/2024\/06\/WhatsApp-Image-2024-05-30-at-18.18.43.jpeg\" data-orig-size=\"1200,1600\" data-comments-opened=\"0\" data-image-meta=\"{&quot;aperture&quot;:&quot;0&quot;,&quot;credit&quot;:&quot;&quot;,&quot;camera&quot;:&quot;&quot;,&quot;caption&quot;:&quot;&quot;,&quot;created_timestamp&quot;:&quot;0&quot;,&quot;copyright&quot;:&quot;&quot;,&quot;focal_length&quot;:&quot;0&quot;,&quot;iso&quot;:&quot;0&quot;,&quot;shutter_speed&quot;:&quot;0&quot;,&quot;title&quot;:&quot;&quot;,&quot;orientation&quot;:&quot;0&quot;}\" data-image-title=\"WhatsApp-Image-2024-05-30-at-18.18.43\" data-image-description=\"\" data-medium-file=\"https:\/\/navalremo.pt\/site\/wp-content\/uploads\/2024\/06\/WhatsApp-Image-2024-05-30-at-18.18.43-225x300.jpeg\" data-large-file=\"https:\/\/navalremo.pt\/site\/wp-content\/uploads\/2024\/06\/WhatsApp-Image-2024-05-30-at-18.18.43-768x1024.jpeg\" data-attachment-id=\"3201\" data-permalink=\"https:\/\/navalremo.pt\/site\/2024\/06\/01\/a-naval-remo-participa-na-18a-edicao-da-regata-internacional-litocar\/whatsapp-image-2024-05-30-at-18-18-43\/\" data-orig-file=\"https:\/\/navalremo.pt\/site\/wp-content\/uploads\/2024\/06\/WhatsApp-Image-2024-05-30-at-18.18.43.jpeg\" data-orig-size=\"1200,1600\" data-comments-opened=\"0\" data-image-meta=\"{&quot;aperture&quot;:&quot;0&quot;,&quot;credit&quot;:&quot;&quot;,&quot;camera&quot;:&quot;&quot;,&quot;caption&quot;:&quot;&quot;,&quot;created_timestamp&quot;:&quot;0&quot;,&quot;copyright&quot;:&quot;&quot;,&quot;focal_length&quot;:&quot;0&quot;,&quot;iso&quot;:&quot;0&quot;,&quot;shutter_speed&quot;:&quot;0&quot;,&quot;title&quot;:&quot;&quot;,&quot;orientation&quot;:&quot;0&quot;}\" data-image-title=\"WhatsApp-Image-2024-05-30-at-18.18.43\" data-image-description=\"\" data-medium-file=\"https:\/\/navalremo.pt\/site\/wp-content\/uploads\/2024\/06\/WhatsApp-Image-2024-05-30-at-18.18.43-225x300.jpeg\" data-large-file=\"https:\/\/navalremo.pt\/site\/wp-content\/uploads\/2024\/06\/WhatsApp-Image-2024-05-30-at-18.18.43-768x1024.jpeg\" srcset=\"https:\/\/i0.wp.com\/navalremo.pt\/site\/wp-content\/uploads\/2024\/06\/WhatsApp-Image-2024-05-30-at-18.18.43.jpeg?strip=info&#038;w=600&#038;ssl=1 600w,https:\/\/i0.wp.com\/navalremo.pt\/site\/wp-content\/uploads\/2024\/06\/WhatsApp-Image-2024-05-30-at-18.18.43.jpeg?strip=info&#038;w=900&#038;ssl=1 900w,https:\/\/i0.wp.com\/navalremo.pt\/site\/wp-content\/uploads\/2024\/06\/WhatsApp-Image-2024-05-30-at-18.18.43.jpeg?strip=info&#038;w=1200&#038;ssl=1 1200w,https:\/\/i0.wp.com\/navalremo.pt\/site\/wp-content\/uploads\/2024\/06\/WhatsApp-Image-2024-05-30-at-18.18.43.jpeg?strip=info&#038;w=1500&#038;ssl=1 1500w,https:\/\/i0.wp.com\/navalremo.pt\/site\/wp-content\/uploads\/2024\/06\/WhatsApp-Image-2024-05-30-at-18.18.43.jpeg?strip=info&#038;w=1600&#038;ssl=1 1600w\" alt=\"\" data-height=\"1600\" data-id=\"3201\" data-link=\"https:\/\/navalremo.pt\/site\/?attachment_id=3201\" data-url=\"https:\/\/navalremo.pt\/site\/wp-content\/uploads\/2024\/06\/WhatsApp-Image-2024-05-30-at-18.18.43.jpeg\" data-width=\"1200\" src=\"https:\/\/i0.wp.com\/navalremo.pt\/site\/wp-content\/uploads\/2024\/06\/WhatsApp-Image-2024-05-30-at-18.18.43.jpeg?ssl=1\" data-amp-layout=\"responsive\" \/><\/figure><\/div><div data-carousel-extra='{\"blog_id\":1,\"permalink\":\"https:\\\/\\\/navalremo.pt\\\/site\\\/2024\\\/06\\\/01\\\/a-naval-remo-participa-na-18a-edicao-da-regata-internacional-litocar\\\/\"}' class=\"tiled-gallery__col\" style=\"flex-basis:25.00000%\"><figure class=\"tiled-gallery__item\"><img data-attachment-id=\"3202\" data-permalink=\"https:\/\/navalremo.pt\/site\/2024\/06\/01\/a-naval-remo-participa-na-18a-edicao-da-regata-internacional-litocar\/whatsapp-image-2024-05-30-at-18-18-42\/\" data-orig-file=\"https:\/\/navalremo.pt\/site\/wp-content\/uploads\/2024\/06\/WhatsApp-Image-2024-05-30-at-18.18.42.jpeg\" data-orig-size=\"1200,1600\" data-comments-opened=\"0\" data-image-meta=\"{&quot;aperture&quot;:&quot;0&quot;,&quot;credit&quot;:&quot;&quot;,&quot;camera&quot;:&quot;&quot;,&quot;caption&quot;:&quot;&quot;,&quot;created_timestamp&quot;:&quot;0&quot;,&quot;copyright&quot;:&quot;&quot;,&quot;focal_length&quot;:&quot;0&quot;,&quot;iso&quot;:&quot;0&quot;,&quot;shutter_speed&quot;:&quot;0&quot;,&quot;title&quot;:&quot;&quot;,&quot;orientation&quot;:&quot;0&quot;}\" data-image-title=\"WhatsApp-Image-2024-05-30-at-18.18.42\" data-image-description=\"\" data-medium-file=\"https:\/\/navalremo.pt\/site\/wp-content\/uploads\/2024\/06\/WhatsApp-Image-2024-05-30-at-18.18.42-225x300.jpeg\" data-large-file=\"https:\/\/navalremo.pt\/site\/wp-content\/uploads\/2024\/06\/WhatsApp-Image-2024-05-30-at-18.18.42-768x1024.jpeg\" data-attachment-id=\"3202\" data-permalink=\"https:\/\/navalremo.pt\/site\/2024\/06\/01\/a-naval-remo-participa-na-18a-edicao-da-regata-internacional-litocar\/whatsapp-image-2024-05-30-at-18-18-42\/\" data-orig-file=\"https:\/\/navalremo.pt\/site\/wp-content\/uploads\/2024\/06\/WhatsApp-Image-2024-05-30-at-18.18.42.jpeg\" data-orig-size=\"1200,1600\" data-comments-opened=\"0\" data-image-meta=\"{&quot;aperture&quot;:&quot;0&quot;,&quot;credit&quot;:&quot;&quot;,&quot;camera&quot;:&quot;&quot;,&quot;caption&quot;:&quot;&quot;,&quot;created_timestamp&quot;:&quot;0&quot;,&quot;copyright&quot;:&quot;&quot;,&quot;focal_length&quot;:&quot;0&quot;,&quot;iso&quot;:&quot;0&quot;,&quot;shutter_speed&quot;:&quot;0&quot;,&quot;title&quot;:&quot;&quot;,&quot;orientation&quot;:&quot;0&quot;}\" data-image-title=\"WhatsApp-Image-2024-05-30-at-18.18.42\" data-image-description=\"\" data-medium-file=\"https:\/\/navalremo.pt\/site\/wp-content\/uploads\/2024\/06\/WhatsApp-Image-2024-05-30-at-18.18.42-225x300.jpeg\" data-large-file=\"https:\/\/navalremo.pt\/site\/wp-content\/uploads\/2024\/06\/WhatsApp-Image-2024-05-30-at-18.18.42-768x1024.jpeg\" srcset=\"https:\/\/i0.wp.com\/navalremo.pt\/site\/wp-content\/uploads\/2024\/06\/WhatsApp-Image-2024-05-30-at-18.18.42.jpeg?strip=info&#038;w=600&#038;ssl=1 600w,https:\/\/i0.wp.com\/navalremo.pt\/site\/wp-content\/uploads\/2024\/06\/WhatsApp-Image-2024-05-30-at-18.18.42.jpeg?strip=info&#038;w=900&#038;ssl=1 900w,https:\/\/i0.wp.com\/navalremo.pt\/site\/wp-content\/uploads\/2024\/06\/WhatsApp-Image-2024-05-30-at-18.18.42.jpeg?strip=info&#038;w=1200&#038;ssl=1 1200w,https:\/\/i0.wp.com\/navalremo.pt\/site\/wp-content\/uploads\/2024\/06\/WhatsApp-Image-2024-05-30-at-18.18.42.jpeg?strip=info&#038;w=1500&#038;ssl=1 1500w,https:\/\/i0.wp.com\/navalremo.pt\/site\/wp-content\/uploads\/2024\/06\/WhatsApp-Image-2024-05-30-at-18.18.42.jpeg?strip=info&#038;w=1600&#038;ssl=1 1600w\" alt=\"\" data-height=\"1600\" data-id=\"3202\" data-link=\"https:\/\/navalremo.pt\/site\/?attachment_id=3202\" data-url=\"https:\/\/navalremo.pt\/site\/wp-content\/uploads\/2024\/06\/WhatsApp-Image-2024-05-30-at-18.18.42.jpeg\" data-width=\"1200\" src=\"https:\/\/i0.wp.com\/navalremo.pt\/site\/wp-content\/uploads\/2024\/06\/WhatsApp-Image-2024-05-30-at-18.18.42.jpeg?ssl=1\" data-amp-layout=\"responsive\" \/><\/figure><\/div><div data-carousel-extra='{\"blog_id\":1,\"permalink\":\"https:\\\/\\\/navalremo.pt\\\/site\\\/2024\\\/06\\\/01\\\/a-naval-remo-participa-na-18a-edicao-da-regata-internacional-litocar\\\/\"}' class=\"tiled-gallery__col\" style=\"flex-basis:25.00000%\"><figure class=\"tiled-gallery__item\"><img data-attachment-id=\"3203\" data-permalink=\"https:\/\/navalremo.pt\/site\/2024\/06\/01\/a-naval-remo-participa-na-18a-edicao-da-regata-internacional-litocar\/whatsapp-image-2024-05-30-at-18-18-41\/\" data-orig-file=\"https:\/\/navalremo.pt\/site\/wp-content\/uploads\/2024\/06\/WhatsApp-Image-2024-05-30-at-18.18.41.jpeg\" data-orig-size=\"1200,1600\" data-comments-opened=\"0\" data-image-meta=\"{&quot;aperture&quot;:&quot;0&quot;,&quot;credit&quot;:&quot;&quot;,&quot;camera&quot;:&quot;&quot;,&quot;caption&quot;:&quot;&quot;,&quot;created_timestamp&quot;:&quot;0&quot;,&quot;copyright&quot;:&quot;&quot;,&quot;focal_length&quot;:&quot;0&quot;,&quot;iso&quot;:&quot;0&quot;,&quot;shutter_speed&quot;:&quot;0&quot;,&quot;title&quot;:&quot;&quot;,&quot;orientation&quot;:&quot;0&quot;}\" data-image-title=\"WhatsApp-Image-2024-05-30-at-18.18.41\" data-image-description=\"\" data-medium-file=\"https:\/\/navalremo.pt\/site\/wp-content\/uploads\/2024\/06\/WhatsApp-Image-2024-05-30-at-18.18.41-225x300.jpeg\" data-large-file=\"https:\/\/navalremo.pt\/site\/wp-content\/uploads\/2024\/06\/WhatsApp-Image-2024-05-30-at-18.18.41-768x1024.jpeg\" data-attachment-id=\"3203\" data-permalink=\"https:\/\/navalremo.pt\/site\/2024\/06\/01\/a-naval-remo-participa-na-18a-edicao-da-regata-internacional-litocar\/whatsapp-image-2024-05-30-at-18-18-41\/\" data-orig-file=\"https:\/\/navalremo.pt\/site\/wp-content\/uploads\/2024\/06\/WhatsApp-Image-2024-05-30-at-18.18.41.jpeg\" data-orig-size=\"1200,1600\" data-comments-opened=\"0\" data-image-meta=\"{&quot;aperture&quot;:&quot;0&quot;,&quot;credit&quot;:&quot;&quot;,&quot;camera&quot;:&quot;&quot;,&quot;caption&quot;:&quot;&quot;,&quot;created_timestamp&quot;:&quot;0&quot;,&quot;copyright&quot;:&quot;&quot;,&quot;focal_length&quot;:&quot;0&quot;,&quot;iso&quot;:&quot;0&quot;,&quot;shutter_speed&quot;:&quot;0&quot;,&quot;title&quot;:&quot;&quot;,&quot;orientation&quot;:&quot;0&quot;}\" data-image-title=\"WhatsApp-Image-2024-05-30-at-18.18.41\" data-image-description=\"\" data-medium-file=\"https:\/\/navalremo.pt\/site\/wp-content\/uploads\/2024\/06\/WhatsApp-Image-2024-05-30-at-18.18.41-225x300.jpeg\" data-large-file=\"https:\/\/navalremo.pt\/site\/wp-content\/uploads\/2024\/06\/WhatsApp-Image-2024-05-30-at-18.18.41-768x1024.jpeg\" srcset=\"https:\/\/i0.wp.com\/navalremo.pt\/site\/wp-content\/uploads\/2024\/06\/WhatsApp-Image-2024-05-30-at-18.18.41.jpeg?strip=info&#038;w=600&#038;ssl=1 600w,https:\/\/i0.wp.com\/navalremo.pt\/site\/wp-content\/uploads\/2024\/06\/WhatsApp-Image-2024-05-30-at-18.18.41.jpeg?strip=info&#038;w=900&#038;ssl=1 900w,https:\/\/i0.wp.com\/navalremo.pt\/site\/wp-content\/uploads\/2024\/06\/WhatsApp-Image-2024-05-30-at-18.18.41.jpeg?strip=info&#038;w=1200&#038;ssl=1 1200w,https:\/\/i0.wp.com\/navalremo.pt\/site\/wp-content\/uploads\/2024\/06\/WhatsApp-Image-2024-05-30-at-18.18.41.jpeg?strip=info&#038;w=1500&#038;ssl=1 1500w,https:\/\/i0.wp.com\/navalremo.pt\/site\/wp-content\/uploads\/2024\/06\/WhatsApp-Image-2024-05-30-at-18.18.41.jpeg?strip=info&#038;w=1600&#038;ssl=1 1600w\" alt=\"\" data-height=\"1600\" data-id=\"3203\" data-link=\"https:\/\/navalremo.pt\/site\/?attachment_id=3203\" data-url=\"https:\/\/navalremo.pt\/site\/wp-content\/uploads\/2024\/06\/WhatsApp-Image-2024-05-30-at-18.18.41.jpeg\" data-width=\"1200\" src=\"https:\/\/i0.wp.com\/navalremo.pt\/site\/wp-content\/uploads\/2024\/06\/WhatsApp-Image-2024-05-30-at-18.18.41.jpeg?ssl=1\" data-amp-layout=\"responsive\" \/><\/figure><\/div><div data-carousel-extra='{\"blog_id\":1,\"permalink\":\"https:\\\/\\\/navalremo.pt\\\/site\\\/2024\\\/06\\\/01\\\/a-naval-remo-participa-na-18a-edicao-da-regata-internacional-litocar\\\/\"}' class=\"tiled-gallery__col\" style=\"flex-basis:25.00000%\"><figure class=\"tiled-gallery__item\"><img data-attachment-id=\"3204\" data-permalink=\"https:\/\/navalremo.pt\/site\/2024\/06\/01\/a-naval-remo-participa-na-18a-edicao-da-regata-internacional-litocar\/whatsapp-image-2024-05-30-at-18-18-40\/\" data-orig-file=\"https:\/\/navalremo.pt\/site\/wp-content\/uploads\/2024\/06\/WhatsApp-Image-2024-05-30-at-18.18.40.jpeg\" data-orig-size=\"1200,1600\" data-comments-opened=\"0\" data-image-meta=\"{&quot;aperture&quot;:&quot;0&quot;,&quot;credit&quot;:&quot;&quot;,&quot;camera&quot;:&quot;&quot;,&quot;caption&quot;:&quot;&quot;,&quot;created_timestamp&quot;:&quot;0&quot;,&quot;copyright&quot;:&quot;&quot;,&quot;focal_length&quot;:&quot;0&quot;,&quot;iso&quot;:&quot;0&quot;,&quot;shutter_speed&quot;:&quot;0&quot;,&quot;title&quot;:&quot;&quot;,&quot;orientation&quot;:&quot;0&quot;}\" data-image-title=\"WhatsApp-Image-2024-05-30-at-18.18.40\" data-image-description=\"\" data-medium-file=\"https:\/\/navalremo.pt\/site\/wp-content\/uploads\/2024\/06\/WhatsApp-Image-2024-05-30-at-18.18.40-225x300.jpeg\" data-large-file=\"https:\/\/navalremo.pt\/site\/wp-content\/uploads\/2024\/06\/WhatsApp-Image-2024-05-30-at-18.18.40-768x1024.jpeg\" data-attachment-id=\"3204\" data-permalink=\"https:\/\/navalremo.pt\/site\/2024\/06\/01\/a-naval-remo-participa-na-18a-edicao-da-regata-internacional-litocar\/whatsapp-image-2024-05-30-at-18-18-40\/\" data-orig-file=\"https:\/\/navalremo.pt\/site\/wp-content\/uploads\/2024\/06\/WhatsApp-Image-2024-05-30-at-18.18.40.jpeg\" data-orig-size=\"1200,1600\" data-comments-opened=\"0\" data-image-meta=\"{&quot;aperture&quot;:&quot;0&quot;,&quot;credit&quot;:&quot;&quot;,&quot;camera&quot;:&quot;&quot;,&quot;caption&quot;:&quot;&quot;,&quot;created_timestamp&quot;:&quot;0&quot;,&quot;copyright&quot;:&quot;&quot;,&quot;focal_length&quot;:&quot;0&quot;,&quot;iso&quot;:&quot;0&quot;,&quot;shutter_speed&quot;:&quot;0&quot;,&quot;title&quot;:&quot;&quot;,&quot;orientation&quot;:&quot;0&quot;}\" data-image-title=\"WhatsApp-Image-2024-05-30-at-18.18.40\" data-image-description=\"\" data-medium-file=\"https:\/\/navalremo.pt\/site\/wp-content\/uploads\/2024\/06\/WhatsApp-Image-2024-05-30-at-18.18.40-225x300.jpeg\" data-large-file=\"https:\/\/navalremo.pt\/site\/wp-content\/uploads\/2024\/06\/WhatsApp-Image-2024-05-30-at-18.18.40-768x1024.jpeg\" srcset=\"https:\/\/i1.wp.com\/navalremo.pt\/site\/wp-content\/uploads\/2024\/06\/WhatsApp-Image-2024-05-30-at-18.18.40.jpeg?strip=info&#038;w=600&#038;ssl=1 600w,https:\/\/i1.wp.com\/navalremo.pt\/site\/wp-content\/uploads\/2024\/06\/WhatsApp-Image-2024-05-30-at-18.18.40.jpeg?strip=info&#038;w=900&#038;ssl=1 900w,https:\/\/i1.wp.com\/navalremo.pt\/site\/wp-content\/uploads\/2024\/06\/WhatsApp-Image-2024-05-30-at-18.18.40.jpeg?strip=info&#038;w=1200&#038;ssl=1 1200w,https:\/\/i1.wp.com\/navalremo.pt\/site\/wp-content\/uploads\/2024\/06\/WhatsApp-Image-2024-05-30-at-18.18.40.jpeg?strip=info&#038;w=1500&#038;ssl=1 1500w,https:\/\/i1.wp.com\/navalremo.pt\/site\/wp-content\/uploads\/2024\/06\/WhatsApp-Image-2024-05-30-at-18.18.40.jpeg?strip=info&#038;w=1600&#038;ssl=1 1600w\" alt=\"\" data-height=\"1600\" data-id=\"3204\" data-link=\"https:\/\/navalremo.pt\/site\/?attachment_id=3204\" data-url=\"https:\/\/navalremo.pt\/site\/wp-content\/uploads\/2024\/06\/WhatsApp-Image-2024-05-30-at-18.18.40.jpeg\" data-width=\"1200\" src=\"https:\/\/i1.wp.com\/navalremo.pt\/site\/wp-content\/uploads\/2024\/06\/WhatsApp-Image-2024-05-30-at-18.18.40.jpeg?ssl=1\" data-amp-layout=\"responsive\" \/><\/figure><\/div><\/div><\/div><\/div>\n","protected":false},"excerpt":{"rendered":"<p>No passado dia 30 de junho realizou-se em Montemor a 18\u00aa Edi\u00e7\u00e3o da Regata Litocar, com participa\u00e7\u00e3o de 13 Clubes a n\u00edvel nacional e internacional. A Naval Remo obteve um honroso 5\u00ba lugar na classifica\u00e7\u00e3o geral, e os seguintes resultados ao n\u00edvel das v\u00e1rias tripula\u00e7\u00f5es: Shell de 4 sem timoneiro J\u00fanior Masculino \u2013 3\u00ba Lugar [&hellip;]<\/p>\n","protected":false},"author":2,"featured_media":3201,"comment_status":"closed","ping_status":"open","sticky":false,"template":"","format":"standard","meta":{"spay_email":""},"categories":[45,4,5],"tags":[],"jetpack_featured_media_url":"https:\/\/navalremo.pt\/site\/wp-content\/uploads\/2024\/06\/WhatsApp-Image-2024-05-30-at-18.18.43.jpeg","_links":{"self":[{"href":"https:\/\/navalremo.pt\/site\/wp-json\/wp\/v2\/posts\/3194"}],"collection":[{"href":"https:\/\/navalremo.pt\/site\/wp-json\/wp\/v2\/posts"}],"about":[{"href":"https:\/\/navalremo.pt\/site\/wp-json\/wp\/v2\/types\/post"}],"author":[{"embeddable":true,"href":"https:\/\/navalremo.pt\/site\/wp-json\/wp\/v2\/users\/2"}],"replies":[{"embeddable":true,"href":"https:\/\/navalremo.pt\/site\/wp-json\/wp\/v2\/comments?post=3194"}],"version-history":[{"count":1,"href":"https:\/\/navalremo.pt\/site\/wp-json\/wp\/v2\/posts\/3194\/revisions"}],"predecessor-version":[{"id":3205,"href":"https:\/\/navalremo.pt\/site\/wp-json\/wp\/v2\/posts\/3194\/revisions\/3205"}],"wp:featuredmedia":[{"embeddable":true,"href":"https:\/\/navalremo.pt\/site\/wp-json\/wp\/v2\/media\/3201"}],"wp:attachment":[{"href":"https:\/\/navalremo.pt\/site\/wp-json\/wp\/v2\/media?parent=3194"}],"wp:term":[{"taxonomy":"category","embeddable":true,"href":"https:\/\/navalremo.pt\/site\/wp-json\/wp\/v2\/categories?post=3194"},{"taxonomy":"post_tag","embeddable":true,"href":"https:\/\/navalremo.pt\/site\/wp-json\/wp\/v2\/tags?post=3194"}],"curies":[{"name":"wp","href":"https:\/\/api.w.org\/{rel}","templated":true}]}}