{"id":3173,"date":"2024-05-27T23:41:16","date_gmt":"2024-05-27T23:41:16","guid":{"rendered":"https:\/\/navalremo.pt\/site\/?p=3173"},"modified":"2024-05-27T23:41:21","modified_gmt":"2024-05-27T23:41:21","slug":"naval-remo-participou-no-campeonato-regional-de-velocidade-2023-2024","status":"publish","type":"post","link":"https:\/\/navalremo.pt\/site\/2024\/05\/27\/naval-remo-participou-no-campeonato-regional-de-velocidade-2023-2024\/","title":{"rendered":"Naval Remo participou no Campeonato Regional de Velocidade &#8211; 2023\/2024"},"content":{"rendered":"\n<p>Realizou-se no passado dia 25 de maio na pista de Remo de Montemor-o-Velho, o Campeonato Regional de Velocidade de Remo, com a participa\u00e7\u00e3o dos 6 Clubes de Remo da Regi\u00e3o Centro e onde a Naval Remo somou mais 18 lugares de p\u00f3dios.<\/p>\n\n\n\n<p>Com um conjunto de Regatas interessantes sob o ponto de vista competitivo, os resultados da Naval Remo foram os seguintes:<\/p>\n\n\n\n<ul><li>Double Infantil Feminino \u2013 3\u00ba Lugar para Lara Rodrigues \/ Maria Rodrigues;<\/li><li>Skiff Infantil Masculino \u2013 1\u00ba Lugar para Miguel Mendes (<strong>Campe\u00e3o Regional)<\/strong> e 2\u00ba Lugar para Martim Cruz (<strong>Vice-Campe\u00e3o Regional<\/strong>);<\/li><li>Double Infantil Masculino \u2013 2\u00ba Lugar para Dinis Santos \/ Diogo Janeiro <strong>(Vice-Campe\u00f5es Regionais)<\/strong>;<\/li><li>Skiff Iniciado Feminino \u2013 3\u00ba Lugar para Sofia Oliveira e 4\u00ba Lugar para Laura Santos;<\/li><li>Skiff Iniciado Masculino \u2013 3\u00ba Lugar para Jo\u00e3o Monteiro e 11\u00ba Lugar para Rodrigo Sim\u00e3o;<\/li><li>Double Iniciado Masculino \u2013 2\u00ba Lugar para Duarte Santos \/ Martim Dias <strong>(Vice-Campe\u00f5es Regionais)<\/strong>;<\/li><li>Skiff Juvenil Masculino \u2013 3\u00ba Lugar para Andr\u00e9 Leal e 6\u00ba Lugar para Rafael Ferreira<\/li><li>Double Juvenil Masculino \u2013 3\u00ba Lugar para Alexandre Gir\u00e3o e Stephen Encarnacion;<\/li><li>Double Juvenil Feminino \u2013 2\u00ba Lugar para Maria Nascimento \/ Mariana Rodrigues;<\/li><li>Quadri Scull Juvenil Feminino \u2013 1\u00ba Lugar para Raquel Santos \/ Margarida Silva \/ Salom\u00e9 Lemos \/ Sara Carramona <strong>(Campe\u00e3s Regionais)<\/strong>;<\/li><li>Quadri Scull Juvenil Masculino \u2013 2\u00ba Lugar para Duarte Sisudo \/ Jos\u00e9 Azevedo \/ Pedro Oliveira \/ Hugo Baeta <strong>(Vice-Campe\u00f5es Regionais)<\/strong>;<\/li><li>Shell de 4 sem Timoneiro J\u00fanior Masculino \u2013 1\u00ba Lugar para Daniel Pereira \/ Rodrigo Almeida \/ Dinis Oliveira \/ Bernardo Cruz;<\/li><li>Shell de 4 com Timoneiro Veterano Masculino \u2013 1\u00ba Lugar para Pedro Ac\u00farcio \/ Nelson Silva \/ Nuno Sisudo \/ Jos\u00e9 Silva; Tim: Francisco Cruz <strong>(Campe\u00f5es Regionais)<\/strong>;<\/li><li>Skiff J\u00fanior Feminino \u2013 2\u00ba Lugar para Mafalda Oliveira <strong>(Vice-Campe\u00e3 Regional)<\/strong>;<\/li><li>Skiff J\u00fanior Masculino \u2013 5\u00ba Lugar para Martim Bastos;<\/li><li>Skiff S\u00e9nior Masculino \u2013 1\u00ba Lugar para Pedro Rodrigues <strong>(Campe\u00e3o Regional)<\/strong> e 7\u00ba Lugar para Jos\u00e9 Ribeiro;<\/li><li>Skiff S\u00e9nior Feminino \u2013 1\u00ba Lugar para Patr\u00edcia Batista <strong>(Campe\u00e3 Regional)<\/strong>;<\/li><li>Skiff Veterano Feminino \u2013 1\u00ba Lugar para Ana Pereira<strong> (Campe\u00e3 Regional);<\/strong><\/li><\/ul>\n\n\n\n<p>Uma boa Regata para recolha de alguns indicadores e efetuar trabalho sobre os \u00faltimos detalhes antes dos Campeonatos Nacionais. A Naval endere\u00e7a publicamente os sinceros parab\u00e9ns a este conjunto de Atletas e aos Treinadores Jos\u00e9 Canhola, Patr\u00edcia Batista, Daniel Mendes e Eduardo Al\u00e7ada pelo empenho e resultados obtidos nesta Regata.<\/p>\n\n\n\n<p>Associa\u00e7\u00e3o Desportiva Naval Remo &#8211; ADNR<\/p>\n\n\n\n<p><a href=\"http:\/\/www.navalremo.pt\">www.navalremo.pt<\/a><\/p>\n\n\n\n<div data-carousel-extra='{\"blog_id\":1,\"permalink\":\"https:\\\/\\\/navalremo.pt\\\/site\\\/2024\\\/05\\\/27\\\/naval-remo-participou-no-campeonato-regional-de-velocidade-2023-2024\\\/\"}' class=\"wp-block-jetpack-tiled-gallery aligncenter is-style-rectangular\"><div data-carousel-extra='{\"blog_id\":1,\"permalink\":\"https:\\\/\\\/navalremo.pt\\\/site\\\/2024\\\/05\\\/27\\\/naval-remo-participou-no-campeonato-regional-de-velocidade-2023-2024\\\/\"}' class=\"tiled-gallery__gallery\"><div data-carousel-extra='{\"blog_id\":1,\"permalink\":\"https:\\\/\\\/navalremo.pt\\\/site\\\/2024\\\/05\\\/27\\\/naval-remo-participou-no-campeonato-regional-de-velocidade-2023-2024\\\/\"}' class=\"tiled-gallery__row\"><div data-carousel-extra='{\"blog_id\":1,\"permalink\":\"https:\\\/\\\/navalremo.pt\\\/site\\\/2024\\\/05\\\/27\\\/naval-remo-participou-no-campeonato-regional-de-velocidade-2023-2024\\\/\"}' class=\"tiled-gallery__col\" style=\"flex-basis:100.00000%\"><figure class=\"tiled-gallery__item\"><img data-attachment-id=\"3174\" data-permalink=\"https:\/\/navalremo.pt\/site\/2024\/05\/27\/naval-remo-participou-no-campeonato-regional-de-velocidade-2023-2024\/438083875_428070516699714_8968440929223889537_n\/\" data-orig-file=\"https:\/\/navalremo.pt\/site\/wp-content\/uploads\/2024\/05\/438083875_428070516699714_8968440929223889537_n.jpg\" data-orig-size=\"2000,922\" data-comments-opened=\"0\" data-image-meta=\"{&quot;aperture&quot;:&quot;0&quot;,&quot;credit&quot;:&quot;&quot;,&quot;camera&quot;:&quot;&quot;,&quot;caption&quot;:&quot;&quot;,&quot;created_timestamp&quot;:&quot;0&quot;,&quot;copyright&quot;:&quot;&quot;,&quot;focal_length&quot;:&quot;0&quot;,&quot;iso&quot;:&quot;0&quot;,&quot;shutter_speed&quot;:&quot;0&quot;,&quot;title&quot;:&quot;&quot;,&quot;orientation&quot;:&quot;0&quot;}\" data-image-title=\"438083875_428070516699714_8968440929223889537_n\" data-image-description=\"\" data-medium-file=\"https:\/\/navalremo.pt\/site\/wp-content\/uploads\/2024\/05\/438083875_428070516699714_8968440929223889537_n-300x138.jpg\" data-large-file=\"https:\/\/navalremo.pt\/site\/wp-content\/uploads\/2024\/05\/438083875_428070516699714_8968440929223889537_n-1024x472.jpg\" data-attachment-id=\"3174\" data-permalink=\"https:\/\/navalremo.pt\/site\/2024\/05\/27\/naval-remo-participou-no-campeonato-regional-de-velocidade-2023-2024\/438083875_428070516699714_8968440929223889537_n\/\" data-orig-file=\"https:\/\/navalremo.pt\/site\/wp-content\/uploads\/2024\/05\/438083875_428070516699714_8968440929223889537_n.jpg\" data-orig-size=\"2000,922\" data-comments-opened=\"0\" data-image-meta=\"{&quot;aperture&quot;:&quot;0&quot;,&quot;credit&quot;:&quot;&quot;,&quot;camera&quot;:&quot;&quot;,&quot;caption&quot;:&quot;&quot;,&quot;created_timestamp&quot;:&quot;0&quot;,&quot;copyright&quot;:&quot;&quot;,&quot;focal_length&quot;:&quot;0&quot;,&quot;iso&quot;:&quot;0&quot;,&quot;shutter_speed&quot;:&quot;0&quot;,&quot;title&quot;:&quot;&quot;,&quot;orientation&quot;:&quot;0&quot;}\" data-image-title=\"438083875_428070516699714_8968440929223889537_n\" data-image-description=\"\" data-medium-file=\"https:\/\/navalremo.pt\/site\/wp-content\/uploads\/2024\/05\/438083875_428070516699714_8968440929223889537_n-300x138.jpg\" data-large-file=\"https:\/\/navalremo.pt\/site\/wp-content\/uploads\/2024\/05\/438083875_428070516699714_8968440929223889537_n-1024x472.jpg\" srcset=\"https:\/\/i1.wp.com\/navalremo.pt\/site\/wp-content\/uploads\/2024\/05\/438083875_428070516699714_8968440929223889537_n.jpg?strip=info&#038;w=600&#038;ssl=1 600w,https:\/\/i1.wp.com\/navalremo.pt\/site\/wp-content\/uploads\/2024\/05\/438083875_428070516699714_8968440929223889537_n.jpg?strip=info&#038;w=900&#038;ssl=1 900w,https:\/\/i1.wp.com\/navalremo.pt\/site\/wp-content\/uploads\/2024\/05\/438083875_428070516699714_8968440929223889537_n.jpg?strip=info&#038;w=922&#038;ssl=1 922w\" alt=\"\" data-height=\"922\" data-id=\"3174\" data-link=\"https:\/\/navalremo.pt\/site\/?attachment_id=3174\" data-url=\"https:\/\/navalremo.pt\/site\/wp-content\/uploads\/2024\/05\/438083875_428070516699714_8968440929223889537_n.jpg\" data-width=\"2000\" src=\"https:\/\/i1.wp.com\/navalremo.pt\/site\/wp-content\/uploads\/2024\/05\/438083875_428070516699714_8968440929223889537_n.jpg?ssl=1\" data-amp-layout=\"responsive\" \/><\/figure><\/div><\/div><div data-carousel-extra='{\"blog_id\":1,\"permalink\":\"https:\\\/\\\/navalremo.pt\\\/site\\\/2024\\\/05\\\/27\\\/naval-remo-participou-no-campeonato-regional-de-velocidade-2023-2024\\\/\"}' class=\"tiled-gallery__row\"><div data-carousel-extra='{\"blog_id\":1,\"permalink\":\"https:\\\/\\\/navalremo.pt\\\/site\\\/2024\\\/05\\\/27\\\/naval-remo-participou-no-campeonato-regional-de-velocidade-2023-2024\\\/\"}' class=\"tiled-gallery__col\" style=\"flex-basis:100.00000%\"><figure class=\"tiled-gallery__item\"><img data-attachment-id=\"3175\" data-permalink=\"https:\/\/navalremo.pt\/site\/2024\/05\/27\/naval-remo-participou-no-campeonato-regional-de-velocidade-2023-2024\/438115884_1378811296892523_730421971007816027_n\/\" data-orig-file=\"https:\/\/navalremo.pt\/site\/wp-content\/uploads\/2024\/05\/438115884_1378811296892523_730421971007816027_n.jpg\" data-orig-size=\"2000,922\" data-comments-opened=\"0\" data-image-meta=\"{&quot;aperture&quot;:&quot;0&quot;,&quot;credit&quot;:&quot;&quot;,&quot;camera&quot;:&quot;&quot;,&quot;caption&quot;:&quot;&quot;,&quot;created_timestamp&quot;:&quot;0&quot;,&quot;copyright&quot;:&quot;&quot;,&quot;focal_length&quot;:&quot;0&quot;,&quot;iso&quot;:&quot;0&quot;,&quot;shutter_speed&quot;:&quot;0&quot;,&quot;title&quot;:&quot;&quot;,&quot;orientation&quot;:&quot;0&quot;}\" data-image-title=\"438115884_1378811296892523_730421971007816027_n\" data-image-description=\"\" data-medium-file=\"https:\/\/navalremo.pt\/site\/wp-content\/uploads\/2024\/05\/438115884_1378811296892523_730421971007816027_n-300x138.jpg\" data-large-file=\"https:\/\/navalremo.pt\/site\/wp-content\/uploads\/2024\/05\/438115884_1378811296892523_730421971007816027_n-1024x472.jpg\" data-attachment-id=\"3175\" data-permalink=\"https:\/\/navalremo.pt\/site\/2024\/05\/27\/naval-remo-participou-no-campeonato-regional-de-velocidade-2023-2024\/438115884_1378811296892523_730421971007816027_n\/\" data-orig-file=\"https:\/\/navalremo.pt\/site\/wp-content\/uploads\/2024\/05\/438115884_1378811296892523_730421971007816027_n.jpg\" data-orig-size=\"2000,922\" data-comments-opened=\"0\" data-image-meta=\"{&quot;aperture&quot;:&quot;0&quot;,&quot;credit&quot;:&quot;&quot;,&quot;camera&quot;:&quot;&quot;,&quot;caption&quot;:&quot;&quot;,&quot;created_timestamp&quot;:&quot;0&quot;,&quot;copyright&quot;:&quot;&quot;,&quot;focal_length&quot;:&quot;0&quot;,&quot;iso&quot;:&quot;0&quot;,&quot;shutter_speed&quot;:&quot;0&quot;,&quot;title&quot;:&quot;&quot;,&quot;orientation&quot;:&quot;0&quot;}\" data-image-title=\"438115884_1378811296892523_730421971007816027_n\" data-image-description=\"\" data-medium-file=\"https:\/\/navalremo.pt\/site\/wp-content\/uploads\/2024\/05\/438115884_1378811296892523_730421971007816027_n-300x138.jpg\" data-large-file=\"https:\/\/navalremo.pt\/site\/wp-content\/uploads\/2024\/05\/438115884_1378811296892523_730421971007816027_n-1024x472.jpg\" srcset=\"https:\/\/i2.wp.com\/navalremo.pt\/site\/wp-content\/uploads\/2024\/05\/438115884_1378811296892523_730421971007816027_n.jpg?strip=info&#038;w=600&#038;ssl=1 600w,https:\/\/i2.wp.com\/navalremo.pt\/site\/wp-content\/uploads\/2024\/05\/438115884_1378811296892523_730421971007816027_n.jpg?strip=info&#038;w=900&#038;ssl=1 900w,https:\/\/i2.wp.com\/navalremo.pt\/site\/wp-content\/uploads\/2024\/05\/438115884_1378811296892523_730421971007816027_n.jpg?strip=info&#038;w=922&#038;ssl=1 922w\" alt=\"\" data-height=\"922\" data-id=\"3175\" data-link=\"https:\/\/navalremo.pt\/site\/?attachment_id=3175\" data-url=\"https:\/\/navalremo.pt\/site\/wp-content\/uploads\/2024\/05\/438115884_1378811296892523_730421971007816027_n.jpg\" data-width=\"2000\" src=\"https:\/\/i2.wp.com\/navalremo.pt\/site\/wp-content\/uploads\/2024\/05\/438115884_1378811296892523_730421971007816027_n.jpg?ssl=1\" data-amp-layout=\"responsive\" \/><\/figure><\/div><\/div><div data-carousel-extra='{\"blog_id\":1,\"permalink\":\"https:\\\/\\\/navalremo.pt\\\/site\\\/2024\\\/05\\\/27\\\/naval-remo-participou-no-campeonato-regional-de-velocidade-2023-2024\\\/\"}' class=\"tiled-gallery__row\"><div data-carousel-extra='{\"blog_id\":1,\"permalink\":\"https:\\\/\\\/navalremo.pt\\\/site\\\/2024\\\/05\\\/27\\\/naval-remo-participou-no-campeonato-regional-de-velocidade-2023-2024\\\/\"}' class=\"tiled-gallery__col\" style=\"flex-basis:100.00000%\"><figure class=\"tiled-gallery__item\"><img data-attachment-id=\"3176\" data-permalink=\"https:\/\/navalremo.pt\/site\/2024\/05\/27\/naval-remo-participou-no-campeonato-regional-de-velocidade-2023-2024\/438154513_2284520251940312_2908372013890285143_n\/\" data-orig-file=\"https:\/\/navalremo.pt\/site\/wp-content\/uploads\/2024\/05\/438154513_2284520251940312_2908372013890285143_n.jpg\" data-orig-size=\"2000,922\" data-comments-opened=\"0\" data-image-meta=\"{&quot;aperture&quot;:&quot;0&quot;,&quot;credit&quot;:&quot;&quot;,&quot;camera&quot;:&quot;&quot;,&quot;caption&quot;:&quot;&quot;,&quot;created_timestamp&quot;:&quot;0&quot;,&quot;copyright&quot;:&quot;&quot;,&quot;focal_length&quot;:&quot;0&quot;,&quot;iso&quot;:&quot;0&quot;,&quot;shutter_speed&quot;:&quot;0&quot;,&quot;title&quot;:&quot;&quot;,&quot;orientation&quot;:&quot;0&quot;}\" data-image-title=\"438154513_2284520251940312_2908372013890285143_n\" data-image-description=\"\" data-medium-file=\"https:\/\/navalremo.pt\/site\/wp-content\/uploads\/2024\/05\/438154513_2284520251940312_2908372013890285143_n-300x138.jpg\" data-large-file=\"https:\/\/navalremo.pt\/site\/wp-content\/uploads\/2024\/05\/438154513_2284520251940312_2908372013890285143_n-1024x472.jpg\" data-attachment-id=\"3176\" data-permalink=\"https:\/\/navalremo.pt\/site\/2024\/05\/27\/naval-remo-participou-no-campeonato-regional-de-velocidade-2023-2024\/438154513_2284520251940312_2908372013890285143_n\/\" data-orig-file=\"https:\/\/navalremo.pt\/site\/wp-content\/uploads\/2024\/05\/438154513_2284520251940312_2908372013890285143_n.jpg\" data-orig-size=\"2000,922\" data-comments-opened=\"0\" data-image-meta=\"{&quot;aperture&quot;:&quot;0&quot;,&quot;credit&quot;:&quot;&quot;,&quot;camera&quot;:&quot;&quot;,&quot;caption&quot;:&quot;&quot;,&quot;created_timestamp&quot;:&quot;0&quot;,&quot;copyright&quot;:&quot;&quot;,&quot;focal_length&quot;:&quot;0&quot;,&quot;iso&quot;:&quot;0&quot;,&quot;shutter_speed&quot;:&quot;0&quot;,&quot;title&quot;:&quot;&quot;,&quot;orientation&quot;:&quot;0&quot;}\" data-image-title=\"438154513_2284520251940312_2908372013890285143_n\" data-image-description=\"\" data-medium-file=\"https:\/\/navalremo.pt\/site\/wp-content\/uploads\/2024\/05\/438154513_2284520251940312_2908372013890285143_n-300x138.jpg\" data-large-file=\"https:\/\/navalremo.pt\/site\/wp-content\/uploads\/2024\/05\/438154513_2284520251940312_2908372013890285143_n-1024x472.jpg\" srcset=\"https:\/\/i2.wp.com\/navalremo.pt\/site\/wp-content\/uploads\/2024\/05\/438154513_2284520251940312_2908372013890285143_n.jpg?strip=info&#038;w=600&#038;ssl=1 600w,https:\/\/i2.wp.com\/navalremo.pt\/site\/wp-content\/uploads\/2024\/05\/438154513_2284520251940312_2908372013890285143_n.jpg?strip=info&#038;w=900&#038;ssl=1 900w,https:\/\/i2.wp.com\/navalremo.pt\/site\/wp-content\/uploads\/2024\/05\/438154513_2284520251940312_2908372013890285143_n.jpg?strip=info&#038;w=922&#038;ssl=1 922w\" alt=\"\" data-height=\"922\" data-id=\"3176\" data-link=\"https:\/\/navalremo.pt\/site\/?attachment_id=3176\" data-url=\"https:\/\/navalremo.pt\/site\/wp-content\/uploads\/2024\/05\/438154513_2284520251940312_2908372013890285143_n.jpg\" data-width=\"2000\" src=\"https:\/\/i2.wp.com\/navalremo.pt\/site\/wp-content\/uploads\/2024\/05\/438154513_2284520251940312_2908372013890285143_n.jpg?ssl=1\" data-amp-layout=\"responsive\" \/><\/figure><\/div><\/div><div data-carousel-extra='{\"blog_id\":1,\"permalink\":\"https:\\\/\\\/navalremo.pt\\\/site\\\/2024\\\/05\\\/27\\\/naval-remo-participou-no-campeonato-regional-de-velocidade-2023-2024\\\/\"}' class=\"tiled-gallery__row\"><div data-carousel-extra='{\"blog_id\":1,\"permalink\":\"https:\\\/\\\/navalremo.pt\\\/site\\\/2024\\\/05\\\/27\\\/naval-remo-participou-no-campeonato-regional-de-velocidade-2023-2024\\\/\"}' class=\"tiled-gallery__col\" style=\"flex-basis:100.00000%\"><figure class=\"tiled-gallery__item\"><img data-attachment-id=\"3177\" data-permalink=\"https:\/\/navalremo.pt\/site\/2024\/05\/27\/naval-remo-participou-no-campeonato-regional-de-velocidade-2023-2024\/438154567_466953846007477_3656449539303308615_n\/\" data-orig-file=\"https:\/\/navalremo.pt\/site\/wp-content\/uploads\/2024\/05\/438154567_466953846007477_3656449539303308615_n.jpg\" data-orig-size=\"2000,922\" data-comments-opened=\"0\" data-image-meta=\"{&quot;aperture&quot;:&quot;0&quot;,&quot;credit&quot;:&quot;&quot;,&quot;camera&quot;:&quot;&quot;,&quot;caption&quot;:&quot;&quot;,&quot;created_timestamp&quot;:&quot;0&quot;,&quot;copyright&quot;:&quot;&quot;,&quot;focal_length&quot;:&quot;0&quot;,&quot;iso&quot;:&quot;0&quot;,&quot;shutter_speed&quot;:&quot;0&quot;,&quot;title&quot;:&quot;&quot;,&quot;orientation&quot;:&quot;0&quot;}\" data-image-title=\"438154567_466953846007477_3656449539303308615_n\" data-image-description=\"\" data-medium-file=\"https:\/\/navalremo.pt\/site\/wp-content\/uploads\/2024\/05\/438154567_466953846007477_3656449539303308615_n-300x138.jpg\" data-large-file=\"https:\/\/navalremo.pt\/site\/wp-content\/uploads\/2024\/05\/438154567_466953846007477_3656449539303308615_n-1024x472.jpg\" data-attachment-id=\"3177\" data-permalink=\"https:\/\/navalremo.pt\/site\/2024\/05\/27\/naval-remo-participou-no-campeonato-regional-de-velocidade-2023-2024\/438154567_466953846007477_3656449539303308615_n\/\" data-orig-file=\"https:\/\/navalremo.pt\/site\/wp-content\/uploads\/2024\/05\/438154567_466953846007477_3656449539303308615_n.jpg\" data-orig-size=\"2000,922\" data-comments-opened=\"0\" data-image-meta=\"{&quot;aperture&quot;:&quot;0&quot;,&quot;credit&quot;:&quot;&quot;,&quot;camera&quot;:&quot;&quot;,&quot;caption&quot;:&quot;&quot;,&quot;created_timestamp&quot;:&quot;0&quot;,&quot;copyright&quot;:&quot;&quot;,&quot;focal_length&quot;:&quot;0&quot;,&quot;iso&quot;:&quot;0&quot;,&quot;shutter_speed&quot;:&quot;0&quot;,&quot;title&quot;:&quot;&quot;,&quot;orientation&quot;:&quot;0&quot;}\" data-image-title=\"438154567_466953846007477_3656449539303308615_n\" data-image-description=\"\" data-medium-file=\"https:\/\/navalremo.pt\/site\/wp-content\/uploads\/2024\/05\/438154567_466953846007477_3656449539303308615_n-300x138.jpg\" data-large-file=\"https:\/\/navalremo.pt\/site\/wp-content\/uploads\/2024\/05\/438154567_466953846007477_3656449539303308615_n-1024x472.jpg\" srcset=\"https:\/\/i0.wp.com\/navalremo.pt\/site\/wp-content\/uploads\/2024\/05\/438154567_466953846007477_3656449539303308615_n.jpg?strip=info&#038;w=600&#038;ssl=1 600w,https:\/\/i0.wp.com\/navalremo.pt\/site\/wp-content\/uploads\/2024\/05\/438154567_466953846007477_3656449539303308615_n.jpg?strip=info&#038;w=900&#038;ssl=1 900w,https:\/\/i0.wp.com\/navalremo.pt\/site\/wp-content\/uploads\/2024\/05\/438154567_466953846007477_3656449539303308615_n.jpg?strip=info&#038;w=922&#038;ssl=1 922w\" alt=\"\" data-height=\"922\" data-id=\"3177\" data-link=\"https:\/\/navalremo.pt\/site\/?attachment_id=3177\" data-url=\"https:\/\/navalremo.pt\/site\/wp-content\/uploads\/2024\/05\/438154567_466953846007477_3656449539303308615_n.jpg\" data-width=\"2000\" src=\"https:\/\/i0.wp.com\/navalremo.pt\/site\/wp-content\/uploads\/2024\/05\/438154567_466953846007477_3656449539303308615_n.jpg?ssl=1\" data-amp-layout=\"responsive\" \/><\/figure><\/div><\/div><div data-carousel-extra='{\"blog_id\":1,\"permalink\":\"https:\\\/\\\/navalremo.pt\\\/site\\\/2024\\\/05\\\/27\\\/naval-remo-participou-no-campeonato-regional-de-velocidade-2023-2024\\\/\"}' class=\"tiled-gallery__row\"><div data-carousel-extra='{\"blog_id\":1,\"permalink\":\"https:\\\/\\\/navalremo.pt\\\/site\\\/2024\\\/05\\\/27\\\/naval-remo-participou-no-campeonato-regional-de-velocidade-2023-2024\\\/\"}' class=\"tiled-gallery__col\" style=\"flex-basis:100.00000%\"><figure class=\"tiled-gallery__item\"><img data-attachment-id=\"3178\" data-permalink=\"https:\/\/navalremo.pt\/site\/2024\/05\/27\/naval-remo-participou-no-campeonato-regional-de-velocidade-2023-2024\/438158264_1106572077098304_8203679190876932776_n\/\" data-orig-file=\"https:\/\/navalremo.pt\/site\/wp-content\/uploads\/2024\/05\/438158264_1106572077098304_8203679190876932776_n.jpg\" data-orig-size=\"2000,922\" data-comments-opened=\"0\" data-image-meta=\"{&quot;aperture&quot;:&quot;0&quot;,&quot;credit&quot;:&quot;&quot;,&quot;camera&quot;:&quot;&quot;,&quot;caption&quot;:&quot;&quot;,&quot;created_timestamp&quot;:&quot;0&quot;,&quot;copyright&quot;:&quot;&quot;,&quot;focal_length&quot;:&quot;0&quot;,&quot;iso&quot;:&quot;0&quot;,&quot;shutter_speed&quot;:&quot;0&quot;,&quot;title&quot;:&quot;&quot;,&quot;orientation&quot;:&quot;0&quot;}\" data-image-title=\"438158264_1106572077098304_8203679190876932776_n\" data-image-description=\"\" data-medium-file=\"https:\/\/navalremo.pt\/site\/wp-content\/uploads\/2024\/05\/438158264_1106572077098304_8203679190876932776_n-300x138.jpg\" data-large-file=\"https:\/\/navalremo.pt\/site\/wp-content\/uploads\/2024\/05\/438158264_1106572077098304_8203679190876932776_n-1024x472.jpg\" data-attachment-id=\"3178\" data-permalink=\"https:\/\/navalremo.pt\/site\/2024\/05\/27\/naval-remo-participou-no-campeonato-regional-de-velocidade-2023-2024\/438158264_1106572077098304_8203679190876932776_n\/\" data-orig-file=\"https:\/\/navalremo.pt\/site\/wp-content\/uploads\/2024\/05\/438158264_1106572077098304_8203679190876932776_n.jpg\" data-orig-size=\"2000,922\" data-comments-opened=\"0\" data-image-meta=\"{&quot;aperture&quot;:&quot;0&quot;,&quot;credit&quot;:&quot;&quot;,&quot;camera&quot;:&quot;&quot;,&quot;caption&quot;:&quot;&quot;,&quot;created_timestamp&quot;:&quot;0&quot;,&quot;copyright&quot;:&quot;&quot;,&quot;focal_length&quot;:&quot;0&quot;,&quot;iso&quot;:&quot;0&quot;,&quot;shutter_speed&quot;:&quot;0&quot;,&quot;title&quot;:&quot;&quot;,&quot;orientation&quot;:&quot;0&quot;}\" data-image-title=\"438158264_1106572077098304_8203679190876932776_n\" data-image-description=\"\" data-medium-file=\"https:\/\/navalremo.pt\/site\/wp-content\/uploads\/2024\/05\/438158264_1106572077098304_8203679190876932776_n-300x138.jpg\" data-large-file=\"https:\/\/navalremo.pt\/site\/wp-content\/uploads\/2024\/05\/438158264_1106572077098304_8203679190876932776_n-1024x472.jpg\" srcset=\"https:\/\/i2.wp.com\/navalremo.pt\/site\/wp-content\/uploads\/2024\/05\/438158264_1106572077098304_8203679190876932776_n.jpg?strip=info&#038;w=600&#038;ssl=1 600w,https:\/\/i2.wp.com\/navalremo.pt\/site\/wp-content\/uploads\/2024\/05\/438158264_1106572077098304_8203679190876932776_n.jpg?strip=info&#038;w=900&#038;ssl=1 900w,https:\/\/i2.wp.com\/navalremo.pt\/site\/wp-content\/uploads\/2024\/05\/438158264_1106572077098304_8203679190876932776_n.jpg?strip=info&#038;w=922&#038;ssl=1 922w\" alt=\"\" data-height=\"922\" data-id=\"3178\" data-link=\"https:\/\/navalremo.pt\/site\/?attachment_id=3178\" data-url=\"https:\/\/navalremo.pt\/site\/wp-content\/uploads\/2024\/05\/438158264_1106572077098304_8203679190876932776_n.jpg\" data-width=\"2000\" src=\"https:\/\/i2.wp.com\/navalremo.pt\/site\/wp-content\/uploads\/2024\/05\/438158264_1106572077098304_8203679190876932776_n.jpg?ssl=1\" data-amp-layout=\"responsive\" \/><\/figure><\/div><\/div><div data-carousel-extra='{\"blog_id\":1,\"permalink\":\"https:\\\/\\\/navalremo.pt\\\/site\\\/2024\\\/05\\\/27\\\/naval-remo-participou-no-campeonato-regional-de-velocidade-2023-2024\\\/\"}' class=\"tiled-gallery__row\"><div data-carousel-extra='{\"blog_id\":1,\"permalink\":\"https:\\\/\\\/navalremo.pt\\\/site\\\/2024\\\/05\\\/27\\\/naval-remo-participou-no-campeonato-regional-de-velocidade-2023-2024\\\/\"}' class=\"tiled-gallery__col\" style=\"flex-basis:100.00000%\"><figure class=\"tiled-gallery__item\"><img data-attachment-id=\"3179\" data-permalink=\"https:\/\/navalremo.pt\/site\/2024\/05\/27\/naval-remo-participou-no-campeonato-regional-de-velocidade-2023-2024\/438158971_1595995654517441_2877338800267957696_n\/\" data-orig-file=\"https:\/\/navalremo.pt\/site\/wp-content\/uploads\/2024\/05\/438158971_1595995654517441_2877338800267957696_n.jpg\" data-orig-size=\"2000,922\" data-comments-opened=\"0\" data-image-meta=\"{&quot;aperture&quot;:&quot;0&quot;,&quot;credit&quot;:&quot;&quot;,&quot;camera&quot;:&quot;&quot;,&quot;caption&quot;:&quot;&quot;,&quot;created_timestamp&quot;:&quot;0&quot;,&quot;copyright&quot;:&quot;&quot;,&quot;focal_length&quot;:&quot;0&quot;,&quot;iso&quot;:&quot;0&quot;,&quot;shutter_speed&quot;:&quot;0&quot;,&quot;title&quot;:&quot;&quot;,&quot;orientation&quot;:&quot;0&quot;}\" data-image-title=\"438158971_1595995654517441_2877338800267957696_n\" data-image-description=\"\" data-medium-file=\"https:\/\/navalremo.pt\/site\/wp-content\/uploads\/2024\/05\/438158971_1595995654517441_2877338800267957696_n-300x138.jpg\" data-large-file=\"https:\/\/navalremo.pt\/site\/wp-content\/uploads\/2024\/05\/438158971_1595995654517441_2877338800267957696_n-1024x472.jpg\" data-attachment-id=\"3179\" data-permalink=\"https:\/\/navalremo.pt\/site\/2024\/05\/27\/naval-remo-participou-no-campeonato-regional-de-velocidade-2023-2024\/438158971_1595995654517441_2877338800267957696_n\/\" data-orig-file=\"https:\/\/navalremo.pt\/site\/wp-content\/uploads\/2024\/05\/438158971_1595995654517441_2877338800267957696_n.jpg\" data-orig-size=\"2000,922\" data-comments-opened=\"0\" data-image-meta=\"{&quot;aperture&quot;:&quot;0&quot;,&quot;credit&quot;:&quot;&quot;,&quot;camera&quot;:&quot;&quot;,&quot;caption&quot;:&quot;&quot;,&quot;created_timestamp&quot;:&quot;0&quot;,&quot;copyright&quot;:&quot;&quot;,&quot;focal_length&quot;:&quot;0&quot;,&quot;iso&quot;:&quot;0&quot;,&quot;shutter_speed&quot;:&quot;0&quot;,&quot;title&quot;:&quot;&quot;,&quot;orientation&quot;:&quot;0&quot;}\" data-image-title=\"438158971_1595995654517441_2877338800267957696_n\" data-image-description=\"\" data-medium-file=\"https:\/\/navalremo.pt\/site\/wp-content\/uploads\/2024\/05\/438158971_1595995654517441_2877338800267957696_n-300x138.jpg\" data-large-file=\"https:\/\/navalremo.pt\/site\/wp-content\/uploads\/2024\/05\/438158971_1595995654517441_2877338800267957696_n-1024x472.jpg\" srcset=\"https:\/\/i1.wp.com\/navalremo.pt\/site\/wp-content\/uploads\/2024\/05\/438158971_1595995654517441_2877338800267957696_n.jpg?strip=info&#038;w=600&#038;ssl=1 600w,https:\/\/i1.wp.com\/navalremo.pt\/site\/wp-content\/uploads\/2024\/05\/438158971_1595995654517441_2877338800267957696_n.jpg?strip=info&#038;w=900&#038;ssl=1 900w,https:\/\/i1.wp.com\/navalremo.pt\/site\/wp-content\/uploads\/2024\/05\/438158971_1595995654517441_2877338800267957696_n.jpg?strip=info&#038;w=922&#038;ssl=1 922w\" alt=\"\" data-height=\"922\" data-id=\"3179\" data-link=\"https:\/\/navalremo.pt\/site\/?attachment_id=3179\" data-url=\"https:\/\/navalremo.pt\/site\/wp-content\/uploads\/2024\/05\/438158971_1595995654517441_2877338800267957696_n.jpg\" data-width=\"2000\" src=\"https:\/\/i1.wp.com\/navalremo.pt\/site\/wp-content\/uploads\/2024\/05\/438158971_1595995654517441_2877338800267957696_n.jpg?ssl=1\" data-amp-layout=\"responsive\" \/><\/figure><\/div><\/div><div data-carousel-extra='{\"blog_id\":1,\"permalink\":\"https:\\\/\\\/navalremo.pt\\\/site\\\/2024\\\/05\\\/27\\\/naval-remo-participou-no-campeonato-regional-de-velocidade-2023-2024\\\/\"}' class=\"tiled-gallery__row\"><div data-carousel-extra='{\"blog_id\":1,\"permalink\":\"https:\\\/\\\/navalremo.pt\\\/site\\\/2024\\\/05\\\/27\\\/naval-remo-participou-no-campeonato-regional-de-velocidade-2023-2024\\\/\"}' class=\"tiled-gallery__col\" style=\"flex-basis:100.00000%\"><figure class=\"tiled-gallery__item\"><img data-attachment-id=\"3180\" data-permalink=\"https:\/\/navalremo.pt\/site\/2024\/05\/27\/naval-remo-participou-no-campeonato-regional-de-velocidade-2023-2024\/438159005_724985009611342_2109499555862332560_n\/\" data-orig-file=\"https:\/\/navalremo.pt\/site\/wp-content\/uploads\/2024\/05\/438159005_724985009611342_2109499555862332560_n.jpg\" data-orig-size=\"2000,922\" data-comments-opened=\"0\" data-image-meta=\"{&quot;aperture&quot;:&quot;0&quot;,&quot;credit&quot;:&quot;&quot;,&quot;camera&quot;:&quot;&quot;,&quot;caption&quot;:&quot;&quot;,&quot;created_timestamp&quot;:&quot;0&quot;,&quot;copyright&quot;:&quot;&quot;,&quot;focal_length&quot;:&quot;0&quot;,&quot;iso&quot;:&quot;0&quot;,&quot;shutter_speed&quot;:&quot;0&quot;,&quot;title&quot;:&quot;&quot;,&quot;orientation&quot;:&quot;0&quot;}\" data-image-title=\"438159005_724985009611342_2109499555862332560_n\" data-image-description=\"\" data-medium-file=\"https:\/\/navalremo.pt\/site\/wp-content\/uploads\/2024\/05\/438159005_724985009611342_2109499555862332560_n-300x138.jpg\" data-large-file=\"https:\/\/navalremo.pt\/site\/wp-content\/uploads\/2024\/05\/438159005_724985009611342_2109499555862332560_n-1024x472.jpg\" data-attachment-id=\"3180\" data-permalink=\"https:\/\/navalremo.pt\/site\/2024\/05\/27\/naval-remo-participou-no-campeonato-regional-de-velocidade-2023-2024\/438159005_724985009611342_2109499555862332560_n\/\" data-orig-file=\"https:\/\/navalremo.pt\/site\/wp-content\/uploads\/2024\/05\/438159005_724985009611342_2109499555862332560_n.jpg\" data-orig-size=\"2000,922\" data-comments-opened=\"0\" data-image-meta=\"{&quot;aperture&quot;:&quot;0&quot;,&quot;credit&quot;:&quot;&quot;,&quot;camera&quot;:&quot;&quot;,&quot;caption&quot;:&quot;&quot;,&quot;created_timestamp&quot;:&quot;0&quot;,&quot;copyright&quot;:&quot;&quot;,&quot;focal_length&quot;:&quot;0&quot;,&quot;iso&quot;:&quot;0&quot;,&quot;shutter_speed&quot;:&quot;0&quot;,&quot;title&quot;:&quot;&quot;,&quot;orientation&quot;:&quot;0&quot;}\" data-image-title=\"438159005_724985009611342_2109499555862332560_n\" data-image-description=\"\" data-medium-file=\"https:\/\/navalremo.pt\/site\/wp-content\/uploads\/2024\/05\/438159005_724985009611342_2109499555862332560_n-300x138.jpg\" data-large-file=\"https:\/\/navalremo.pt\/site\/wp-content\/uploads\/2024\/05\/438159005_724985009611342_2109499555862332560_n-1024x472.jpg\" srcset=\"https:\/\/i2.wp.com\/navalremo.pt\/site\/wp-content\/uploads\/2024\/05\/438159005_724985009611342_2109499555862332560_n.jpg?strip=info&#038;w=600&#038;ssl=1 600w,https:\/\/i2.wp.com\/navalremo.pt\/site\/wp-content\/uploads\/2024\/05\/438159005_724985009611342_2109499555862332560_n.jpg?strip=info&#038;w=900&#038;ssl=1 900w,https:\/\/i2.wp.com\/navalremo.pt\/site\/wp-content\/uploads\/2024\/05\/438159005_724985009611342_2109499555862332560_n.jpg?strip=info&#038;w=922&#038;ssl=1 922w\" alt=\"\" data-height=\"922\" data-id=\"3180\" data-link=\"https:\/\/navalremo.pt\/site\/?attachment_id=3180\" data-url=\"https:\/\/navalremo.pt\/site\/wp-content\/uploads\/2024\/05\/438159005_724985009611342_2109499555862332560_n.jpg\" data-width=\"2000\" src=\"https:\/\/i2.wp.com\/navalremo.pt\/site\/wp-content\/uploads\/2024\/05\/438159005_724985009611342_2109499555862332560_n.jpg?ssl=1\" data-amp-layout=\"responsive\" \/><\/figure><\/div><\/div><div data-carousel-extra='{\"blog_id\":1,\"permalink\":\"https:\\\/\\\/navalremo.pt\\\/site\\\/2024\\\/05\\\/27\\\/naval-remo-participou-no-campeonato-regional-de-velocidade-2023-2024\\\/\"}' class=\"tiled-gallery__row\"><div data-carousel-extra='{\"blog_id\":1,\"permalink\":\"https:\\\/\\\/navalremo.pt\\\/site\\\/2024\\\/05\\\/27\\\/naval-remo-participou-no-campeonato-regional-de-velocidade-2023-2024\\\/\"}' class=\"tiled-gallery__col\" style=\"flex-basis:100.00000%\"><figure class=\"tiled-gallery__item\"><img data-attachment-id=\"3181\" data-permalink=\"https:\/\/navalremo.pt\/site\/2024\/05\/27\/naval-remo-participou-no-campeonato-regional-de-velocidade-2023-2024\/438171579_940908291149799_2574696403888328225_n\/\" data-orig-file=\"https:\/\/navalremo.pt\/site\/wp-content\/uploads\/2024\/05\/438171579_940908291149799_2574696403888328225_n.jpg\" data-orig-size=\"2000,922\" data-comments-opened=\"0\" data-image-meta=\"{&quot;aperture&quot;:&quot;0&quot;,&quot;credit&quot;:&quot;&quot;,&quot;camera&quot;:&quot;&quot;,&quot;caption&quot;:&quot;&quot;,&quot;created_timestamp&quot;:&quot;0&quot;,&quot;copyright&quot;:&quot;&quot;,&quot;focal_length&quot;:&quot;0&quot;,&quot;iso&quot;:&quot;0&quot;,&quot;shutter_speed&quot;:&quot;0&quot;,&quot;title&quot;:&quot;&quot;,&quot;orientation&quot;:&quot;0&quot;}\" data-image-title=\"438171579_940908291149799_2574696403888328225_n\" data-image-description=\"\" data-medium-file=\"https:\/\/navalremo.pt\/site\/wp-content\/uploads\/2024\/05\/438171579_940908291149799_2574696403888328225_n-300x138.jpg\" data-large-file=\"https:\/\/navalremo.pt\/site\/wp-content\/uploads\/2024\/05\/438171579_940908291149799_2574696403888328225_n-1024x472.jpg\" data-attachment-id=\"3181\" data-permalink=\"https:\/\/navalremo.pt\/site\/2024\/05\/27\/naval-remo-participou-no-campeonato-regional-de-velocidade-2023-2024\/438171579_940908291149799_2574696403888328225_n\/\" data-orig-file=\"https:\/\/navalremo.pt\/site\/wp-content\/uploads\/2024\/05\/438171579_940908291149799_2574696403888328225_n.jpg\" data-orig-size=\"2000,922\" data-comments-opened=\"0\" data-image-meta=\"{&quot;aperture&quot;:&quot;0&quot;,&quot;credit&quot;:&quot;&quot;,&quot;camera&quot;:&quot;&quot;,&quot;caption&quot;:&quot;&quot;,&quot;created_timestamp&quot;:&quot;0&quot;,&quot;copyright&quot;:&quot;&quot;,&quot;focal_length&quot;:&quot;0&quot;,&quot;iso&quot;:&quot;0&quot;,&quot;shutter_speed&quot;:&quot;0&quot;,&quot;title&quot;:&quot;&quot;,&quot;orientation&quot;:&quot;0&quot;}\" data-image-title=\"438171579_940908291149799_2574696403888328225_n\" data-image-description=\"\" data-medium-file=\"https:\/\/navalremo.pt\/site\/wp-content\/uploads\/2024\/05\/438171579_940908291149799_2574696403888328225_n-300x138.jpg\" data-large-file=\"https:\/\/navalremo.pt\/site\/wp-content\/uploads\/2024\/05\/438171579_940908291149799_2574696403888328225_n-1024x472.jpg\" srcset=\"https:\/\/i2.wp.com\/navalremo.pt\/site\/wp-content\/uploads\/2024\/05\/438171579_940908291149799_2574696403888328225_n.jpg?strip=info&#038;w=600&#038;ssl=1 600w,https:\/\/i2.wp.com\/navalremo.pt\/site\/wp-content\/uploads\/2024\/05\/438171579_940908291149799_2574696403888328225_n.jpg?strip=info&#038;w=900&#038;ssl=1 900w,https:\/\/i2.wp.com\/navalremo.pt\/site\/wp-content\/uploads\/2024\/05\/438171579_940908291149799_2574696403888328225_n.jpg?strip=info&#038;w=922&#038;ssl=1 922w\" alt=\"\" data-height=\"922\" data-id=\"3181\" data-link=\"https:\/\/navalremo.pt\/site\/?attachment_id=3181\" data-url=\"https:\/\/navalremo.pt\/site\/wp-content\/uploads\/2024\/05\/438171579_940908291149799_2574696403888328225_n.jpg\" data-width=\"2000\" src=\"https:\/\/i2.wp.com\/navalremo.pt\/site\/wp-content\/uploads\/2024\/05\/438171579_940908291149799_2574696403888328225_n.jpg?ssl=1\" data-amp-layout=\"responsive\" \/><\/figure><\/div><\/div><div data-carousel-extra='{\"blog_id\":1,\"permalink\":\"https:\\\/\\\/navalremo.pt\\\/site\\\/2024\\\/05\\\/27\\\/naval-remo-participou-no-campeonato-regional-de-velocidade-2023-2024\\\/\"}' class=\"tiled-gallery__row\"><div data-carousel-extra='{\"blog_id\":1,\"permalink\":\"https:\\\/\\\/navalremo.pt\\\/site\\\/2024\\\/05\\\/27\\\/naval-remo-participou-no-campeonato-regional-de-velocidade-2023-2024\\\/\"}' class=\"tiled-gallery__col\" style=\"flex-basis:100.00000%\"><figure class=\"tiled-gallery__item\"><img data-attachment-id=\"3182\" data-permalink=\"https:\/\/navalremo.pt\/site\/2024\/05\/27\/naval-remo-participou-no-campeonato-regional-de-velocidade-2023-2024\/438328785_1622193011970317_3393994017180305366_n\/\" data-orig-file=\"https:\/\/navalremo.pt\/site\/wp-content\/uploads\/2024\/05\/438328785_1622193011970317_3393994017180305366_n.jpg\" data-orig-size=\"2000,922\" data-comments-opened=\"0\" data-image-meta=\"{&quot;aperture&quot;:&quot;0&quot;,&quot;credit&quot;:&quot;&quot;,&quot;camera&quot;:&quot;&quot;,&quot;caption&quot;:&quot;&quot;,&quot;created_timestamp&quot;:&quot;0&quot;,&quot;copyright&quot;:&quot;&quot;,&quot;focal_length&quot;:&quot;0&quot;,&quot;iso&quot;:&quot;0&quot;,&quot;shutter_speed&quot;:&quot;0&quot;,&quot;title&quot;:&quot;&quot;,&quot;orientation&quot;:&quot;0&quot;}\" data-image-title=\"438328785_1622193011970317_3393994017180305366_n\" data-image-description=\"\" data-medium-file=\"https:\/\/navalremo.pt\/site\/wp-content\/uploads\/2024\/05\/438328785_1622193011970317_3393994017180305366_n-300x138.jpg\" data-large-file=\"https:\/\/navalremo.pt\/site\/wp-content\/uploads\/2024\/05\/438328785_1622193011970317_3393994017180305366_n-1024x472.jpg\" data-attachment-id=\"3182\" data-permalink=\"https:\/\/navalremo.pt\/site\/2024\/05\/27\/naval-remo-participou-no-campeonato-regional-de-velocidade-2023-2024\/438328785_1622193011970317_3393994017180305366_n\/\" data-orig-file=\"https:\/\/navalremo.pt\/site\/wp-content\/uploads\/2024\/05\/438328785_1622193011970317_3393994017180305366_n.jpg\" data-orig-size=\"2000,922\" data-comments-opened=\"0\" data-image-meta=\"{&quot;aperture&quot;:&quot;0&quot;,&quot;credit&quot;:&quot;&quot;,&quot;camera&quot;:&quot;&quot;,&quot;caption&quot;:&quot;&quot;,&quot;created_timestamp&quot;:&quot;0&quot;,&quot;copyright&quot;:&quot;&quot;,&quot;focal_length&quot;:&quot;0&quot;,&quot;iso&quot;:&quot;0&quot;,&quot;shutter_speed&quot;:&quot;0&quot;,&quot;title&quot;:&quot;&quot;,&quot;orientation&quot;:&quot;0&quot;}\" data-image-title=\"438328785_1622193011970317_3393994017180305366_n\" data-image-description=\"\" data-medium-file=\"https:\/\/navalremo.pt\/site\/wp-content\/uploads\/2024\/05\/438328785_1622193011970317_3393994017180305366_n-300x138.jpg\" data-large-file=\"https:\/\/navalremo.pt\/site\/wp-content\/uploads\/2024\/05\/438328785_1622193011970317_3393994017180305366_n-1024x472.jpg\" srcset=\"https:\/\/i1.wp.com\/navalremo.pt\/site\/wp-content\/uploads\/2024\/05\/438328785_1622193011970317_3393994017180305366_n.jpg?strip=info&#038;w=600&#038;ssl=1 600w,https:\/\/i1.wp.com\/navalremo.pt\/site\/wp-content\/uploads\/2024\/05\/438328785_1622193011970317_3393994017180305366_n.jpg?strip=info&#038;w=900&#038;ssl=1 900w,https:\/\/i1.wp.com\/navalremo.pt\/site\/wp-content\/uploads\/2024\/05\/438328785_1622193011970317_3393994017180305366_n.jpg?strip=info&#038;w=922&#038;ssl=1 922w\" alt=\"\" data-height=\"922\" data-id=\"3182\" data-link=\"https:\/\/navalremo.pt\/site\/?attachment_id=3182\" data-url=\"https:\/\/navalremo.pt\/site\/wp-content\/uploads\/2024\/05\/438328785_1622193011970317_3393994017180305366_n.jpg\" data-width=\"2000\" src=\"https:\/\/i1.wp.com\/navalremo.pt\/site\/wp-content\/uploads\/2024\/05\/438328785_1622193011970317_3393994017180305366_n.jpg?ssl=1\" data-amp-layout=\"responsive\" \/><\/figure><\/div><\/div><div data-carousel-extra='{\"blog_id\":1,\"permalink\":\"https:\\\/\\\/navalremo.pt\\\/site\\\/2024\\\/05\\\/27\\\/naval-remo-participou-no-campeonato-regional-de-velocidade-2023-2024\\\/\"}' class=\"tiled-gallery__row\"><div data-carousel-extra='{\"blog_id\":1,\"permalink\":\"https:\\\/\\\/navalremo.pt\\\/site\\\/2024\\\/05\\\/27\\\/naval-remo-participou-no-campeonato-regional-de-velocidade-2023-2024\\\/\"}' class=\"tiled-gallery__col\" style=\"flex-basis:100.00000%\"><figure class=\"tiled-gallery__item\"><img data-attachment-id=\"3183\" data-permalink=\"https:\/\/navalremo.pt\/site\/2024\/05\/27\/naval-remo-participou-no-campeonato-regional-de-velocidade-2023-2024\/439277901_3720169638236014_9052316915858387850_n\/\" data-orig-file=\"https:\/\/navalremo.pt\/site\/wp-content\/uploads\/2024\/05\/439277901_3720169638236014_9052316915858387850_n.jpg\" data-orig-size=\"2000,922\" data-comments-opened=\"0\" data-image-meta=\"{&quot;aperture&quot;:&quot;0&quot;,&quot;credit&quot;:&quot;&quot;,&quot;camera&quot;:&quot;&quot;,&quot;caption&quot;:&quot;&quot;,&quot;created_timestamp&quot;:&quot;0&quot;,&quot;copyright&quot;:&quot;&quot;,&quot;focal_length&quot;:&quot;0&quot;,&quot;iso&quot;:&quot;0&quot;,&quot;shutter_speed&quot;:&quot;0&quot;,&quot;title&quot;:&quot;&quot;,&quot;orientation&quot;:&quot;0&quot;}\" data-image-title=\"439277901_3720169638236014_9052316915858387850_n\" data-image-description=\"\" data-medium-file=\"https:\/\/navalremo.pt\/site\/wp-content\/uploads\/2024\/05\/439277901_3720169638236014_9052316915858387850_n-300x138.jpg\" data-large-file=\"https:\/\/navalremo.pt\/site\/wp-content\/uploads\/2024\/05\/439277901_3720169638236014_9052316915858387850_n-1024x472.jpg\" data-attachment-id=\"3183\" data-permalink=\"https:\/\/navalremo.pt\/site\/2024\/05\/27\/naval-remo-participou-no-campeonato-regional-de-velocidade-2023-2024\/439277901_3720169638236014_9052316915858387850_n\/\" data-orig-file=\"https:\/\/navalremo.pt\/site\/wp-content\/uploads\/2024\/05\/439277901_3720169638236014_9052316915858387850_n.jpg\" data-orig-size=\"2000,922\" data-comments-opened=\"0\" data-image-meta=\"{&quot;aperture&quot;:&quot;0&quot;,&quot;credit&quot;:&quot;&quot;,&quot;camera&quot;:&quot;&quot;,&quot;caption&quot;:&quot;&quot;,&quot;created_timestamp&quot;:&quot;0&quot;,&quot;copyright&quot;:&quot;&quot;,&quot;focal_length&quot;:&quot;0&quot;,&quot;iso&quot;:&quot;0&quot;,&quot;shutter_speed&quot;:&quot;0&quot;,&quot;title&quot;:&quot;&quot;,&quot;orientation&quot;:&quot;0&quot;}\" data-image-title=\"439277901_3720169638236014_9052316915858387850_n\" data-image-description=\"\" data-medium-file=\"https:\/\/navalremo.pt\/site\/wp-content\/uploads\/2024\/05\/439277901_3720169638236014_9052316915858387850_n-300x138.jpg\" data-large-file=\"https:\/\/navalremo.pt\/site\/wp-content\/uploads\/2024\/05\/439277901_3720169638236014_9052316915858387850_n-1024x472.jpg\" srcset=\"https:\/\/i0.wp.com\/navalremo.pt\/site\/wp-content\/uploads\/2024\/05\/439277901_3720169638236014_9052316915858387850_n.jpg?strip=info&#038;w=600&#038;ssl=1 600w,https:\/\/i0.wp.com\/navalremo.pt\/site\/wp-content\/uploads\/2024\/05\/439277901_3720169638236014_9052316915858387850_n.jpg?strip=info&#038;w=900&#038;ssl=1 900w,https:\/\/i0.wp.com\/navalremo.pt\/site\/wp-content\/uploads\/2024\/05\/439277901_3720169638236014_9052316915858387850_n.jpg?strip=info&#038;w=922&#038;ssl=1 922w\" alt=\"\" data-height=\"922\" data-id=\"3183\" data-link=\"https:\/\/navalremo.pt\/site\/?attachment_id=3183\" data-url=\"https:\/\/navalremo.pt\/site\/wp-content\/uploads\/2024\/05\/439277901_3720169638236014_9052316915858387850_n.jpg\" data-width=\"2000\" src=\"https:\/\/i0.wp.com\/navalremo.pt\/site\/wp-content\/uploads\/2024\/05\/439277901_3720169638236014_9052316915858387850_n.jpg?ssl=1\" data-amp-layout=\"responsive\" \/><\/figure><\/div><\/div><div data-carousel-extra='{\"blog_id\":1,\"permalink\":\"https:\\\/\\\/navalremo.pt\\\/site\\\/2024\\\/05\\\/27\\\/naval-remo-participou-no-campeonato-regional-de-velocidade-2023-2024\\\/\"}' class=\"tiled-gallery__row\"><div data-carousel-extra='{\"blog_id\":1,\"permalink\":\"https:\\\/\\\/navalremo.pt\\\/site\\\/2024\\\/05\\\/27\\\/naval-remo-participou-no-campeonato-regional-de-velocidade-2023-2024\\\/\"}' class=\"tiled-gallery__col\" style=\"flex-basis:100.00000%\"><figure class=\"tiled-gallery__item\"><img data-attachment-id=\"3184\" data-permalink=\"https:\/\/navalremo.pt\/site\/2024\/05\/27\/naval-remo-participou-no-campeonato-regional-de-velocidade-2023-2024\/440763175_1172782157085242_769154151846445888_n\/\" data-orig-file=\"https:\/\/navalremo.pt\/site\/wp-content\/uploads\/2024\/05\/440763175_1172782157085242_769154151846445888_n.jpg\" data-orig-size=\"2000,922\" data-comments-opened=\"0\" data-image-meta=\"{&quot;aperture&quot;:&quot;0&quot;,&quot;credit&quot;:&quot;&quot;,&quot;camera&quot;:&quot;&quot;,&quot;caption&quot;:&quot;&quot;,&quot;created_timestamp&quot;:&quot;0&quot;,&quot;copyright&quot;:&quot;&quot;,&quot;focal_length&quot;:&quot;0&quot;,&quot;iso&quot;:&quot;0&quot;,&quot;shutter_speed&quot;:&quot;0&quot;,&quot;title&quot;:&quot;&quot;,&quot;orientation&quot;:&quot;0&quot;}\" data-image-title=\"440763175_1172782157085242_769154151846445888_n\" data-image-description=\"\" data-medium-file=\"https:\/\/navalremo.pt\/site\/wp-content\/uploads\/2024\/05\/440763175_1172782157085242_769154151846445888_n-300x138.jpg\" data-large-file=\"https:\/\/navalremo.pt\/site\/wp-content\/uploads\/2024\/05\/440763175_1172782157085242_769154151846445888_n-1024x472.jpg\" data-attachment-id=\"3184\" data-permalink=\"https:\/\/navalremo.pt\/site\/2024\/05\/27\/naval-remo-participou-no-campeonato-regional-de-velocidade-2023-2024\/440763175_1172782157085242_769154151846445888_n\/\" data-orig-file=\"https:\/\/navalremo.pt\/site\/wp-content\/uploads\/2024\/05\/440763175_1172782157085242_769154151846445888_n.jpg\" data-orig-size=\"2000,922\" data-comments-opened=\"0\" data-image-meta=\"{&quot;aperture&quot;:&quot;0&quot;,&quot;credit&quot;:&quot;&quot;,&quot;camera&quot;:&quot;&quot;,&quot;caption&quot;:&quot;&quot;,&quot;created_timestamp&quot;:&quot;0&quot;,&quot;copyright&quot;:&quot;&quot;,&quot;focal_length&quot;:&quot;0&quot;,&quot;iso&quot;:&quot;0&quot;,&quot;shutter_speed&quot;:&quot;0&quot;,&quot;title&quot;:&quot;&quot;,&quot;orientation&quot;:&quot;0&quot;}\" data-image-title=\"440763175_1172782157085242_769154151846445888_n\" data-image-description=\"\" data-medium-file=\"https:\/\/navalremo.pt\/site\/wp-content\/uploads\/2024\/05\/440763175_1172782157085242_769154151846445888_n-300x138.jpg\" data-large-file=\"https:\/\/navalremo.pt\/site\/wp-content\/uploads\/2024\/05\/440763175_1172782157085242_769154151846445888_n-1024x472.jpg\" srcset=\"https:\/\/i1.wp.com\/navalremo.pt\/site\/wp-content\/uploads\/2024\/05\/440763175_1172782157085242_769154151846445888_n.jpg?strip=info&#038;w=600&#038;ssl=1 600w,https:\/\/i1.wp.com\/navalremo.pt\/site\/wp-content\/uploads\/2024\/05\/440763175_1172782157085242_769154151846445888_n.jpg?strip=info&#038;w=900&#038;ssl=1 900w,https:\/\/i1.wp.com\/navalremo.pt\/site\/wp-content\/uploads\/2024\/05\/440763175_1172782157085242_769154151846445888_n.jpg?strip=info&#038;w=922&#038;ssl=1 922w\" alt=\"\" data-height=\"922\" data-id=\"3184\" data-link=\"https:\/\/navalremo.pt\/site\/?attachment_id=3184\" data-url=\"https:\/\/navalremo.pt\/site\/wp-content\/uploads\/2024\/05\/440763175_1172782157085242_769154151846445888_n.jpg\" data-width=\"2000\" src=\"https:\/\/i1.wp.com\/navalremo.pt\/site\/wp-content\/uploads\/2024\/05\/440763175_1172782157085242_769154151846445888_n.jpg?ssl=1\" data-amp-layout=\"responsive\" \/><\/figure><\/div><\/div><div data-carousel-extra='{\"blog_id\":1,\"permalink\":\"https:\\\/\\\/navalremo.pt\\\/site\\\/2024\\\/05\\\/27\\\/naval-remo-participou-no-campeonato-regional-de-velocidade-2023-2024\\\/\"}' class=\"tiled-gallery__row\"><div data-carousel-extra='{\"blog_id\":1,\"permalink\":\"https:\\\/\\\/navalremo.pt\\\/site\\\/2024\\\/05\\\/27\\\/naval-remo-participou-no-campeonato-regional-de-velocidade-2023-2024\\\/\"}' class=\"tiled-gallery__col\" style=\"flex-basis:100.00000%\"><figure class=\"tiled-gallery__item\"><img data-attachment-id=\"3185\" data-permalink=\"https:\/\/navalremo.pt\/site\/2024\/05\/27\/naval-remo-participou-no-campeonato-regional-de-velocidade-2023-2024\/440850472_422143230800725_5257766909963419479_n\/\" data-orig-file=\"https:\/\/navalremo.pt\/site\/wp-content\/uploads\/2024\/05\/440850472_422143230800725_5257766909963419479_n.jpg\" data-orig-size=\"2000,922\" data-comments-opened=\"0\" data-image-meta=\"{&quot;aperture&quot;:&quot;0&quot;,&quot;credit&quot;:&quot;&quot;,&quot;camera&quot;:&quot;&quot;,&quot;caption&quot;:&quot;&quot;,&quot;created_timestamp&quot;:&quot;0&quot;,&quot;copyright&quot;:&quot;&quot;,&quot;focal_length&quot;:&quot;0&quot;,&quot;iso&quot;:&quot;0&quot;,&quot;shutter_speed&quot;:&quot;0&quot;,&quot;title&quot;:&quot;&quot;,&quot;orientation&quot;:&quot;0&quot;}\" data-image-title=\"440850472_422143230800725_5257766909963419479_n\" data-image-description=\"\" data-medium-file=\"https:\/\/navalremo.pt\/site\/wp-content\/uploads\/2024\/05\/440850472_422143230800725_5257766909963419479_n-300x138.jpg\" data-large-file=\"https:\/\/navalremo.pt\/site\/wp-content\/uploads\/2024\/05\/440850472_422143230800725_5257766909963419479_n-1024x472.jpg\" data-attachment-id=\"3185\" data-permalink=\"https:\/\/navalremo.pt\/site\/2024\/05\/27\/naval-remo-participou-no-campeonato-regional-de-velocidade-2023-2024\/440850472_422143230800725_5257766909963419479_n\/\" data-orig-file=\"https:\/\/navalremo.pt\/site\/wp-content\/uploads\/2024\/05\/440850472_422143230800725_5257766909963419479_n.jpg\" data-orig-size=\"2000,922\" data-comments-opened=\"0\" data-image-meta=\"{&quot;aperture&quot;:&quot;0&quot;,&quot;credit&quot;:&quot;&quot;,&quot;camera&quot;:&quot;&quot;,&quot;caption&quot;:&quot;&quot;,&quot;created_timestamp&quot;:&quot;0&quot;,&quot;copyright&quot;:&quot;&quot;,&quot;focal_length&quot;:&quot;0&quot;,&quot;iso&quot;:&quot;0&quot;,&quot;shutter_speed&quot;:&quot;0&quot;,&quot;title&quot;:&quot;&quot;,&quot;orientation&quot;:&quot;0&quot;}\" data-image-title=\"440850472_422143230800725_5257766909963419479_n\" data-image-description=\"\" data-medium-file=\"https:\/\/navalremo.pt\/site\/wp-content\/uploads\/2024\/05\/440850472_422143230800725_5257766909963419479_n-300x138.jpg\" data-large-file=\"https:\/\/navalremo.pt\/site\/wp-content\/uploads\/2024\/05\/440850472_422143230800725_5257766909963419479_n-1024x472.jpg\" srcset=\"https:\/\/i0.wp.com\/navalremo.pt\/site\/wp-content\/uploads\/2024\/05\/440850472_422143230800725_5257766909963419479_n.jpg?strip=info&#038;w=600&#038;ssl=1 600w,https:\/\/i0.wp.com\/navalremo.pt\/site\/wp-content\/uploads\/2024\/05\/440850472_422143230800725_5257766909963419479_n.jpg?strip=info&#038;w=900&#038;ssl=1 900w,https:\/\/i0.wp.com\/navalremo.pt\/site\/wp-content\/uploads\/2024\/05\/440850472_422143230800725_5257766909963419479_n.jpg?strip=info&#038;w=922&#038;ssl=1 922w\" alt=\"\" data-height=\"922\" data-id=\"3185\" data-link=\"https:\/\/navalremo.pt\/site\/?attachment_id=3185\" data-url=\"https:\/\/navalremo.pt\/site\/wp-content\/uploads\/2024\/05\/440850472_422143230800725_5257766909963419479_n.jpg\" data-width=\"2000\" src=\"https:\/\/i0.wp.com\/navalremo.pt\/site\/wp-content\/uploads\/2024\/05\/440850472_422143230800725_5257766909963419479_n.jpg?ssl=1\" data-amp-layout=\"responsive\" \/><\/figure><\/div><\/div><div data-carousel-extra='{\"blog_id\":1,\"permalink\":\"https:\\\/\\\/navalremo.pt\\\/site\\\/2024\\\/05\\\/27\\\/naval-remo-participou-no-campeonato-regional-de-velocidade-2023-2024\\\/\"}' class=\"tiled-gallery__row\"><div data-carousel-extra='{\"blog_id\":1,\"permalink\":\"https:\\\/\\\/navalremo.pt\\\/site\\\/2024\\\/05\\\/27\\\/naval-remo-participou-no-campeonato-regional-de-velocidade-2023-2024\\\/\"}' class=\"tiled-gallery__col\" style=\"flex-basis:100.00000%\"><figure class=\"tiled-gallery__item\"><img data-attachment-id=\"3186\" data-permalink=\"https:\/\/navalremo.pt\/site\/2024\/05\/27\/naval-remo-participou-no-campeonato-regional-de-velocidade-2023-2024\/441392418_769720311915189_7993174691576090393_n\/\" data-orig-file=\"https:\/\/navalremo.pt\/site\/wp-content\/uploads\/2024\/05\/441392418_769720311915189_7993174691576090393_n.jpg\" data-orig-size=\"2000,922\" data-comments-opened=\"0\" data-image-meta=\"{&quot;aperture&quot;:&quot;0&quot;,&quot;credit&quot;:&quot;&quot;,&quot;camera&quot;:&quot;&quot;,&quot;caption&quot;:&quot;&quot;,&quot;created_timestamp&quot;:&quot;0&quot;,&quot;copyright&quot;:&quot;&quot;,&quot;focal_length&quot;:&quot;0&quot;,&quot;iso&quot;:&quot;0&quot;,&quot;shutter_speed&quot;:&quot;0&quot;,&quot;title&quot;:&quot;&quot;,&quot;orientation&quot;:&quot;0&quot;}\" data-image-title=\"441392418_769720311915189_7993174691576090393_n\" data-image-description=\"\" data-medium-file=\"https:\/\/navalremo.pt\/site\/wp-content\/uploads\/2024\/05\/441392418_769720311915189_7993174691576090393_n-300x138.jpg\" data-large-file=\"https:\/\/navalremo.pt\/site\/wp-content\/uploads\/2024\/05\/441392418_769720311915189_7993174691576090393_n-1024x472.jpg\" data-attachment-id=\"3186\" data-permalink=\"https:\/\/navalremo.pt\/site\/2024\/05\/27\/naval-remo-participou-no-campeonato-regional-de-velocidade-2023-2024\/441392418_769720311915189_7993174691576090393_n\/\" data-orig-file=\"https:\/\/navalremo.pt\/site\/wp-content\/uploads\/2024\/05\/441392418_769720311915189_7993174691576090393_n.jpg\" data-orig-size=\"2000,922\" data-comments-opened=\"0\" data-image-meta=\"{&quot;aperture&quot;:&quot;0&quot;,&quot;credit&quot;:&quot;&quot;,&quot;camera&quot;:&quot;&quot;,&quot;caption&quot;:&quot;&quot;,&quot;created_timestamp&quot;:&quot;0&quot;,&quot;copyright&quot;:&quot;&quot;,&quot;focal_length&quot;:&quot;0&quot;,&quot;iso&quot;:&quot;0&quot;,&quot;shutter_speed&quot;:&quot;0&quot;,&quot;title&quot;:&quot;&quot;,&quot;orientation&quot;:&quot;0&quot;}\" data-image-title=\"441392418_769720311915189_7993174691576090393_n\" data-image-description=\"\" data-medium-file=\"https:\/\/navalremo.pt\/site\/wp-content\/uploads\/2024\/05\/441392418_769720311915189_7993174691576090393_n-300x138.jpg\" data-large-file=\"https:\/\/navalremo.pt\/site\/wp-content\/uploads\/2024\/05\/441392418_769720311915189_7993174691576090393_n-1024x472.jpg\" srcset=\"https:\/\/i2.wp.com\/navalremo.pt\/site\/wp-content\/uploads\/2024\/05\/441392418_769720311915189_7993174691576090393_n.jpg?strip=info&#038;w=600&#038;ssl=1 600w,https:\/\/i2.wp.com\/navalremo.pt\/site\/wp-content\/uploads\/2024\/05\/441392418_769720311915189_7993174691576090393_n.jpg?strip=info&#038;w=900&#038;ssl=1 900w,https:\/\/i2.wp.com\/navalremo.pt\/site\/wp-content\/uploads\/2024\/05\/441392418_769720311915189_7993174691576090393_n.jpg?strip=info&#038;w=922&#038;ssl=1 922w\" alt=\"\" data-height=\"922\" data-id=\"3186\" data-link=\"https:\/\/navalremo.pt\/site\/?attachment_id=3186\" data-url=\"https:\/\/navalremo.pt\/site\/wp-content\/uploads\/2024\/05\/441392418_769720311915189_7993174691576090393_n.jpg\" data-width=\"2000\" src=\"https:\/\/i2.wp.com\/navalremo.pt\/site\/wp-content\/uploads\/2024\/05\/441392418_769720311915189_7993174691576090393_n.jpg?ssl=1\" data-amp-layout=\"responsive\" \/><\/figure><\/div><\/div><div data-carousel-extra='{\"blog_id\":1,\"permalink\":\"https:\\\/\\\/navalremo.pt\\\/site\\\/2024\\\/05\\\/27\\\/naval-remo-participou-no-campeonato-regional-de-velocidade-2023-2024\\\/\"}' class=\"tiled-gallery__row\"><div data-carousel-extra='{\"blog_id\":1,\"permalink\":\"https:\\\/\\\/navalremo.pt\\\/site\\\/2024\\\/05\\\/27\\\/naval-remo-participou-no-campeonato-regional-de-velocidade-2023-2024\\\/\"}' class=\"tiled-gallery__col\" style=\"flex-basis:100.00000%\"><figure class=\"tiled-gallery__item\"><img data-attachment-id=\"3187\" data-permalink=\"https:\/\/navalremo.pt\/site\/2024\/05\/27\/naval-remo-participou-no-campeonato-regional-de-velocidade-2023-2024\/441426841_461308993054776_1096423905222661168_n\/\" data-orig-file=\"https:\/\/navalremo.pt\/site\/wp-content\/uploads\/2024\/05\/441426841_461308993054776_1096423905222661168_n.jpg\" data-orig-size=\"2000,922\" data-comments-opened=\"0\" data-image-meta=\"{&quot;aperture&quot;:&quot;0&quot;,&quot;credit&quot;:&quot;&quot;,&quot;camera&quot;:&quot;&quot;,&quot;caption&quot;:&quot;&quot;,&quot;created_timestamp&quot;:&quot;0&quot;,&quot;copyright&quot;:&quot;&quot;,&quot;focal_length&quot;:&quot;0&quot;,&quot;iso&quot;:&quot;0&quot;,&quot;shutter_speed&quot;:&quot;0&quot;,&quot;title&quot;:&quot;&quot;,&quot;orientation&quot;:&quot;0&quot;}\" data-image-title=\"441426841_461308993054776_1096423905222661168_n\" data-image-description=\"\" data-medium-file=\"https:\/\/navalremo.pt\/site\/wp-content\/uploads\/2024\/05\/441426841_461308993054776_1096423905222661168_n-300x138.jpg\" data-large-file=\"https:\/\/navalremo.pt\/site\/wp-content\/uploads\/2024\/05\/441426841_461308993054776_1096423905222661168_n-1024x472.jpg\" data-attachment-id=\"3187\" data-permalink=\"https:\/\/navalremo.pt\/site\/2024\/05\/27\/naval-remo-participou-no-campeonato-regional-de-velocidade-2023-2024\/441426841_461308993054776_1096423905222661168_n\/\" data-orig-file=\"https:\/\/navalremo.pt\/site\/wp-content\/uploads\/2024\/05\/441426841_461308993054776_1096423905222661168_n.jpg\" data-orig-size=\"2000,922\" data-comments-opened=\"0\" data-image-meta=\"{&quot;aperture&quot;:&quot;0&quot;,&quot;credit&quot;:&quot;&quot;,&quot;camera&quot;:&quot;&quot;,&quot;caption&quot;:&quot;&quot;,&quot;created_timestamp&quot;:&quot;0&quot;,&quot;copyright&quot;:&quot;&quot;,&quot;focal_length&quot;:&quot;0&quot;,&quot;iso&quot;:&quot;0&quot;,&quot;shutter_speed&quot;:&quot;0&quot;,&quot;title&quot;:&quot;&quot;,&quot;orientation&quot;:&quot;0&quot;}\" data-image-title=\"441426841_461308993054776_1096423905222661168_n\" data-image-description=\"\" data-medium-file=\"https:\/\/navalremo.pt\/site\/wp-content\/uploads\/2024\/05\/441426841_461308993054776_1096423905222661168_n-300x138.jpg\" data-large-file=\"https:\/\/navalremo.pt\/site\/wp-content\/uploads\/2024\/05\/441426841_461308993054776_1096423905222661168_n-1024x472.jpg\" srcset=\"https:\/\/i0.wp.com\/navalremo.pt\/site\/wp-content\/uploads\/2024\/05\/441426841_461308993054776_1096423905222661168_n.jpg?strip=info&#038;w=600&#038;ssl=1 600w,https:\/\/i0.wp.com\/navalremo.pt\/site\/wp-content\/uploads\/2024\/05\/441426841_461308993054776_1096423905222661168_n.jpg?strip=info&#038;w=900&#038;ssl=1 900w,https:\/\/i0.wp.com\/navalremo.pt\/site\/wp-content\/uploads\/2024\/05\/441426841_461308993054776_1096423905222661168_n.jpg?strip=info&#038;w=922&#038;ssl=1 922w\" alt=\"\" data-height=\"922\" data-id=\"3187\" data-link=\"https:\/\/navalremo.pt\/site\/?attachment_id=3187\" data-url=\"https:\/\/navalremo.pt\/site\/wp-content\/uploads\/2024\/05\/441426841_461308993054776_1096423905222661168_n.jpg\" data-width=\"2000\" src=\"https:\/\/i0.wp.com\/navalremo.pt\/site\/wp-content\/uploads\/2024\/05\/441426841_461308993054776_1096423905222661168_n.jpg?ssl=1\" data-amp-layout=\"responsive\" \/><\/figure><\/div><\/div><div data-carousel-extra='{\"blog_id\":1,\"permalink\":\"https:\\\/\\\/navalremo.pt\\\/site\\\/2024\\\/05\\\/27\\\/naval-remo-participou-no-campeonato-regional-de-velocidade-2023-2024\\\/\"}' class=\"tiled-gallery__row\"><div data-carousel-extra='{\"blog_id\":1,\"permalink\":\"https:\\\/\\\/navalremo.pt\\\/site\\\/2024\\\/05\\\/27\\\/naval-remo-participou-no-campeonato-regional-de-velocidade-2023-2024\\\/\"}' class=\"tiled-gallery__col\" style=\"flex-basis:100.00000%\"><figure class=\"tiled-gallery__item\"><img data-attachment-id=\"3188\" data-permalink=\"https:\/\/navalremo.pt\/site\/2024\/05\/27\/naval-remo-participou-no-campeonato-regional-de-velocidade-2023-2024\/441451138_782183624016441_855694694390024397_n\/\" data-orig-file=\"https:\/\/navalremo.pt\/site\/wp-content\/uploads\/2024\/05\/441451138_782183624016441_855694694390024397_n.jpg\" data-orig-size=\"2000,922\" data-comments-opened=\"0\" data-image-meta=\"{&quot;aperture&quot;:&quot;0&quot;,&quot;credit&quot;:&quot;&quot;,&quot;camera&quot;:&quot;&quot;,&quot;caption&quot;:&quot;&quot;,&quot;created_timestamp&quot;:&quot;0&quot;,&quot;copyright&quot;:&quot;&quot;,&quot;focal_length&quot;:&quot;0&quot;,&quot;iso&quot;:&quot;0&quot;,&quot;shutter_speed&quot;:&quot;0&quot;,&quot;title&quot;:&quot;&quot;,&quot;orientation&quot;:&quot;0&quot;}\" data-image-title=\"441451138_782183624016441_855694694390024397_n\" data-image-description=\"\" data-medium-file=\"https:\/\/navalremo.pt\/site\/wp-content\/uploads\/2024\/05\/441451138_782183624016441_855694694390024397_n-300x138.jpg\" data-large-file=\"https:\/\/navalremo.pt\/site\/wp-content\/uploads\/2024\/05\/441451138_782183624016441_855694694390024397_n-1024x472.jpg\" data-attachment-id=\"3188\" data-permalink=\"https:\/\/navalremo.pt\/site\/2024\/05\/27\/naval-remo-participou-no-campeonato-regional-de-velocidade-2023-2024\/441451138_782183624016441_855694694390024397_n\/\" data-orig-file=\"https:\/\/navalremo.pt\/site\/wp-content\/uploads\/2024\/05\/441451138_782183624016441_855694694390024397_n.jpg\" data-orig-size=\"2000,922\" data-comments-opened=\"0\" data-image-meta=\"{&quot;aperture&quot;:&quot;0&quot;,&quot;credit&quot;:&quot;&quot;,&quot;camera&quot;:&quot;&quot;,&quot;caption&quot;:&quot;&quot;,&quot;created_timestamp&quot;:&quot;0&quot;,&quot;copyright&quot;:&quot;&quot;,&quot;focal_length&quot;:&quot;0&quot;,&quot;iso&quot;:&quot;0&quot;,&quot;shutter_speed&quot;:&quot;0&quot;,&quot;title&quot;:&quot;&quot;,&quot;orientation&quot;:&quot;0&quot;}\" data-image-title=\"441451138_782183624016441_855694694390024397_n\" data-image-description=\"\" data-medium-file=\"https:\/\/navalremo.pt\/site\/wp-content\/uploads\/2024\/05\/441451138_782183624016441_855694694390024397_n-300x138.jpg\" data-large-file=\"https:\/\/navalremo.pt\/site\/wp-content\/uploads\/2024\/05\/441451138_782183624016441_855694694390024397_n-1024x472.jpg\" srcset=\"https:\/\/i1.wp.com\/navalremo.pt\/site\/wp-content\/uploads\/2024\/05\/441451138_782183624016441_855694694390024397_n.jpg?strip=info&#038;w=600&#038;ssl=1 600w,https:\/\/i1.wp.com\/navalremo.pt\/site\/wp-content\/uploads\/2024\/05\/441451138_782183624016441_855694694390024397_n.jpg?strip=info&#038;w=900&#038;ssl=1 900w,https:\/\/i1.wp.com\/navalremo.pt\/site\/wp-content\/uploads\/2024\/05\/441451138_782183624016441_855694694390024397_n.jpg?strip=info&#038;w=922&#038;ssl=1 922w\" alt=\"\" data-height=\"922\" data-id=\"3188\" data-link=\"https:\/\/navalremo.pt\/site\/?attachment_id=3188\" data-url=\"https:\/\/navalremo.pt\/site\/wp-content\/uploads\/2024\/05\/441451138_782183624016441_855694694390024397_n.jpg\" data-width=\"2000\" src=\"https:\/\/i1.wp.com\/navalremo.pt\/site\/wp-content\/uploads\/2024\/05\/441451138_782183624016441_855694694390024397_n.jpg?ssl=1\" data-amp-layout=\"responsive\" \/><\/figure><\/div><\/div><div data-carousel-extra='{\"blog_id\":1,\"permalink\":\"https:\\\/\\\/navalremo.pt\\\/site\\\/2024\\\/05\\\/27\\\/naval-remo-participou-no-campeonato-regional-de-velocidade-2023-2024\\\/\"}' class=\"tiled-gallery__row\"><div data-carousel-extra='{\"blog_id\":1,\"permalink\":\"https:\\\/\\\/navalremo.pt\\\/site\\\/2024\\\/05\\\/27\\\/naval-remo-participou-no-campeonato-regional-de-velocidade-2023-2024\\\/\"}' class=\"tiled-gallery__col\" style=\"flex-basis:100.00000%\"><figure class=\"tiled-gallery__item\"><img data-attachment-id=\"3189\" data-permalink=\"https:\/\/navalremo.pt\/site\/2024\/05\/27\/naval-remo-participou-no-campeonato-regional-de-velocidade-2023-2024\/441507710_1386187472053435_3576955539600786088_n\/\" data-orig-file=\"https:\/\/navalremo.pt\/site\/wp-content\/uploads\/2024\/05\/441507710_1386187472053435_3576955539600786088_n.jpg\" data-orig-size=\"2000,922\" data-comments-opened=\"0\" data-image-meta=\"{&quot;aperture&quot;:&quot;0&quot;,&quot;credit&quot;:&quot;&quot;,&quot;camera&quot;:&quot;&quot;,&quot;caption&quot;:&quot;&quot;,&quot;created_timestamp&quot;:&quot;0&quot;,&quot;copyright&quot;:&quot;&quot;,&quot;focal_length&quot;:&quot;0&quot;,&quot;iso&quot;:&quot;0&quot;,&quot;shutter_speed&quot;:&quot;0&quot;,&quot;title&quot;:&quot;&quot;,&quot;orientation&quot;:&quot;0&quot;}\" data-image-title=\"441507710_1386187472053435_3576955539600786088_n\" data-image-description=\"\" data-medium-file=\"https:\/\/navalremo.pt\/site\/wp-content\/uploads\/2024\/05\/441507710_1386187472053435_3576955539600786088_n-300x138.jpg\" data-large-file=\"https:\/\/navalremo.pt\/site\/wp-content\/uploads\/2024\/05\/441507710_1386187472053435_3576955539600786088_n-1024x472.jpg\" data-attachment-id=\"3189\" data-permalink=\"https:\/\/navalremo.pt\/site\/2024\/05\/27\/naval-remo-participou-no-campeonato-regional-de-velocidade-2023-2024\/441507710_1386187472053435_3576955539600786088_n\/\" data-orig-file=\"https:\/\/navalremo.pt\/site\/wp-content\/uploads\/2024\/05\/441507710_1386187472053435_3576955539600786088_n.jpg\" data-orig-size=\"2000,922\" data-comments-opened=\"0\" data-image-meta=\"{&quot;aperture&quot;:&quot;0&quot;,&quot;credit&quot;:&quot;&quot;,&quot;camera&quot;:&quot;&quot;,&quot;caption&quot;:&quot;&quot;,&quot;created_timestamp&quot;:&quot;0&quot;,&quot;copyright&quot;:&quot;&quot;,&quot;focal_length&quot;:&quot;0&quot;,&quot;iso&quot;:&quot;0&quot;,&quot;shutter_speed&quot;:&quot;0&quot;,&quot;title&quot;:&quot;&quot;,&quot;orientation&quot;:&quot;0&quot;}\" data-image-title=\"441507710_1386187472053435_3576955539600786088_n\" data-image-description=\"\" data-medium-file=\"https:\/\/navalremo.pt\/site\/wp-content\/uploads\/2024\/05\/441507710_1386187472053435_3576955539600786088_n-300x138.jpg\" data-large-file=\"https:\/\/navalremo.pt\/site\/wp-content\/uploads\/2024\/05\/441507710_1386187472053435_3576955539600786088_n-1024x472.jpg\" srcset=\"https:\/\/i0.wp.com\/navalremo.pt\/site\/wp-content\/uploads\/2024\/05\/441507710_1386187472053435_3576955539600786088_n.jpg?strip=info&#038;w=600&#038;ssl=1 600w,https:\/\/i0.wp.com\/navalremo.pt\/site\/wp-content\/uploads\/2024\/05\/441507710_1386187472053435_3576955539600786088_n.jpg?strip=info&#038;w=900&#038;ssl=1 900w,https:\/\/i0.wp.com\/navalremo.pt\/site\/wp-content\/uploads\/2024\/05\/441507710_1386187472053435_3576955539600786088_n.jpg?strip=info&#038;w=922&#038;ssl=1 922w\" alt=\"\" data-height=\"922\" data-id=\"3189\" data-link=\"https:\/\/navalremo.pt\/site\/?attachment_id=3189\" data-url=\"https:\/\/navalremo.pt\/site\/wp-content\/uploads\/2024\/05\/441507710_1386187472053435_3576955539600786088_n.jpg\" data-width=\"2000\" src=\"https:\/\/i0.wp.com\/navalremo.pt\/site\/wp-content\/uploads\/2024\/05\/441507710_1386187472053435_3576955539600786088_n.jpg?ssl=1\" data-amp-layout=\"responsive\" \/><\/figure><\/div><\/div><div data-carousel-extra='{\"blog_id\":1,\"permalink\":\"https:\\\/\\\/navalremo.pt\\\/site\\\/2024\\\/05\\\/27\\\/naval-remo-participou-no-campeonato-regional-de-velocidade-2023-2024\\\/\"}' class=\"tiled-gallery__row\"><div data-carousel-extra='{\"blog_id\":1,\"permalink\":\"https:\\\/\\\/navalremo.pt\\\/site\\\/2024\\\/05\\\/27\\\/naval-remo-participou-no-campeonato-regional-de-velocidade-2023-2024\\\/\"}' class=\"tiled-gallery__col\" style=\"flex-basis:100.00000%\"><figure class=\"tiled-gallery__item\"><img data-attachment-id=\"3190\" data-permalink=\"https:\/\/navalremo.pt\/site\/2024\/05\/27\/naval-remo-participou-no-campeonato-regional-de-velocidade-2023-2024\/441906796_1158474925300358_4074324849047271570_n\/\" data-orig-file=\"https:\/\/navalremo.pt\/site\/wp-content\/uploads\/2024\/05\/441906796_1158474925300358_4074324849047271570_n.jpg\" data-orig-size=\"2000,922\" data-comments-opened=\"0\" data-image-meta=\"{&quot;aperture&quot;:&quot;0&quot;,&quot;credit&quot;:&quot;&quot;,&quot;camera&quot;:&quot;&quot;,&quot;caption&quot;:&quot;&quot;,&quot;created_timestamp&quot;:&quot;0&quot;,&quot;copyright&quot;:&quot;&quot;,&quot;focal_length&quot;:&quot;0&quot;,&quot;iso&quot;:&quot;0&quot;,&quot;shutter_speed&quot;:&quot;0&quot;,&quot;title&quot;:&quot;&quot;,&quot;orientation&quot;:&quot;0&quot;}\" data-image-title=\"441906796_1158474925300358_4074324849047271570_n\" data-image-description=\"\" data-medium-file=\"https:\/\/navalremo.pt\/site\/wp-content\/uploads\/2024\/05\/441906796_1158474925300358_4074324849047271570_n-300x138.jpg\" data-large-file=\"https:\/\/navalremo.pt\/site\/wp-content\/uploads\/2024\/05\/441906796_1158474925300358_4074324849047271570_n-1024x472.jpg\" data-attachment-id=\"3190\" data-permalink=\"https:\/\/navalremo.pt\/site\/2024\/05\/27\/naval-remo-participou-no-campeonato-regional-de-velocidade-2023-2024\/441906796_1158474925300358_4074324849047271570_n\/\" data-orig-file=\"https:\/\/navalremo.pt\/site\/wp-content\/uploads\/2024\/05\/441906796_1158474925300358_4074324849047271570_n.jpg\" data-orig-size=\"2000,922\" data-comments-opened=\"0\" data-image-meta=\"{&quot;aperture&quot;:&quot;0&quot;,&quot;credit&quot;:&quot;&quot;,&quot;camera&quot;:&quot;&quot;,&quot;caption&quot;:&quot;&quot;,&quot;created_timestamp&quot;:&quot;0&quot;,&quot;copyright&quot;:&quot;&quot;,&quot;focal_length&quot;:&quot;0&quot;,&quot;iso&quot;:&quot;0&quot;,&quot;shutter_speed&quot;:&quot;0&quot;,&quot;title&quot;:&quot;&quot;,&quot;orientation&quot;:&quot;0&quot;}\" data-image-title=\"441906796_1158474925300358_4074324849047271570_n\" data-image-description=\"\" data-medium-file=\"https:\/\/navalremo.pt\/site\/wp-content\/uploads\/2024\/05\/441906796_1158474925300358_4074324849047271570_n-300x138.jpg\" data-large-file=\"https:\/\/navalremo.pt\/site\/wp-content\/uploads\/2024\/05\/441906796_1158474925300358_4074324849047271570_n-1024x472.jpg\" srcset=\"https:\/\/i0.wp.com\/navalremo.pt\/site\/wp-content\/uploads\/2024\/05\/441906796_1158474925300358_4074324849047271570_n.jpg?strip=info&#038;w=600&#038;ssl=1 600w,https:\/\/i0.wp.com\/navalremo.pt\/site\/wp-content\/uploads\/2024\/05\/441906796_1158474925300358_4074324849047271570_n.jpg?strip=info&#038;w=900&#038;ssl=1 900w,https:\/\/i0.wp.com\/navalremo.pt\/site\/wp-content\/uploads\/2024\/05\/441906796_1158474925300358_4074324849047271570_n.jpg?strip=info&#038;w=922&#038;ssl=1 922w\" alt=\"\" data-height=\"922\" data-id=\"3190\" data-link=\"https:\/\/navalremo.pt\/site\/?attachment_id=3190\" data-url=\"https:\/\/navalremo.pt\/site\/wp-content\/uploads\/2024\/05\/441906796_1158474925300358_4074324849047271570_n.jpg\" data-width=\"2000\" src=\"https:\/\/i0.wp.com\/navalremo.pt\/site\/wp-content\/uploads\/2024\/05\/441906796_1158474925300358_4074324849047271570_n.jpg?ssl=1\" data-amp-layout=\"responsive\" \/><\/figure><\/div><\/div><div data-carousel-extra='{\"blog_id\":1,\"permalink\":\"https:\\\/\\\/navalremo.pt\\\/site\\\/2024\\\/05\\\/27\\\/naval-remo-participou-no-campeonato-regional-de-velocidade-2023-2024\\\/\"}' class=\"tiled-gallery__row\"><div data-carousel-extra='{\"blog_id\":1,\"permalink\":\"https:\\\/\\\/navalremo.pt\\\/site\\\/2024\\\/05\\\/27\\\/naval-remo-participou-no-campeonato-regional-de-velocidade-2023-2024\\\/\"}' class=\"tiled-gallery__col\" style=\"flex-basis:100.00000%\"><figure class=\"tiled-gallery__item\"><img data-attachment-id=\"3191\" data-permalink=\"https:\/\/navalremo.pt\/site\/2024\/05\/27\/naval-remo-participou-no-campeonato-regional-de-velocidade-2023-2024\/441924877_1092294901842005_9160511091924014455_n\/\" data-orig-file=\"https:\/\/navalremo.pt\/site\/wp-content\/uploads\/2024\/05\/441924877_1092294901842005_9160511091924014455_n.jpg\" data-orig-size=\"2000,922\" data-comments-opened=\"0\" data-image-meta=\"{&quot;aperture&quot;:&quot;0&quot;,&quot;credit&quot;:&quot;&quot;,&quot;camera&quot;:&quot;&quot;,&quot;caption&quot;:&quot;&quot;,&quot;created_timestamp&quot;:&quot;0&quot;,&quot;copyright&quot;:&quot;&quot;,&quot;focal_length&quot;:&quot;0&quot;,&quot;iso&quot;:&quot;0&quot;,&quot;shutter_speed&quot;:&quot;0&quot;,&quot;title&quot;:&quot;&quot;,&quot;orientation&quot;:&quot;0&quot;}\" data-image-title=\"441924877_1092294901842005_9160511091924014455_n\" data-image-description=\"\" data-medium-file=\"https:\/\/navalremo.pt\/site\/wp-content\/uploads\/2024\/05\/441924877_1092294901842005_9160511091924014455_n-300x138.jpg\" data-large-file=\"https:\/\/navalremo.pt\/site\/wp-content\/uploads\/2024\/05\/441924877_1092294901842005_9160511091924014455_n-1024x472.jpg\" data-attachment-id=\"3191\" data-permalink=\"https:\/\/navalremo.pt\/site\/2024\/05\/27\/naval-remo-participou-no-campeonato-regional-de-velocidade-2023-2024\/441924877_1092294901842005_9160511091924014455_n\/\" data-orig-file=\"https:\/\/navalremo.pt\/site\/wp-content\/uploads\/2024\/05\/441924877_1092294901842005_9160511091924014455_n.jpg\" data-orig-size=\"2000,922\" data-comments-opened=\"0\" data-image-meta=\"{&quot;aperture&quot;:&quot;0&quot;,&quot;credit&quot;:&quot;&quot;,&quot;camera&quot;:&quot;&quot;,&quot;caption&quot;:&quot;&quot;,&quot;created_timestamp&quot;:&quot;0&quot;,&quot;copyright&quot;:&quot;&quot;,&quot;focal_length&quot;:&quot;0&quot;,&quot;iso&quot;:&quot;0&quot;,&quot;shutter_speed&quot;:&quot;0&quot;,&quot;title&quot;:&quot;&quot;,&quot;orientation&quot;:&quot;0&quot;}\" data-image-title=\"441924877_1092294901842005_9160511091924014455_n\" data-image-description=\"\" data-medium-file=\"https:\/\/navalremo.pt\/site\/wp-content\/uploads\/2024\/05\/441924877_1092294901842005_9160511091924014455_n-300x138.jpg\" data-large-file=\"https:\/\/navalremo.pt\/site\/wp-content\/uploads\/2024\/05\/441924877_1092294901842005_9160511091924014455_n-1024x472.jpg\" srcset=\"https:\/\/i0.wp.com\/navalremo.pt\/site\/wp-content\/uploads\/2024\/05\/441924877_1092294901842005_9160511091924014455_n.jpg?strip=info&#038;w=600&#038;ssl=1 600w,https:\/\/i0.wp.com\/navalremo.pt\/site\/wp-content\/uploads\/2024\/05\/441924877_1092294901842005_9160511091924014455_n.jpg?strip=info&#038;w=900&#038;ssl=1 900w,https:\/\/i0.wp.com\/navalremo.pt\/site\/wp-content\/uploads\/2024\/05\/441924877_1092294901842005_9160511091924014455_n.jpg?strip=info&#038;w=922&#038;ssl=1 922w\" alt=\"\" data-height=\"922\" data-id=\"3191\" data-link=\"https:\/\/navalremo.pt\/site\/?attachment_id=3191\" data-url=\"https:\/\/navalremo.pt\/site\/wp-content\/uploads\/2024\/05\/441924877_1092294901842005_9160511091924014455_n.jpg\" data-width=\"2000\" src=\"https:\/\/i0.wp.com\/navalremo.pt\/site\/wp-content\/uploads\/2024\/05\/441924877_1092294901842005_9160511091924014455_n.jpg?ssl=1\" data-amp-layout=\"responsive\" \/><\/figure><\/div><\/div><div data-carousel-extra='{\"blog_id\":1,\"permalink\":\"https:\\\/\\\/navalremo.pt\\\/site\\\/2024\\\/05\\\/27\\\/naval-remo-participou-no-campeonato-regional-de-velocidade-2023-2024\\\/\"}' class=\"tiled-gallery__row\"><div data-carousel-extra='{\"blog_id\":1,\"permalink\":\"https:\\\/\\\/navalremo.pt\\\/site\\\/2024\\\/05\\\/27\\\/naval-remo-participou-no-campeonato-regional-de-velocidade-2023-2024\\\/\"}' class=\"tiled-gallery__col\" style=\"flex-basis:100.00000%\"><figure class=\"tiled-gallery__item\"><img data-attachment-id=\"3192\" data-permalink=\"https:\/\/navalremo.pt\/site\/2024\/05\/27\/naval-remo-participou-no-campeonato-regional-de-velocidade-2023-2024\/whatsapp-image-2024-05-27-at-21-10-45\/\" data-orig-file=\"https:\/\/navalremo.pt\/site\/wp-content\/uploads\/2024\/05\/WhatsApp-Image-2024-05-27-at-21.10.45.jpeg\" data-orig-size=\"1600,1066\" data-comments-opened=\"0\" data-image-meta=\"{&quot;aperture&quot;:&quot;0&quot;,&quot;credit&quot;:&quot;&quot;,&quot;camera&quot;:&quot;&quot;,&quot;caption&quot;:&quot;&quot;,&quot;created_timestamp&quot;:&quot;0&quot;,&quot;copyright&quot;:&quot;&quot;,&quot;focal_length&quot;:&quot;0&quot;,&quot;iso&quot;:&quot;0&quot;,&quot;shutter_speed&quot;:&quot;0&quot;,&quot;title&quot;:&quot;&quot;,&quot;orientation&quot;:&quot;0&quot;}\" data-image-title=\"WhatsApp-Image-2024-05-27-at-21.10.45\" data-image-description=\"\" data-medium-file=\"https:\/\/navalremo.pt\/site\/wp-content\/uploads\/2024\/05\/WhatsApp-Image-2024-05-27-at-21.10.45-300x200.jpeg\" data-large-file=\"https:\/\/navalremo.pt\/site\/wp-content\/uploads\/2024\/05\/WhatsApp-Image-2024-05-27-at-21.10.45-1024x682.jpeg\" data-attachment-id=\"3192\" data-permalink=\"https:\/\/navalremo.pt\/site\/2024\/05\/27\/naval-remo-participou-no-campeonato-regional-de-velocidade-2023-2024\/whatsapp-image-2024-05-27-at-21-10-45\/\" data-orig-file=\"https:\/\/navalremo.pt\/site\/wp-content\/uploads\/2024\/05\/WhatsApp-Image-2024-05-27-at-21.10.45.jpeg\" data-orig-size=\"1600,1066\" data-comments-opened=\"0\" data-image-meta=\"{&quot;aperture&quot;:&quot;0&quot;,&quot;credit&quot;:&quot;&quot;,&quot;camera&quot;:&quot;&quot;,&quot;caption&quot;:&quot;&quot;,&quot;created_timestamp&quot;:&quot;0&quot;,&quot;copyright&quot;:&quot;&quot;,&quot;focal_length&quot;:&quot;0&quot;,&quot;iso&quot;:&quot;0&quot;,&quot;shutter_speed&quot;:&quot;0&quot;,&quot;title&quot;:&quot;&quot;,&quot;orientation&quot;:&quot;0&quot;}\" data-image-title=\"WhatsApp-Image-2024-05-27-at-21.10.45\" data-image-description=\"\" data-medium-file=\"https:\/\/navalremo.pt\/site\/wp-content\/uploads\/2024\/05\/WhatsApp-Image-2024-05-27-at-21.10.45-300x200.jpeg\" data-large-file=\"https:\/\/navalremo.pt\/site\/wp-content\/uploads\/2024\/05\/WhatsApp-Image-2024-05-27-at-21.10.45-1024x682.jpeg\" srcset=\"https:\/\/i0.wp.com\/navalremo.pt\/site\/wp-content\/uploads\/2024\/05\/WhatsApp-Image-2024-05-27-at-21.10.45.jpeg?strip=info&#038;w=600&#038;ssl=1 600w,https:\/\/i0.wp.com\/navalremo.pt\/site\/wp-content\/uploads\/2024\/05\/WhatsApp-Image-2024-05-27-at-21.10.45.jpeg?strip=info&#038;w=900&#038;ssl=1 900w,https:\/\/i0.wp.com\/navalremo.pt\/site\/wp-content\/uploads\/2024\/05\/WhatsApp-Image-2024-05-27-at-21.10.45.jpeg?strip=info&#038;w=1066&#038;ssl=1 1066w\" alt=\"\" data-height=\"1066\" data-id=\"3192\" data-link=\"https:\/\/navalremo.pt\/site\/?attachment_id=3192\" data-url=\"https:\/\/navalremo.pt\/site\/wp-content\/uploads\/2024\/05\/WhatsApp-Image-2024-05-27-at-21.10.45.jpeg\" data-width=\"1600\" src=\"https:\/\/i0.wp.com\/navalremo.pt\/site\/wp-content\/uploads\/2024\/05\/WhatsApp-Image-2024-05-27-at-21.10.45.jpeg?ssl=1\" data-amp-layout=\"responsive\" \/><\/figure><\/div><\/div><\/div><\/div>\n","protected":false},"excerpt":{"rendered":"<p>Realizou-se no passado dia 25 de maio na pista de Remo de Montemor-o-Velho, o Campeonato Regional de Velocidade de Remo, com a participa\u00e7\u00e3o dos 6 Clubes de Remo da Regi\u00e3o Centro e onde a Naval Remo somou mais 18 lugares de p\u00f3dios. Com um conjunto de Regatas interessantes sob o ponto de vista competitivo, os [&hellip;]<\/p>\n","protected":false},"author":2,"featured_media":3192,"comment_status":"closed","ping_status":"open","sticky":false,"template":"","format":"standard","meta":{"spay_email":""},"categories":[4,5],"tags":[],"jetpack_featured_media_url":"https:\/\/navalremo.pt\/site\/wp-content\/uploads\/2024\/05\/WhatsApp-Image-2024-05-27-at-21.10.45.jpeg","_links":{"self":[{"href":"https:\/\/navalremo.pt\/site\/wp-json\/wp\/v2\/posts\/3173"}],"collection":[{"href":"https:\/\/navalremo.pt\/site\/wp-json\/wp\/v2\/posts"}],"about":[{"href":"https:\/\/navalremo.pt\/site\/wp-json\/wp\/v2\/types\/post"}],"author":[{"embeddable":true,"href":"https:\/\/navalremo.pt\/site\/wp-json\/wp\/v2\/users\/2"}],"replies":[{"embeddable":true,"href":"https:\/\/navalremo.pt\/site\/wp-json\/wp\/v2\/comments?post=3173"}],"version-history":[{"count":1,"href":"https:\/\/navalremo.pt\/site\/wp-json\/wp\/v2\/posts\/3173\/revisions"}],"predecessor-version":[{"id":3193,"href":"https:\/\/navalremo.pt\/site\/wp-json\/wp\/v2\/posts\/3173\/revisions\/3193"}],"wp:featuredmedia":[{"embeddable":true,"href":"https:\/\/navalremo.pt\/site\/wp-json\/wp\/v2\/media\/3192"}],"wp:attachment":[{"href":"https:\/\/navalremo.pt\/site\/wp-json\/wp\/v2\/media?parent=3173"}],"wp:term":[{"taxonomy":"category","embeddable":true,"href":"https:\/\/navalremo.pt\/site\/wp-json\/wp\/v2\/categories?post=3173"},{"taxonomy":"post_tag","embeddable":true,"href":"https:\/\/navalremo.pt\/site\/wp-json\/wp\/v2\/tags?post=3173"}],"curies":[{"name":"wp","href":"https:\/\/api.w.org\/{rel}","templated":true}]}}