{"id":3169,"date":"2024-05-20T23:16:27","date_gmt":"2024-05-20T23:16:27","guid":{"rendered":"https:\/\/navalremo.pt\/site\/?p=3169"},"modified":"2024-05-20T23:16:31","modified_gmt":"2024-05-20T23:16:31","slug":"atleta-da-naval-remo-fica-a-6-segundos-da-final","status":"publish","type":"post","link":"https:\/\/navalremo.pt\/site\/2024\/05\/20\/atleta-da-naval-remo-fica-a-6-segundos-da-final\/","title":{"rendered":"Atleta da Naval Remo fica a 6 segundos da Final"},"content":{"rendered":"\n<p>Terminou hoje a participa\u00e7\u00e3o da equipa de Double Scull, composta pelo Atleta da Naval Afonso Santos e pelo Atleta do VRL Andr\u00e9 Pinto, ficando a apenas 6 segundos da final que apura 2 tripula\u00e7\u00f5es para os jogos ol\u00edmpicos.<\/p>\n\n\n\n<p>Esta jovem tripula\u00e7\u00e3o disputou durante 2 dias em Lucerna, Sui\u00e7a, a possibilidade de estar entre as duas tripula\u00e7\u00f5es que ir\u00e3o aos jogos ol\u00edmpicos.<\/p>\n\n\n\n<p>No primeiro ano de S\u00e9nior o Atleta da Naval Afonso Santos esteve perto de cumprir um sonho, anunciado em 2021 quando se sagrou Campe\u00e3o Mundial de Remo de Remar \u201cWorld Rowing Beach Sprints\u201d na Categoria de C1X Juniores Masculinos. \u00c9 bom recordar que pelo caminho destes Atletas est\u00e3o milhares de horas de treino, sacrif\u00edcio pessoal, alegrias e desaires, com um registo di\u00e1rio em treinos e competi\u00e7\u00f5es superior a 6 horas, onde o empenho, foco, ambi\u00e7\u00e3o, humildade, perseveran\u00e7a e vontade de vencer superam todas as dificuldades e garantem a motiva\u00e7\u00e3o e a satisfa\u00e7\u00e3o pessoal sem qualquer outra recompensa ou contrapartida, nomeadamente a n\u00edvel financeiro. &nbsp;&nbsp;<\/p>\n\n\n\n<p>Enquanto Clube sentimos um orgulho enorme nos Atletas como o Afonso que se esfor\u00e7am para alcan\u00e7ar um patamar internacional e elevam o nome da Cidade e do Pa\u00eds ao mais alto n\u00edvel desportivo que se pode alcan\u00e7ar. Neste caso, apesar de 6 segundos terem colocado um termo \u00e0 participa\u00e7\u00e3o na Regata final, estamos certos que aquilo que atingiram j\u00e1 \u00e9 especial e digno de ser qualificado como de elevado m\u00e9rito desportivo.<\/p>\n\n\n\n<p>Obrigado Afonso e parab\u00e9ns!<\/p>\n\n\n\n<p>Naval Remo \u00e9 isto!<\/p>\n\n\n\n<p>Associa\u00e7\u00e3o Desportiva Naval Remo \u2013 ADNR<\/p>\n\n\n\n<div data-carousel-extra='{\"blog_id\":1,\"permalink\":\"https:\\\/\\\/navalremo.pt\\\/site\\\/2024\\\/05\\\/20\\\/atleta-da-naval-remo-fica-a-6-segundos-da-final\\\/\"}' class=\"wp-block-jetpack-tiled-gallery aligncenter is-style-rectangular\"><div data-carousel-extra='{\"blog_id\":1,\"permalink\":\"https:\\\/\\\/navalremo.pt\\\/site\\\/2024\\\/05\\\/20\\\/atleta-da-naval-remo-fica-a-6-segundos-da-final\\\/\"}' class=\"tiled-gallery__gallery\"><div data-carousel-extra='{\"blog_id\":1,\"permalink\":\"https:\\\/\\\/navalremo.pt\\\/site\\\/2024\\\/05\\\/20\\\/atleta-da-naval-remo-fica-a-6-segundos-da-final\\\/\"}' class=\"tiled-gallery__row\"><div data-carousel-extra='{\"blog_id\":1,\"permalink\":\"https:\\\/\\\/navalremo.pt\\\/site\\\/2024\\\/05\\\/20\\\/atleta-da-naval-remo-fica-a-6-segundos-da-final\\\/\"}' class=\"tiled-gallery__col\" style=\"flex-basis:56.07540%\"><figure class=\"tiled-gallery__item\"><img data-attachment-id=\"3170\" data-permalink=\"https:\/\/navalremo.pt\/site\/2024\/05\/20\/atleta-da-naval-remo-fica-a-6-segundos-da-final\/443711272_18308535022151223_6741885128523749727_n\/\" data-orig-file=\"https:\/\/navalremo.pt\/site\/wp-content\/uploads\/2024\/05\/443711272_18308535022151223_6741885128523749727_n.jpg\" data-orig-size=\"1440,1079\" data-comments-opened=\"0\" data-image-meta=\"{&quot;aperture&quot;:&quot;0&quot;,&quot;credit&quot;:&quot;&quot;,&quot;camera&quot;:&quot;&quot;,&quot;caption&quot;:&quot;&quot;,&quot;created_timestamp&quot;:&quot;0&quot;,&quot;copyright&quot;:&quot;&quot;,&quot;focal_length&quot;:&quot;0&quot;,&quot;iso&quot;:&quot;0&quot;,&quot;shutter_speed&quot;:&quot;0&quot;,&quot;title&quot;:&quot;&quot;,&quot;orientation&quot;:&quot;0&quot;}\" data-image-title=\"443711272_18308535022151223_6741885128523749727_n\" data-image-description=\"\" data-medium-file=\"https:\/\/navalremo.pt\/site\/wp-content\/uploads\/2024\/05\/443711272_18308535022151223_6741885128523749727_n-300x225.jpg\" data-large-file=\"https:\/\/navalremo.pt\/site\/wp-content\/uploads\/2024\/05\/443711272_18308535022151223_6741885128523749727_n-1024x767.jpg\" data-attachment-id=\"3170\" data-permalink=\"https:\/\/navalremo.pt\/site\/2024\/05\/20\/atleta-da-naval-remo-fica-a-6-segundos-da-final\/443711272_18308535022151223_6741885128523749727_n\/\" data-orig-file=\"https:\/\/navalremo.pt\/site\/wp-content\/uploads\/2024\/05\/443711272_18308535022151223_6741885128523749727_n.jpg\" data-orig-size=\"1440,1079\" data-comments-opened=\"0\" data-image-meta=\"{&quot;aperture&quot;:&quot;0&quot;,&quot;credit&quot;:&quot;&quot;,&quot;camera&quot;:&quot;&quot;,&quot;caption&quot;:&quot;&quot;,&quot;created_timestamp&quot;:&quot;0&quot;,&quot;copyright&quot;:&quot;&quot;,&quot;focal_length&quot;:&quot;0&quot;,&quot;iso&quot;:&quot;0&quot;,&quot;shutter_speed&quot;:&quot;0&quot;,&quot;title&quot;:&quot;&quot;,&quot;orientation&quot;:&quot;0&quot;}\" data-image-title=\"443711272_18308535022151223_6741885128523749727_n\" data-image-description=\"\" data-medium-file=\"https:\/\/navalremo.pt\/site\/wp-content\/uploads\/2024\/05\/443711272_18308535022151223_6741885128523749727_n-300x225.jpg\" data-large-file=\"https:\/\/navalremo.pt\/site\/wp-content\/uploads\/2024\/05\/443711272_18308535022151223_6741885128523749727_n-1024x767.jpg\" srcset=\"https:\/\/i0.wp.com\/navalremo.pt\/site\/wp-content\/uploads\/2024\/05\/443711272_18308535022151223_6741885128523749727_n.jpg?strip=info&#038;w=600&#038;ssl=1 600w,https:\/\/i0.wp.com\/navalremo.pt\/site\/wp-content\/uploads\/2024\/05\/443711272_18308535022151223_6741885128523749727_n.jpg?strip=info&#038;w=900&#038;ssl=1 900w,https:\/\/i0.wp.com\/navalremo.pt\/site\/wp-content\/uploads\/2024\/05\/443711272_18308535022151223_6741885128523749727_n.jpg?strip=info&#038;w=1079&#038;ssl=1 1079w\" alt=\"\" data-height=\"1079\" data-id=\"3170\" data-link=\"https:\/\/navalremo.pt\/site\/?attachment_id=3170\" data-url=\"https:\/\/navalremo.pt\/site\/wp-content\/uploads\/2024\/05\/443711272_18308535022151223_6741885128523749727_n.jpg\" data-width=\"1440\" src=\"https:\/\/i0.wp.com\/navalremo.pt\/site\/wp-content\/uploads\/2024\/05\/443711272_18308535022151223_6741885128523749727_n.jpg?ssl=1\" data-amp-layout=\"responsive\" \/><\/figure><\/div><div data-carousel-extra='{\"blog_id\":1,\"permalink\":\"https:\\\/\\\/navalremo.pt\\\/site\\\/2024\\\/05\\\/20\\\/atleta-da-naval-remo-fica-a-6-segundos-da-final\\\/\"}' class=\"tiled-gallery__col\" style=\"flex-basis:43.92460%\"><figure class=\"tiled-gallery__item\"><img data-attachment-id=\"3171\" data-permalink=\"https:\/\/navalremo.pt\/site\/2024\/05\/20\/atleta-da-naval-remo-fica-a-6-segundos-da-final\/img_5469\/\" data-orig-file=\"https:\/\/navalremo.pt\/site\/wp-content\/uploads\/2024\/05\/IMG_5469.jpg\" data-orig-size=\"1170,1120\" data-comments-opened=\"0\" data-image-meta=\"{&quot;aperture&quot;:&quot;0&quot;,&quot;credit&quot;:&quot;&quot;,&quot;camera&quot;:&quot;&quot;,&quot;caption&quot;:&quot;&quot;,&quot;created_timestamp&quot;:&quot;0&quot;,&quot;copyright&quot;:&quot;&quot;,&quot;focal_length&quot;:&quot;0&quot;,&quot;iso&quot;:&quot;0&quot;,&quot;shutter_speed&quot;:&quot;0&quot;,&quot;title&quot;:&quot;&quot;,&quot;orientation&quot;:&quot;1&quot;}\" data-image-title=\"IMG_5469\" data-image-description=\"\" data-medium-file=\"https:\/\/navalremo.pt\/site\/wp-content\/uploads\/2024\/05\/IMG_5469-300x287.jpg\" data-large-file=\"https:\/\/navalremo.pt\/site\/wp-content\/uploads\/2024\/05\/IMG_5469-1024x980.jpg\" data-attachment-id=\"3171\" data-permalink=\"https:\/\/navalremo.pt\/site\/2024\/05\/20\/atleta-da-naval-remo-fica-a-6-segundos-da-final\/img_5469\/\" data-orig-file=\"https:\/\/navalremo.pt\/site\/wp-content\/uploads\/2024\/05\/IMG_5469.jpg\" data-orig-size=\"1170,1120\" data-comments-opened=\"0\" data-image-meta=\"{&quot;aperture&quot;:&quot;0&quot;,&quot;credit&quot;:&quot;&quot;,&quot;camera&quot;:&quot;&quot;,&quot;caption&quot;:&quot;&quot;,&quot;created_timestamp&quot;:&quot;0&quot;,&quot;copyright&quot;:&quot;&quot;,&quot;focal_length&quot;:&quot;0&quot;,&quot;iso&quot;:&quot;0&quot;,&quot;shutter_speed&quot;:&quot;0&quot;,&quot;title&quot;:&quot;&quot;,&quot;orientation&quot;:&quot;1&quot;}\" data-image-title=\"IMG_5469\" data-image-description=\"\" data-medium-file=\"https:\/\/navalremo.pt\/site\/wp-content\/uploads\/2024\/05\/IMG_5469-300x287.jpg\" data-large-file=\"https:\/\/navalremo.pt\/site\/wp-content\/uploads\/2024\/05\/IMG_5469-1024x980.jpg\" srcset=\"https:\/\/i2.wp.com\/navalremo.pt\/site\/wp-content\/uploads\/2024\/05\/IMG_5469.jpg?strip=info&#038;w=600&#038;ssl=1 600w,https:\/\/i2.wp.com\/navalremo.pt\/site\/wp-content\/uploads\/2024\/05\/IMG_5469.jpg?strip=info&#038;w=900&#038;ssl=1 900w,https:\/\/i2.wp.com\/navalremo.pt\/site\/wp-content\/uploads\/2024\/05\/IMG_5469.jpg?strip=info&#038;w=1120&#038;ssl=1 1120w\" alt=\"\" data-height=\"1120\" data-id=\"3171\" data-link=\"https:\/\/navalremo.pt\/site\/?attachment_id=3171\" data-url=\"https:\/\/navalremo.pt\/site\/wp-content\/uploads\/2024\/05\/IMG_5469.jpg\" data-width=\"1170\" src=\"https:\/\/i2.wp.com\/navalremo.pt\/site\/wp-content\/uploads\/2024\/05\/IMG_5469.jpg?ssl=1\" data-amp-layout=\"responsive\" \/><\/figure><\/div><\/div><\/div><\/div>\n","protected":false},"excerpt":{"rendered":"<p>Terminou hoje a participa\u00e7\u00e3o da equipa de Double Scull, composta pelo Atleta da Naval Afonso Santos e pelo Atleta do VRL Andr\u00e9 Pinto, ficando a apenas 6 segundos da final que apura 2 tripula\u00e7\u00f5es para os jogos ol\u00edmpicos. Esta jovem tripula\u00e7\u00e3o disputou durante 2 dias em Lucerna, Sui\u00e7a, a possibilidade de estar entre as duas [&hellip;]<\/p>\n","protected":false},"author":2,"featured_media":3171,"comment_status":"closed","ping_status":"open","sticky":false,"template":"","format":"standard","meta":{"spay_email":""},"categories":[45,4,5],"tags":[],"jetpack_featured_media_url":"https:\/\/navalremo.pt\/site\/wp-content\/uploads\/2024\/05\/IMG_5469.jpg","_links":{"self":[{"href":"https:\/\/navalremo.pt\/site\/wp-json\/wp\/v2\/posts\/3169"}],"collection":[{"href":"https:\/\/navalremo.pt\/site\/wp-json\/wp\/v2\/posts"}],"about":[{"href":"https:\/\/navalremo.pt\/site\/wp-json\/wp\/v2\/types\/post"}],"author":[{"embeddable":true,"href":"https:\/\/navalremo.pt\/site\/wp-json\/wp\/v2\/users\/2"}],"replies":[{"embeddable":true,"href":"https:\/\/navalremo.pt\/site\/wp-json\/wp\/v2\/comments?post=3169"}],"version-history":[{"count":1,"href":"https:\/\/navalremo.pt\/site\/wp-json\/wp\/v2\/posts\/3169\/revisions"}],"predecessor-version":[{"id":3172,"href":"https:\/\/navalremo.pt\/site\/wp-json\/wp\/v2\/posts\/3169\/revisions\/3172"}],"wp:featuredmedia":[{"embeddable":true,"href":"https:\/\/navalremo.pt\/site\/wp-json\/wp\/v2\/media\/3171"}],"wp:attachment":[{"href":"https:\/\/navalremo.pt\/site\/wp-json\/wp\/v2\/media?parent=3169"}],"wp:term":[{"taxonomy":"category","embeddable":true,"href":"https:\/\/navalremo.pt\/site\/wp-json\/wp\/v2\/categories?post=3169"},{"taxonomy":"post_tag","embeddable":true,"href":"https:\/\/navalremo.pt\/site\/wp-json\/wp\/v2\/tags?post=3169"}],"curies":[{"name":"wp","href":"https:\/\/api.w.org\/{rel}","templated":true}]}}