{"id":3151,"date":"2024-05-06T08:34:40","date_gmt":"2024-05-06T08:34:40","guid":{"rendered":"https:\/\/navalremo.pt\/site\/?p=3151"},"modified":"2024-05-06T08:34:44","modified_gmt":"2024-05-06T08:34:44","slug":"a-naval-remo-participa-na-regata-internacional-da-queima-das-fitas-e-no-campeonato-nacional-universitario","status":"publish","type":"post","link":"https:\/\/navalremo.pt\/site\/2024\/05\/06\/a-naval-remo-participa-na-regata-internacional-da-queima-das-fitas-e-no-campeonato-nacional-universitario\/","title":{"rendered":"A Naval Remo participa na Regata Internacional da Queima das Fitas e no Campeonato Nacional Universit\u00e1rio"},"content":{"rendered":"\n<p>No passado dia 04 de maio de 2024 a Naval Remo participou na Regata Internacional da Queima das Fitas e no dia 05 de maio participou no Campeonato Nacional Universit\u00e1rio.<\/p>\n\n\n\n<p>Foi um excelente fim de semana para o Remo da Naval, onde foi poss\u00edvel obter mais uns bons resultados e algumas indica\u00e7\u00f5es para o final desta \u00e9poca desportiva.<\/p>\n\n\n\n<p>A Regata Queima das Fitas este ano contou com 30 clubes, dos quais 12 espanh\u00f3is, e cerca de 850 atletas. A Naval obteve os seguintes resultados:<\/p>\n\n\n\n<ul><li>Double Scull Juvenil Feminino \u2013 5\u00ba Lugar para Maria do Nascimento \/ Mariana Matias Rodrigues<\/li><li>Skiff juvenil Masculino \u2013 13\u00ba Lugar para Duarte Sisudo e 21\u00ba para Rafael Ferreira<\/li><li>Double Scull Juvenil Masculino \u2013 14\u00ba Lugar para Stephen Encarnacion e Alexandre Gir\u00e3o<\/li><li>Quadri Scull Juvenil Masculino \u2013 1\u00ba Lugar para Andr\u00e9 Leal \/ Jos\u00e9 Azevedo \/ Pedro Oliveira \/ Hugo Baeta<\/li><li>Double Scull Infantil Feminino \u2013 5\u00ba Lugar para Lara Rodrigues e Maria Rodrigues<\/li><li>Skiff Infantil Masculino \u2013 2\u00ba Lugar para Miguel Mendes e 6\u00ba Lugar para Martin Cruz<\/li><li>Double Scull Infantil Masculino \u2013 7\u00ba Lugar para Diogo Janeiro e Dinis Santos<\/li><li>Skiff Iniciado Feminino \u2013 4\u00ba Lugar para Sofia Oliveira e 13\u00ba Lugar para Laura Santos<\/li><li>Skiff Iniciado Masculino \u2013 7\u00ba Lugar para Duarte Santos e 18\u00ba Lugar para Rodrigo Sim\u00e3o<\/li><li>Double Scull Iniciado Masculino \u2013 5\u00ba Lugar para Jo\u00e3o Carvalho Monteiro \/ Martim Santos Dias<\/li><li>Quadri Scull Juvenil Masculino \u2013 2\u00ba Lugar para Raquel Redentor Santos \/ Margarida Silva \/ Salom\u00e9 Lemos \/ Sara Baptista<\/li><li>Skiff Absoluto Masculino \u2013 22\u00ba Lugar para Daniel Azevedo e 23\u00ba Lugar para Martim Bastos<\/li><li>Quadri Scull Absoluto Masculino \u2013 7\u00ba Lugar para Daniel Mendes \/ Diogo Ferreira \/ Ra\u00fal Rodrigues \/ Roman Nayavko<\/li><li>Skiff Absoluto Feminino \u2013 1\u00ba Lugar para Patr\u00edcia Batista e 11\u00ba Lugar para Ana Pereira<\/li><li>Shell de 4 com Timoneiro Absoluto \u2013 2\u00ba Lugar para Daniel Pereira \/ Dinis Oliveira \/ Rodrigo Almeida \/ Bernardo Cruz \/ Tim: Francisco Braga Cruz e 6\u00ba Lugar para Pedro Ac\u00farcio \/ Nelson Silva \/ Nuno Sisudo \/ Jos\u00e9 Silva \/ Tim: Martim Cruz<\/li><\/ul>\n\n\n\n<p>No Campeonato Nacional Universit\u00e1rio os remadores da Naval fizeram o pleno em p\u00f3dios, obtendo os seguintes resultados em representa\u00e7\u00e3o da Universidade de Coimbra:<\/p>\n\n\n\n<ul><li>Shell de 4 sem timoneiro \u2013 1\u00ba Lugar para a tripula\u00e7\u00e3o onde participaram o Pedro Rodrigues e Afonso Santos (Campe\u00f5es Nacionais);<\/li><li>Skiff Masculino \u2013 2\u00ba Lugar para Pedro Rodrigues (Vice-Campe\u00e3o Nacional);<\/li><li>Double Scull Feminino \u2013 1\u00ba Lugar para a tripula\u00e7\u00e3o onde participou Madalena Pe\u00e7a (Campe\u00e3 Nacional)<\/li><\/ul>\n\n\n\n<p>Boas indica\u00e7\u00f5es e excelentes desempenhos s\u00e3o os resultados de um fim-de-semana cheio de remo. Parab\u00e9ns aos Atletas e aos Treinadores Jos\u00e9 Canhola, Patr\u00edcia Batista, Eduardo Al\u00e7ada e Daniel Mendes pelos resultados alcan\u00e7ados e pela atitude demonstrada.<\/p>\n\n\n\n<p>Associa\u00e7\u00e3o Desportiva Naval Remo \u2013 ADNR<\/p>\n\n\n\n<div data-carousel-extra='{\"blog_id\":1,\"permalink\":\"https:\\\/\\\/navalremo.pt\\\/site\\\/2024\\\/05\\\/06\\\/a-naval-remo-participa-na-regata-internacional-da-queima-das-fitas-e-no-campeonato-nacional-universitario\\\/\"}' class=\"wp-block-jetpack-tiled-gallery aligncenter is-style-rectangular\"><div data-carousel-extra='{\"blog_id\":1,\"permalink\":\"https:\\\/\\\/navalremo.pt\\\/site\\\/2024\\\/05\\\/06\\\/a-naval-remo-participa-na-regata-internacional-da-queima-das-fitas-e-no-campeonato-nacional-universitario\\\/\"}' class=\"tiled-gallery__gallery\"><div data-carousel-extra='{\"blog_id\":1,\"permalink\":\"https:\\\/\\\/navalremo.pt\\\/site\\\/2024\\\/05\\\/06\\\/a-naval-remo-participa-na-regata-internacional-da-queima-das-fitas-e-no-campeonato-nacional-universitario\\\/\"}' class=\"tiled-gallery__row\"><div data-carousel-extra='{\"blog_id\":1,\"permalink\":\"https:\\\/\\\/navalremo.pt\\\/site\\\/2024\\\/05\\\/06\\\/a-naval-remo-participa-na-regata-internacional-da-queima-das-fitas-e-no-campeonato-nacional-universitario\\\/\"}' class=\"tiled-gallery__col\" style=\"flex-basis:66.77402%\"><figure class=\"tiled-gallery__item\"><img data-attachment-id=\"3153\" data-permalink=\"https:\/\/navalremo.pt\/site\/2024\/05\/06\/a-naval-remo-participa-na-regata-internacional-da-queima-das-fitas-e-no-campeonato-nacional-universitario\/440484099_1467629510796749_4435749355762176856_n\/\" data-orig-file=\"https:\/\/navalremo.pt\/site\/wp-content\/uploads\/2024\/05\/440484099_1467629510796749_4435749355762176856_n.jpg\" data-orig-size=\"2016,1512\" data-comments-opened=\"0\" data-image-meta=\"{&quot;aperture&quot;:&quot;0&quot;,&quot;credit&quot;:&quot;&quot;,&quot;camera&quot;:&quot;&quot;,&quot;caption&quot;:&quot;&quot;,&quot;created_timestamp&quot;:&quot;0&quot;,&quot;copyright&quot;:&quot;&quot;,&quot;focal_length&quot;:&quot;0&quot;,&quot;iso&quot;:&quot;0&quot;,&quot;shutter_speed&quot;:&quot;0&quot;,&quot;title&quot;:&quot;&quot;,&quot;orientation&quot;:&quot;0&quot;}\" data-image-title=\"440484099_1467629510796749_4435749355762176856_n\" data-image-description=\"\" data-medium-file=\"https:\/\/navalremo.pt\/site\/wp-content\/uploads\/2024\/05\/440484099_1467629510796749_4435749355762176856_n-300x225.jpg\" data-large-file=\"https:\/\/navalremo.pt\/site\/wp-content\/uploads\/2024\/05\/440484099_1467629510796749_4435749355762176856_n-1024x768.jpg\" data-attachment-id=\"3153\" data-permalink=\"https:\/\/navalremo.pt\/site\/2024\/05\/06\/a-naval-remo-participa-na-regata-internacional-da-queima-das-fitas-e-no-campeonato-nacional-universitario\/440484099_1467629510796749_4435749355762176856_n\/\" data-orig-file=\"https:\/\/navalremo.pt\/site\/wp-content\/uploads\/2024\/05\/440484099_1467629510796749_4435749355762176856_n.jpg\" data-orig-size=\"2016,1512\" data-comments-opened=\"0\" data-image-meta=\"{&quot;aperture&quot;:&quot;0&quot;,&quot;credit&quot;:&quot;&quot;,&quot;camera&quot;:&quot;&quot;,&quot;caption&quot;:&quot;&quot;,&quot;created_timestamp&quot;:&quot;0&quot;,&quot;copyright&quot;:&quot;&quot;,&quot;focal_length&quot;:&quot;0&quot;,&quot;iso&quot;:&quot;0&quot;,&quot;shutter_speed&quot;:&quot;0&quot;,&quot;title&quot;:&quot;&quot;,&quot;orientation&quot;:&quot;0&quot;}\" data-image-title=\"440484099_1467629510796749_4435749355762176856_n\" data-image-description=\"\" data-medium-file=\"https:\/\/navalremo.pt\/site\/wp-content\/uploads\/2024\/05\/440484099_1467629510796749_4435749355762176856_n-300x225.jpg\" data-large-file=\"https:\/\/navalremo.pt\/site\/wp-content\/uploads\/2024\/05\/440484099_1467629510796749_4435749355762176856_n-1024x768.jpg\" srcset=\"https:\/\/i1.wp.com\/navalremo.pt\/site\/wp-content\/uploads\/2024\/05\/440484099_1467629510796749_4435749355762176856_n.jpg?strip=info&#038;w=600&#038;ssl=1 600w,https:\/\/i1.wp.com\/navalremo.pt\/site\/wp-content\/uploads\/2024\/05\/440484099_1467629510796749_4435749355762176856_n.jpg?strip=info&#038;w=900&#038;ssl=1 900w,https:\/\/i1.wp.com\/navalremo.pt\/site\/wp-content\/uploads\/2024\/05\/440484099_1467629510796749_4435749355762176856_n.jpg?strip=info&#038;w=1200&#038;ssl=1 1200w,https:\/\/i1.wp.com\/navalremo.pt\/site\/wp-content\/uploads\/2024\/05\/440484099_1467629510796749_4435749355762176856_n.jpg?strip=info&#038;w=1500&#038;ssl=1 1500w,https:\/\/i1.wp.com\/navalremo.pt\/site\/wp-content\/uploads\/2024\/05\/440484099_1467629510796749_4435749355762176856_n.jpg?strip=info&#038;w=1512&#038;ssl=1 1512w\" alt=\"\" data-height=\"1512\" data-id=\"3153\" data-link=\"https:\/\/navalremo.pt\/site\/?attachment_id=3153\" data-url=\"https:\/\/navalremo.pt\/site\/wp-content\/uploads\/2024\/05\/440484099_1467629510796749_4435749355762176856_n.jpg\" data-width=\"2016\" src=\"https:\/\/i1.wp.com\/navalremo.pt\/site\/wp-content\/uploads\/2024\/05\/440484099_1467629510796749_4435749355762176856_n.jpg?ssl=1\" data-amp-layout=\"responsive\" \/><\/figure><\/div><div data-carousel-extra='{\"blog_id\":1,\"permalink\":\"https:\\\/\\\/navalremo.pt\\\/site\\\/2024\\\/05\\\/06\\\/a-naval-remo-participa-na-regata-internacional-da-queima-das-fitas-e-no-campeonato-nacional-universitario\\\/\"}' class=\"tiled-gallery__col\" style=\"flex-basis:33.22598%\"><figure class=\"tiled-gallery__item\"><img data-attachment-id=\"3152\" data-permalink=\"https:\/\/navalremo.pt\/site\/2024\/05\/06\/a-naval-remo-participa-na-regata-internacional-da-queima-das-fitas-e-no-campeonato-nacional-universitario\/440475285_3715105228706002_214367898028716557_n\/\" data-orig-file=\"https:\/\/navalremo.pt\/site\/wp-content\/uploads\/2024\/05\/440475285_3715105228706002_214367898028716557_n.jpg\" data-orig-size=\"2016,1512\" data-comments-opened=\"0\" data-image-meta=\"{&quot;aperture&quot;:&quot;0&quot;,&quot;credit&quot;:&quot;&quot;,&quot;camera&quot;:&quot;&quot;,&quot;caption&quot;:&quot;&quot;,&quot;created_timestamp&quot;:&quot;0&quot;,&quot;copyright&quot;:&quot;&quot;,&quot;focal_length&quot;:&quot;0&quot;,&quot;iso&quot;:&quot;0&quot;,&quot;shutter_speed&quot;:&quot;0&quot;,&quot;title&quot;:&quot;&quot;,&quot;orientation&quot;:&quot;0&quot;}\" data-image-title=\"440475285_3715105228706002_214367898028716557_n\" data-image-description=\"\" data-medium-file=\"https:\/\/navalremo.pt\/site\/wp-content\/uploads\/2024\/05\/440475285_3715105228706002_214367898028716557_n-300x225.jpg\" data-large-file=\"https:\/\/navalremo.pt\/site\/wp-content\/uploads\/2024\/05\/440475285_3715105228706002_214367898028716557_n-1024x768.jpg\" data-attachment-id=\"3152\" data-permalink=\"https:\/\/navalremo.pt\/site\/2024\/05\/06\/a-naval-remo-participa-na-regata-internacional-da-queima-das-fitas-e-no-campeonato-nacional-universitario\/440475285_3715105228706002_214367898028716557_n\/\" data-orig-file=\"https:\/\/navalremo.pt\/site\/wp-content\/uploads\/2024\/05\/440475285_3715105228706002_214367898028716557_n.jpg\" data-orig-size=\"2016,1512\" data-comments-opened=\"0\" data-image-meta=\"{&quot;aperture&quot;:&quot;0&quot;,&quot;credit&quot;:&quot;&quot;,&quot;camera&quot;:&quot;&quot;,&quot;caption&quot;:&quot;&quot;,&quot;created_timestamp&quot;:&quot;0&quot;,&quot;copyright&quot;:&quot;&quot;,&quot;focal_length&quot;:&quot;0&quot;,&quot;iso&quot;:&quot;0&quot;,&quot;shutter_speed&quot;:&quot;0&quot;,&quot;title&quot;:&quot;&quot;,&quot;orientation&quot;:&quot;0&quot;}\" data-image-title=\"440475285_3715105228706002_214367898028716557_n\" data-image-description=\"\" data-medium-file=\"https:\/\/navalremo.pt\/site\/wp-content\/uploads\/2024\/05\/440475285_3715105228706002_214367898028716557_n-300x225.jpg\" data-large-file=\"https:\/\/navalremo.pt\/site\/wp-content\/uploads\/2024\/05\/440475285_3715105228706002_214367898028716557_n-1024x768.jpg\" srcset=\"https:\/\/i1.wp.com\/navalremo.pt\/site\/wp-content\/uploads\/2024\/05\/440475285_3715105228706002_214367898028716557_n.jpg?strip=info&#038;w=600&#038;ssl=1 600w,https:\/\/i1.wp.com\/navalremo.pt\/site\/wp-content\/uploads\/2024\/05\/440475285_3715105228706002_214367898028716557_n.jpg?strip=info&#038;w=900&#038;ssl=1 900w,https:\/\/i1.wp.com\/navalremo.pt\/site\/wp-content\/uploads\/2024\/05\/440475285_3715105228706002_214367898028716557_n.jpg?strip=info&#038;w=1200&#038;ssl=1 1200w,https:\/\/i1.wp.com\/navalremo.pt\/site\/wp-content\/uploads\/2024\/05\/440475285_3715105228706002_214367898028716557_n.jpg?strip=info&#038;w=1500&#038;ssl=1 1500w,https:\/\/i1.wp.com\/navalremo.pt\/site\/wp-content\/uploads\/2024\/05\/440475285_3715105228706002_214367898028716557_n.jpg?strip=info&#038;w=1512&#038;ssl=1 1512w\" alt=\"\" data-height=\"1512\" data-id=\"3152\" data-link=\"https:\/\/navalremo.pt\/site\/?attachment_id=3152\" data-url=\"https:\/\/navalremo.pt\/site\/wp-content\/uploads\/2024\/05\/440475285_3715105228706002_214367898028716557_n.jpg\" data-width=\"2016\" src=\"https:\/\/i1.wp.com\/navalremo.pt\/site\/wp-content\/uploads\/2024\/05\/440475285_3715105228706002_214367898028716557_n.jpg?ssl=1\" data-amp-layout=\"responsive\" \/><\/figure><figure class=\"tiled-gallery__item\"><img data-attachment-id=\"3154\" data-permalink=\"https:\/\/navalremo.pt\/site\/2024\/05\/06\/a-naval-remo-participa-na-regata-internacional-da-queima-das-fitas-e-no-campeonato-nacional-universitario\/441227816_789524819782506_6035783735148419038_n\/\" data-orig-file=\"https:\/\/navalremo.pt\/site\/wp-content\/uploads\/2024\/05\/441227816_789524819782506_6035783735148419038_n.jpg\" data-orig-size=\"2016,1512\" data-comments-opened=\"0\" data-image-meta=\"{&quot;aperture&quot;:&quot;0&quot;,&quot;credit&quot;:&quot;&quot;,&quot;camera&quot;:&quot;&quot;,&quot;caption&quot;:&quot;&quot;,&quot;created_timestamp&quot;:&quot;0&quot;,&quot;copyright&quot;:&quot;&quot;,&quot;focal_length&quot;:&quot;0&quot;,&quot;iso&quot;:&quot;0&quot;,&quot;shutter_speed&quot;:&quot;0&quot;,&quot;title&quot;:&quot;&quot;,&quot;orientation&quot;:&quot;0&quot;}\" data-image-title=\"441227816_789524819782506_6035783735148419038_n\" data-image-description=\"\" data-medium-file=\"https:\/\/navalremo.pt\/site\/wp-content\/uploads\/2024\/05\/441227816_789524819782506_6035783735148419038_n-300x225.jpg\" data-large-file=\"https:\/\/navalremo.pt\/site\/wp-content\/uploads\/2024\/05\/441227816_789524819782506_6035783735148419038_n-1024x768.jpg\" data-attachment-id=\"3154\" data-permalink=\"https:\/\/navalremo.pt\/site\/2024\/05\/06\/a-naval-remo-participa-na-regata-internacional-da-queima-das-fitas-e-no-campeonato-nacional-universitario\/441227816_789524819782506_6035783735148419038_n\/\" data-orig-file=\"https:\/\/navalremo.pt\/site\/wp-content\/uploads\/2024\/05\/441227816_789524819782506_6035783735148419038_n.jpg\" data-orig-size=\"2016,1512\" data-comments-opened=\"0\" data-image-meta=\"{&quot;aperture&quot;:&quot;0&quot;,&quot;credit&quot;:&quot;&quot;,&quot;camera&quot;:&quot;&quot;,&quot;caption&quot;:&quot;&quot;,&quot;created_timestamp&quot;:&quot;0&quot;,&quot;copyright&quot;:&quot;&quot;,&quot;focal_length&quot;:&quot;0&quot;,&quot;iso&quot;:&quot;0&quot;,&quot;shutter_speed&quot;:&quot;0&quot;,&quot;title&quot;:&quot;&quot;,&quot;orientation&quot;:&quot;0&quot;}\" data-image-title=\"441227816_789524819782506_6035783735148419038_n\" data-image-description=\"\" data-medium-file=\"https:\/\/navalremo.pt\/site\/wp-content\/uploads\/2024\/05\/441227816_789524819782506_6035783735148419038_n-300x225.jpg\" data-large-file=\"https:\/\/navalremo.pt\/site\/wp-content\/uploads\/2024\/05\/441227816_789524819782506_6035783735148419038_n-1024x768.jpg\" srcset=\"https:\/\/i1.wp.com\/navalremo.pt\/site\/wp-content\/uploads\/2024\/05\/441227816_789524819782506_6035783735148419038_n.jpg?strip=info&#038;w=600&#038;ssl=1 600w,https:\/\/i1.wp.com\/navalremo.pt\/site\/wp-content\/uploads\/2024\/05\/441227816_789524819782506_6035783735148419038_n.jpg?strip=info&#038;w=900&#038;ssl=1 900w,https:\/\/i1.wp.com\/navalremo.pt\/site\/wp-content\/uploads\/2024\/05\/441227816_789524819782506_6035783735148419038_n.jpg?strip=info&#038;w=1200&#038;ssl=1 1200w,https:\/\/i1.wp.com\/navalremo.pt\/site\/wp-content\/uploads\/2024\/05\/441227816_789524819782506_6035783735148419038_n.jpg?strip=info&#038;w=1500&#038;ssl=1 1500w,https:\/\/i1.wp.com\/navalremo.pt\/site\/wp-content\/uploads\/2024\/05\/441227816_789524819782506_6035783735148419038_n.jpg?strip=info&#038;w=1512&#038;ssl=1 1512w\" alt=\"\" data-height=\"1512\" data-id=\"3154\" data-link=\"https:\/\/navalremo.pt\/site\/?attachment_id=3154\" data-url=\"https:\/\/navalremo.pt\/site\/wp-content\/uploads\/2024\/05\/441227816_789524819782506_6035783735148419038_n.jpg\" data-width=\"2016\" src=\"https:\/\/i1.wp.com\/navalremo.pt\/site\/wp-content\/uploads\/2024\/05\/441227816_789524819782506_6035783735148419038_n.jpg?ssl=1\" data-amp-layout=\"responsive\" \/><\/figure><\/div><\/div><div data-carousel-extra='{\"blog_id\":1,\"permalink\":\"https:\\\/\\\/navalremo.pt\\\/site\\\/2024\\\/05\\\/06\\\/a-naval-remo-participa-na-regata-internacional-da-queima-das-fitas-e-no-campeonato-nacional-universitario\\\/\"}' class=\"tiled-gallery__row\"><div data-carousel-extra='{\"blog_id\":1,\"permalink\":\"https:\\\/\\\/navalremo.pt\\\/site\\\/2024\\\/05\\\/06\\\/a-naval-remo-participa-na-regata-internacional-da-queima-das-fitas-e-no-campeonato-nacional-universitario\\\/\"}' class=\"tiled-gallery__col\" style=\"flex-basis:33.22598%\"><figure class=\"tiled-gallery__item\"><img data-attachment-id=\"3155\" data-permalink=\"https:\/\/navalremo.pt\/site\/2024\/05\/06\/a-naval-remo-participa-na-regata-internacional-da-queima-das-fitas-e-no-campeonato-nacional-universitario\/441257608_1801190247037812_6200109021276354722_n\/\" data-orig-file=\"https:\/\/navalremo.pt\/site\/wp-content\/uploads\/2024\/05\/441257608_1801190247037812_6200109021276354722_n.jpg\" data-orig-size=\"2016,1512\" data-comments-opened=\"0\" data-image-meta=\"{&quot;aperture&quot;:&quot;0&quot;,&quot;credit&quot;:&quot;&quot;,&quot;camera&quot;:&quot;&quot;,&quot;caption&quot;:&quot;&quot;,&quot;created_timestamp&quot;:&quot;0&quot;,&quot;copyright&quot;:&quot;&quot;,&quot;focal_length&quot;:&quot;0&quot;,&quot;iso&quot;:&quot;0&quot;,&quot;shutter_speed&quot;:&quot;0&quot;,&quot;title&quot;:&quot;&quot;,&quot;orientation&quot;:&quot;0&quot;}\" data-image-title=\"441257608_1801190247037812_6200109021276354722_n\" data-image-description=\"\" data-medium-file=\"https:\/\/navalremo.pt\/site\/wp-content\/uploads\/2024\/05\/441257608_1801190247037812_6200109021276354722_n-300x225.jpg\" data-large-file=\"https:\/\/navalremo.pt\/site\/wp-content\/uploads\/2024\/05\/441257608_1801190247037812_6200109021276354722_n-1024x768.jpg\" data-attachment-id=\"3155\" data-permalink=\"https:\/\/navalremo.pt\/site\/2024\/05\/06\/a-naval-remo-participa-na-regata-internacional-da-queima-das-fitas-e-no-campeonato-nacional-universitario\/441257608_1801190247037812_6200109021276354722_n\/\" data-orig-file=\"https:\/\/navalremo.pt\/site\/wp-content\/uploads\/2024\/05\/441257608_1801190247037812_6200109021276354722_n.jpg\" data-orig-size=\"2016,1512\" data-comments-opened=\"0\" data-image-meta=\"{&quot;aperture&quot;:&quot;0&quot;,&quot;credit&quot;:&quot;&quot;,&quot;camera&quot;:&quot;&quot;,&quot;caption&quot;:&quot;&quot;,&quot;created_timestamp&quot;:&quot;0&quot;,&quot;copyright&quot;:&quot;&quot;,&quot;focal_length&quot;:&quot;0&quot;,&quot;iso&quot;:&quot;0&quot;,&quot;shutter_speed&quot;:&quot;0&quot;,&quot;title&quot;:&quot;&quot;,&quot;orientation&quot;:&quot;0&quot;}\" data-image-title=\"441257608_1801190247037812_6200109021276354722_n\" data-image-description=\"\" data-medium-file=\"https:\/\/navalremo.pt\/site\/wp-content\/uploads\/2024\/05\/441257608_1801190247037812_6200109021276354722_n-300x225.jpg\" data-large-file=\"https:\/\/navalremo.pt\/site\/wp-content\/uploads\/2024\/05\/441257608_1801190247037812_6200109021276354722_n-1024x768.jpg\" srcset=\"https:\/\/i0.wp.com\/navalremo.pt\/site\/wp-content\/uploads\/2024\/05\/441257608_1801190247037812_6200109021276354722_n.jpg?strip=info&#038;w=600&#038;ssl=1 600w,https:\/\/i0.wp.com\/navalremo.pt\/site\/wp-content\/uploads\/2024\/05\/441257608_1801190247037812_6200109021276354722_n.jpg?strip=info&#038;w=900&#038;ssl=1 900w,https:\/\/i0.wp.com\/navalremo.pt\/site\/wp-content\/uploads\/2024\/05\/441257608_1801190247037812_6200109021276354722_n.jpg?strip=info&#038;w=1200&#038;ssl=1 1200w,https:\/\/i0.wp.com\/navalremo.pt\/site\/wp-content\/uploads\/2024\/05\/441257608_1801190247037812_6200109021276354722_n.jpg?strip=info&#038;w=1500&#038;ssl=1 1500w,https:\/\/i0.wp.com\/navalremo.pt\/site\/wp-content\/uploads\/2024\/05\/441257608_1801190247037812_6200109021276354722_n.jpg?strip=info&#038;w=1512&#038;ssl=1 1512w\" alt=\"\" data-height=\"1512\" data-id=\"3155\" data-link=\"https:\/\/navalremo.pt\/site\/?attachment_id=3155\" data-url=\"https:\/\/navalremo.pt\/site\/wp-content\/uploads\/2024\/05\/441257608_1801190247037812_6200109021276354722_n.jpg\" data-width=\"2016\" src=\"https:\/\/i0.wp.com\/navalremo.pt\/site\/wp-content\/uploads\/2024\/05\/441257608_1801190247037812_6200109021276354722_n.jpg?ssl=1\" data-amp-layout=\"responsive\" \/><\/figure><figure class=\"tiled-gallery__item\"><img data-attachment-id=\"3156\" data-permalink=\"https:\/\/navalremo.pt\/site\/2024\/05\/06\/a-naval-remo-participa-na-regata-internacional-da-queima-das-fitas-e-no-campeonato-nacional-universitario\/whatsapp-image-2024-05-04-at-21-46-47-1\/\" data-orig-file=\"https:\/\/navalremo.pt\/site\/wp-content\/uploads\/2024\/05\/WhatsApp-Image-2024-05-04-at-21.46.47-1.jpeg\" data-orig-size=\"1600,1200\" data-comments-opened=\"0\" data-image-meta=\"{&quot;aperture&quot;:&quot;0&quot;,&quot;credit&quot;:&quot;&quot;,&quot;camera&quot;:&quot;&quot;,&quot;caption&quot;:&quot;&quot;,&quot;created_timestamp&quot;:&quot;0&quot;,&quot;copyright&quot;:&quot;&quot;,&quot;focal_length&quot;:&quot;0&quot;,&quot;iso&quot;:&quot;0&quot;,&quot;shutter_speed&quot;:&quot;0&quot;,&quot;title&quot;:&quot;&quot;,&quot;orientation&quot;:&quot;0&quot;}\" data-image-title=\"WhatsApp-Image-2024-05-04-at-21.46.47-1\" data-image-description=\"\" data-medium-file=\"https:\/\/navalremo.pt\/site\/wp-content\/uploads\/2024\/05\/WhatsApp-Image-2024-05-04-at-21.46.47-1-300x225.jpeg\" data-large-file=\"https:\/\/navalremo.pt\/site\/wp-content\/uploads\/2024\/05\/WhatsApp-Image-2024-05-04-at-21.46.47-1-1024x768.jpeg\" data-attachment-id=\"3156\" data-permalink=\"https:\/\/navalremo.pt\/site\/2024\/05\/06\/a-naval-remo-participa-na-regata-internacional-da-queima-das-fitas-e-no-campeonato-nacional-universitario\/whatsapp-image-2024-05-04-at-21-46-47-1\/\" data-orig-file=\"https:\/\/navalremo.pt\/site\/wp-content\/uploads\/2024\/05\/WhatsApp-Image-2024-05-04-at-21.46.47-1.jpeg\" data-orig-size=\"1600,1200\" data-comments-opened=\"0\" data-image-meta=\"{&quot;aperture&quot;:&quot;0&quot;,&quot;credit&quot;:&quot;&quot;,&quot;camera&quot;:&quot;&quot;,&quot;caption&quot;:&quot;&quot;,&quot;created_timestamp&quot;:&quot;0&quot;,&quot;copyright&quot;:&quot;&quot;,&quot;focal_length&quot;:&quot;0&quot;,&quot;iso&quot;:&quot;0&quot;,&quot;shutter_speed&quot;:&quot;0&quot;,&quot;title&quot;:&quot;&quot;,&quot;orientation&quot;:&quot;0&quot;}\" data-image-title=\"WhatsApp-Image-2024-05-04-at-21.46.47-1\" data-image-description=\"\" data-medium-file=\"https:\/\/navalremo.pt\/site\/wp-content\/uploads\/2024\/05\/WhatsApp-Image-2024-05-04-at-21.46.47-1-300x225.jpeg\" data-large-file=\"https:\/\/navalremo.pt\/site\/wp-content\/uploads\/2024\/05\/WhatsApp-Image-2024-05-04-at-21.46.47-1-1024x768.jpeg\" srcset=\"https:\/\/i0.wp.com\/navalremo.pt\/site\/wp-content\/uploads\/2024\/05\/WhatsApp-Image-2024-05-04-at-21.46.47-1.jpeg?strip=info&#038;w=600&#038;ssl=1 600w,https:\/\/i0.wp.com\/navalremo.pt\/site\/wp-content\/uploads\/2024\/05\/WhatsApp-Image-2024-05-04-at-21.46.47-1.jpeg?strip=info&#038;w=900&#038;ssl=1 900w,https:\/\/i0.wp.com\/navalremo.pt\/site\/wp-content\/uploads\/2024\/05\/WhatsApp-Image-2024-05-04-at-21.46.47-1.jpeg?strip=info&#038;w=1200&#038;ssl=1 1200w\" alt=\"\" data-height=\"1200\" data-id=\"3156\" data-link=\"https:\/\/navalremo.pt\/site\/?attachment_id=3156\" data-url=\"https:\/\/navalremo.pt\/site\/wp-content\/uploads\/2024\/05\/WhatsApp-Image-2024-05-04-at-21.46.47-1.jpeg\" data-width=\"1600\" src=\"https:\/\/i0.wp.com\/navalremo.pt\/site\/wp-content\/uploads\/2024\/05\/WhatsApp-Image-2024-05-04-at-21.46.47-1.jpeg?ssl=1\" data-amp-layout=\"responsive\" \/><\/figure><\/div><div data-carousel-extra='{\"blog_id\":1,\"permalink\":\"https:\\\/\\\/navalremo.pt\\\/site\\\/2024\\\/05\\\/06\\\/a-naval-remo-participa-na-regata-internacional-da-queima-das-fitas-e-no-campeonato-nacional-universitario\\\/\"}' class=\"tiled-gallery__col\" style=\"flex-basis:66.77402%\"><figure class=\"tiled-gallery__item\"><img data-attachment-id=\"3157\" data-permalink=\"https:\/\/navalremo.pt\/site\/2024\/05\/06\/a-naval-remo-participa-na-regata-internacional-da-queima-das-fitas-e-no-campeonato-nacional-universitario\/whatsapp-image-2024-05-04-at-21-46-47\/\" data-orig-file=\"https:\/\/navalremo.pt\/site\/wp-content\/uploads\/2024\/05\/WhatsApp-Image-2024-05-04-at-21.46.47.jpeg\" data-orig-size=\"1600,1200\" data-comments-opened=\"0\" data-image-meta=\"{&quot;aperture&quot;:&quot;0&quot;,&quot;credit&quot;:&quot;&quot;,&quot;camera&quot;:&quot;&quot;,&quot;caption&quot;:&quot;&quot;,&quot;created_timestamp&quot;:&quot;0&quot;,&quot;copyright&quot;:&quot;&quot;,&quot;focal_length&quot;:&quot;0&quot;,&quot;iso&quot;:&quot;0&quot;,&quot;shutter_speed&quot;:&quot;0&quot;,&quot;title&quot;:&quot;&quot;,&quot;orientation&quot;:&quot;0&quot;}\" data-image-title=\"WhatsApp-Image-2024-05-04-at-21.46.47\" data-image-description=\"\" data-medium-file=\"https:\/\/navalremo.pt\/site\/wp-content\/uploads\/2024\/05\/WhatsApp-Image-2024-05-04-at-21.46.47-300x225.jpeg\" data-large-file=\"https:\/\/navalremo.pt\/site\/wp-content\/uploads\/2024\/05\/WhatsApp-Image-2024-05-04-at-21.46.47-1024x768.jpeg\" data-attachment-id=\"3157\" data-permalink=\"https:\/\/navalremo.pt\/site\/2024\/05\/06\/a-naval-remo-participa-na-regata-internacional-da-queima-das-fitas-e-no-campeonato-nacional-universitario\/whatsapp-image-2024-05-04-at-21-46-47\/\" data-orig-file=\"https:\/\/navalremo.pt\/site\/wp-content\/uploads\/2024\/05\/WhatsApp-Image-2024-05-04-at-21.46.47.jpeg\" data-orig-size=\"1600,1200\" data-comments-opened=\"0\" data-image-meta=\"{&quot;aperture&quot;:&quot;0&quot;,&quot;credit&quot;:&quot;&quot;,&quot;camera&quot;:&quot;&quot;,&quot;caption&quot;:&quot;&quot;,&quot;created_timestamp&quot;:&quot;0&quot;,&quot;copyright&quot;:&quot;&quot;,&quot;focal_length&quot;:&quot;0&quot;,&quot;iso&quot;:&quot;0&quot;,&quot;shutter_speed&quot;:&quot;0&quot;,&quot;title&quot;:&quot;&quot;,&quot;orientation&quot;:&quot;0&quot;}\" data-image-title=\"WhatsApp-Image-2024-05-04-at-21.46.47\" data-image-description=\"\" data-medium-file=\"https:\/\/navalremo.pt\/site\/wp-content\/uploads\/2024\/05\/WhatsApp-Image-2024-05-04-at-21.46.47-300x225.jpeg\" data-large-file=\"https:\/\/navalremo.pt\/site\/wp-content\/uploads\/2024\/05\/WhatsApp-Image-2024-05-04-at-21.46.47-1024x768.jpeg\" srcset=\"https:\/\/i2.wp.com\/navalremo.pt\/site\/wp-content\/uploads\/2024\/05\/WhatsApp-Image-2024-05-04-at-21.46.47.jpeg?strip=info&#038;w=600&#038;ssl=1 600w,https:\/\/i2.wp.com\/navalremo.pt\/site\/wp-content\/uploads\/2024\/05\/WhatsApp-Image-2024-05-04-at-21.46.47.jpeg?strip=info&#038;w=900&#038;ssl=1 900w,https:\/\/i2.wp.com\/navalremo.pt\/site\/wp-content\/uploads\/2024\/05\/WhatsApp-Image-2024-05-04-at-21.46.47.jpeg?strip=info&#038;w=1200&#038;ssl=1 1200w\" alt=\"\" data-height=\"1200\" data-id=\"3157\" data-link=\"https:\/\/navalremo.pt\/site\/?attachment_id=3157\" data-url=\"https:\/\/navalremo.pt\/site\/wp-content\/uploads\/2024\/05\/WhatsApp-Image-2024-05-04-at-21.46.47.jpeg\" data-width=\"1600\" src=\"https:\/\/i2.wp.com\/navalremo.pt\/site\/wp-content\/uploads\/2024\/05\/WhatsApp-Image-2024-05-04-at-21.46.47.jpeg?ssl=1\" data-amp-layout=\"responsive\" \/><\/figure><\/div><\/div><div data-carousel-extra='{\"blog_id\":1,\"permalink\":\"https:\\\/\\\/navalremo.pt\\\/site\\\/2024\\\/05\\\/06\\\/a-naval-remo-participa-na-regata-internacional-da-queima-das-fitas-e-no-campeonato-nacional-universitario\\\/\"}' class=\"tiled-gallery__row\"><div data-carousel-extra='{\"blog_id\":1,\"permalink\":\"https:\\\/\\\/navalremo.pt\\\/site\\\/2024\\\/05\\\/06\\\/a-naval-remo-participa-na-regata-internacional-da-queima-das-fitas-e-no-campeonato-nacional-universitario\\\/\"}' class=\"tiled-gallery__col\" style=\"flex-basis:33.33333%\"><figure class=\"tiled-gallery__item\"><img data-attachment-id=\"3158\" data-permalink=\"https:\/\/navalremo.pt\/site\/2024\/05\/06\/a-naval-remo-participa-na-regata-internacional-da-queima-das-fitas-e-no-campeonato-nacional-universitario\/whatsapp-image-2024-05-04-at-22-33-37\/\" data-orig-file=\"https:\/\/navalremo.pt\/site\/wp-content\/uploads\/2024\/05\/WhatsApp-Image-2024-05-04-at-22.33.37.jpeg\" data-orig-size=\"2048,1536\" data-comments-opened=\"0\" data-image-meta=\"{&quot;aperture&quot;:&quot;0&quot;,&quot;credit&quot;:&quot;&quot;,&quot;camera&quot;:&quot;&quot;,&quot;caption&quot;:&quot;&quot;,&quot;created_timestamp&quot;:&quot;0&quot;,&quot;copyright&quot;:&quot;&quot;,&quot;focal_length&quot;:&quot;0&quot;,&quot;iso&quot;:&quot;0&quot;,&quot;shutter_speed&quot;:&quot;0&quot;,&quot;title&quot;:&quot;&quot;,&quot;orientation&quot;:&quot;0&quot;}\" data-image-title=\"WhatsApp-Image-2024-05-04-at-22.33.37\" data-image-description=\"\" data-medium-file=\"https:\/\/navalremo.pt\/site\/wp-content\/uploads\/2024\/05\/WhatsApp-Image-2024-05-04-at-22.33.37-300x225.jpeg\" data-large-file=\"https:\/\/navalremo.pt\/site\/wp-content\/uploads\/2024\/05\/WhatsApp-Image-2024-05-04-at-22.33.37-1024x768.jpeg\" data-attachment-id=\"3158\" data-permalink=\"https:\/\/navalremo.pt\/site\/2024\/05\/06\/a-naval-remo-participa-na-regata-internacional-da-queima-das-fitas-e-no-campeonato-nacional-universitario\/whatsapp-image-2024-05-04-at-22-33-37\/\" data-orig-file=\"https:\/\/navalremo.pt\/site\/wp-content\/uploads\/2024\/05\/WhatsApp-Image-2024-05-04-at-22.33.37.jpeg\" data-orig-size=\"2048,1536\" data-comments-opened=\"0\" data-image-meta=\"{&quot;aperture&quot;:&quot;0&quot;,&quot;credit&quot;:&quot;&quot;,&quot;camera&quot;:&quot;&quot;,&quot;caption&quot;:&quot;&quot;,&quot;created_timestamp&quot;:&quot;0&quot;,&quot;copyright&quot;:&quot;&quot;,&quot;focal_length&quot;:&quot;0&quot;,&quot;iso&quot;:&quot;0&quot;,&quot;shutter_speed&quot;:&quot;0&quot;,&quot;title&quot;:&quot;&quot;,&quot;orientation&quot;:&quot;0&quot;}\" data-image-title=\"WhatsApp-Image-2024-05-04-at-22.33.37\" data-image-description=\"\" data-medium-file=\"https:\/\/navalremo.pt\/site\/wp-content\/uploads\/2024\/05\/WhatsApp-Image-2024-05-04-at-22.33.37-300x225.jpeg\" data-large-file=\"https:\/\/navalremo.pt\/site\/wp-content\/uploads\/2024\/05\/WhatsApp-Image-2024-05-04-at-22.33.37-1024x768.jpeg\" srcset=\"https:\/\/i0.wp.com\/navalremo.pt\/site\/wp-content\/uploads\/2024\/05\/WhatsApp-Image-2024-05-04-at-22.33.37.jpeg?strip=info&#038;w=600&#038;ssl=1 600w,https:\/\/i0.wp.com\/navalremo.pt\/site\/wp-content\/uploads\/2024\/05\/WhatsApp-Image-2024-05-04-at-22.33.37.jpeg?strip=info&#038;w=900&#038;ssl=1 900w,https:\/\/i0.wp.com\/navalremo.pt\/site\/wp-content\/uploads\/2024\/05\/WhatsApp-Image-2024-05-04-at-22.33.37.jpeg?strip=info&#038;w=1200&#038;ssl=1 1200w,https:\/\/i0.wp.com\/navalremo.pt\/site\/wp-content\/uploads\/2024\/05\/WhatsApp-Image-2024-05-04-at-22.33.37.jpeg?strip=info&#038;w=1500&#038;ssl=1 1500w,https:\/\/i0.wp.com\/navalremo.pt\/site\/wp-content\/uploads\/2024\/05\/WhatsApp-Image-2024-05-04-at-22.33.37.jpeg?strip=info&#038;w=1536&#038;ssl=1 1536w\" alt=\"\" data-height=\"1536\" data-id=\"3158\" data-link=\"https:\/\/navalremo.pt\/site\/?attachment_id=3158\" data-url=\"https:\/\/navalremo.pt\/site\/wp-content\/uploads\/2024\/05\/WhatsApp-Image-2024-05-04-at-22.33.37.jpeg\" data-width=\"2048\" src=\"https:\/\/i0.wp.com\/navalremo.pt\/site\/wp-content\/uploads\/2024\/05\/WhatsApp-Image-2024-05-04-at-22.33.37.jpeg?ssl=1\" data-amp-layout=\"responsive\" \/><\/figure><\/div><div data-carousel-extra='{\"blog_id\":1,\"permalink\":\"https:\\\/\\\/navalremo.pt\\\/site\\\/2024\\\/05\\\/06\\\/a-naval-remo-participa-na-regata-internacional-da-queima-das-fitas-e-no-campeonato-nacional-universitario\\\/\"}' class=\"tiled-gallery__col\" style=\"flex-basis:33.33333%\"><figure class=\"tiled-gallery__item\"><img data-attachment-id=\"3159\" data-permalink=\"https:\/\/navalremo.pt\/site\/2024\/05\/06\/a-naval-remo-participa-na-regata-internacional-da-queima-das-fitas-e-no-campeonato-nacional-universitario\/whatsapp-image-2024-05-04-at-22-33-39\/\" data-orig-file=\"https:\/\/navalremo.pt\/site\/wp-content\/uploads\/2024\/05\/WhatsApp-Image-2024-05-04-at-22.33.39.jpeg\" data-orig-size=\"2048,1536\" data-comments-opened=\"0\" data-image-meta=\"{&quot;aperture&quot;:&quot;0&quot;,&quot;credit&quot;:&quot;&quot;,&quot;camera&quot;:&quot;&quot;,&quot;caption&quot;:&quot;&quot;,&quot;created_timestamp&quot;:&quot;0&quot;,&quot;copyright&quot;:&quot;&quot;,&quot;focal_length&quot;:&quot;0&quot;,&quot;iso&quot;:&quot;0&quot;,&quot;shutter_speed&quot;:&quot;0&quot;,&quot;title&quot;:&quot;&quot;,&quot;orientation&quot;:&quot;0&quot;}\" data-image-title=\"WhatsApp-Image-2024-05-04-at-22.33.39\" data-image-description=\"\" data-medium-file=\"https:\/\/navalremo.pt\/site\/wp-content\/uploads\/2024\/05\/WhatsApp-Image-2024-05-04-at-22.33.39-300x225.jpeg\" data-large-file=\"https:\/\/navalremo.pt\/site\/wp-content\/uploads\/2024\/05\/WhatsApp-Image-2024-05-04-at-22.33.39-1024x768.jpeg\" data-attachment-id=\"3159\" data-permalink=\"https:\/\/navalremo.pt\/site\/2024\/05\/06\/a-naval-remo-participa-na-regata-internacional-da-queima-das-fitas-e-no-campeonato-nacional-universitario\/whatsapp-image-2024-05-04-at-22-33-39\/\" data-orig-file=\"https:\/\/navalremo.pt\/site\/wp-content\/uploads\/2024\/05\/WhatsApp-Image-2024-05-04-at-22.33.39.jpeg\" data-orig-size=\"2048,1536\" data-comments-opened=\"0\" data-image-meta=\"{&quot;aperture&quot;:&quot;0&quot;,&quot;credit&quot;:&quot;&quot;,&quot;camera&quot;:&quot;&quot;,&quot;caption&quot;:&quot;&quot;,&quot;created_timestamp&quot;:&quot;0&quot;,&quot;copyright&quot;:&quot;&quot;,&quot;focal_length&quot;:&quot;0&quot;,&quot;iso&quot;:&quot;0&quot;,&quot;shutter_speed&quot;:&quot;0&quot;,&quot;title&quot;:&quot;&quot;,&quot;orientation&quot;:&quot;0&quot;}\" data-image-title=\"WhatsApp-Image-2024-05-04-at-22.33.39\" data-image-description=\"\" data-medium-file=\"https:\/\/navalremo.pt\/site\/wp-content\/uploads\/2024\/05\/WhatsApp-Image-2024-05-04-at-22.33.39-300x225.jpeg\" data-large-file=\"https:\/\/navalremo.pt\/site\/wp-content\/uploads\/2024\/05\/WhatsApp-Image-2024-05-04-at-22.33.39-1024x768.jpeg\" srcset=\"https:\/\/i0.wp.com\/navalremo.pt\/site\/wp-content\/uploads\/2024\/05\/WhatsApp-Image-2024-05-04-at-22.33.39.jpeg?strip=info&#038;w=600&#038;ssl=1 600w,https:\/\/i0.wp.com\/navalremo.pt\/site\/wp-content\/uploads\/2024\/05\/WhatsApp-Image-2024-05-04-at-22.33.39.jpeg?strip=info&#038;w=900&#038;ssl=1 900w,https:\/\/i0.wp.com\/navalremo.pt\/site\/wp-content\/uploads\/2024\/05\/WhatsApp-Image-2024-05-04-at-22.33.39.jpeg?strip=info&#038;w=1200&#038;ssl=1 1200w,https:\/\/i0.wp.com\/navalremo.pt\/site\/wp-content\/uploads\/2024\/05\/WhatsApp-Image-2024-05-04-at-22.33.39.jpeg?strip=info&#038;w=1500&#038;ssl=1 1500w,https:\/\/i0.wp.com\/navalremo.pt\/site\/wp-content\/uploads\/2024\/05\/WhatsApp-Image-2024-05-04-at-22.33.39.jpeg?strip=info&#038;w=1536&#038;ssl=1 1536w\" alt=\"\" data-height=\"1536\" data-id=\"3159\" data-link=\"https:\/\/navalremo.pt\/site\/?attachment_id=3159\" data-url=\"https:\/\/navalremo.pt\/site\/wp-content\/uploads\/2024\/05\/WhatsApp-Image-2024-05-04-at-22.33.39.jpeg\" data-width=\"2048\" src=\"https:\/\/i0.wp.com\/navalremo.pt\/site\/wp-content\/uploads\/2024\/05\/WhatsApp-Image-2024-05-04-at-22.33.39.jpeg?ssl=1\" data-amp-layout=\"responsive\" \/><\/figure><\/div><div data-carousel-extra='{\"blog_id\":1,\"permalink\":\"https:\\\/\\\/navalremo.pt\\\/site\\\/2024\\\/05\\\/06\\\/a-naval-remo-participa-na-regata-internacional-da-queima-das-fitas-e-no-campeonato-nacional-universitario\\\/\"}' class=\"tiled-gallery__col\" style=\"flex-basis:33.33333%\"><figure class=\"tiled-gallery__item\"><img data-attachment-id=\"3160\" data-permalink=\"https:\/\/navalremo.pt\/site\/2024\/05\/06\/a-naval-remo-participa-na-regata-internacional-da-queima-das-fitas-e-no-campeonato-nacional-universitario\/whatsapp-image-2024-05-06-at-00-16-34\/\" data-orig-file=\"https:\/\/navalremo.pt\/site\/wp-content\/uploads\/2024\/05\/WhatsApp-Image-2024-05-06-at-00.16.34.jpeg\" data-orig-size=\"1600,1200\" data-comments-opened=\"0\" data-image-meta=\"{&quot;aperture&quot;:&quot;0&quot;,&quot;credit&quot;:&quot;&quot;,&quot;camera&quot;:&quot;&quot;,&quot;caption&quot;:&quot;&quot;,&quot;created_timestamp&quot;:&quot;0&quot;,&quot;copyright&quot;:&quot;&quot;,&quot;focal_length&quot;:&quot;0&quot;,&quot;iso&quot;:&quot;0&quot;,&quot;shutter_speed&quot;:&quot;0&quot;,&quot;title&quot;:&quot;&quot;,&quot;orientation&quot;:&quot;0&quot;}\" data-image-title=\"WhatsApp-Image-2024-05-06-at-00.16.34\" data-image-description=\"\" data-medium-file=\"https:\/\/navalremo.pt\/site\/wp-content\/uploads\/2024\/05\/WhatsApp-Image-2024-05-06-at-00.16.34-300x225.jpeg\" data-large-file=\"https:\/\/navalremo.pt\/site\/wp-content\/uploads\/2024\/05\/WhatsApp-Image-2024-05-06-at-00.16.34-1024x768.jpeg\" data-attachment-id=\"3160\" data-permalink=\"https:\/\/navalremo.pt\/site\/2024\/05\/06\/a-naval-remo-participa-na-regata-internacional-da-queima-das-fitas-e-no-campeonato-nacional-universitario\/whatsapp-image-2024-05-06-at-00-16-34\/\" data-orig-file=\"https:\/\/navalremo.pt\/site\/wp-content\/uploads\/2024\/05\/WhatsApp-Image-2024-05-06-at-00.16.34.jpeg\" data-orig-size=\"1600,1200\" data-comments-opened=\"0\" data-image-meta=\"{&quot;aperture&quot;:&quot;0&quot;,&quot;credit&quot;:&quot;&quot;,&quot;camera&quot;:&quot;&quot;,&quot;caption&quot;:&quot;&quot;,&quot;created_timestamp&quot;:&quot;0&quot;,&quot;copyright&quot;:&quot;&quot;,&quot;focal_length&quot;:&quot;0&quot;,&quot;iso&quot;:&quot;0&quot;,&quot;shutter_speed&quot;:&quot;0&quot;,&quot;title&quot;:&quot;&quot;,&quot;orientation&quot;:&quot;0&quot;}\" data-image-title=\"WhatsApp-Image-2024-05-06-at-00.16.34\" data-image-description=\"\" data-medium-file=\"https:\/\/navalremo.pt\/site\/wp-content\/uploads\/2024\/05\/WhatsApp-Image-2024-05-06-at-00.16.34-300x225.jpeg\" data-large-file=\"https:\/\/navalremo.pt\/site\/wp-content\/uploads\/2024\/05\/WhatsApp-Image-2024-05-06-at-00.16.34-1024x768.jpeg\" srcset=\"https:\/\/i1.wp.com\/navalremo.pt\/site\/wp-content\/uploads\/2024\/05\/WhatsApp-Image-2024-05-06-at-00.16.34.jpeg?strip=info&#038;w=600&#038;ssl=1 600w,https:\/\/i1.wp.com\/navalremo.pt\/site\/wp-content\/uploads\/2024\/05\/WhatsApp-Image-2024-05-06-at-00.16.34.jpeg?strip=info&#038;w=900&#038;ssl=1 900w,https:\/\/i1.wp.com\/navalremo.pt\/site\/wp-content\/uploads\/2024\/05\/WhatsApp-Image-2024-05-06-at-00.16.34.jpeg?strip=info&#038;w=1200&#038;ssl=1 1200w\" alt=\"\" data-height=\"1200\" data-id=\"3160\" data-link=\"https:\/\/navalremo.pt\/site\/?attachment_id=3160\" data-url=\"https:\/\/navalremo.pt\/site\/wp-content\/uploads\/2024\/05\/WhatsApp-Image-2024-05-06-at-00.16.34.jpeg\" data-width=\"1600\" src=\"https:\/\/i1.wp.com\/navalremo.pt\/site\/wp-content\/uploads\/2024\/05\/WhatsApp-Image-2024-05-06-at-00.16.34.jpeg?ssl=1\" data-amp-layout=\"responsive\" \/><\/figure><\/div><\/div><\/div><\/div>\n","protected":false},"excerpt":{"rendered":"<p>No passado dia 04 de maio de 2024 a Naval Remo participou na Regata Internacional da Queima das Fitas e no dia 05 de maio participou no Campeonato Nacional Universit\u00e1rio. Foi um excelente fim de semana para o Remo da Naval, onde foi poss\u00edvel obter mais uns bons resultados e algumas indica\u00e7\u00f5es para o final [&hellip;]<\/p>\n","protected":false},"author":2,"featured_media":3155,"comment_status":"closed","ping_status":"open","sticky":false,"template":"","format":"standard","meta":{"spay_email":""},"categories":[45,4,5],"tags":[],"jetpack_featured_media_url":"https:\/\/navalremo.pt\/site\/wp-content\/uploads\/2024\/05\/441257608_1801190247037812_6200109021276354722_n.jpg","_links":{"self":[{"href":"https:\/\/navalremo.pt\/site\/wp-json\/wp\/v2\/posts\/3151"}],"collection":[{"href":"https:\/\/navalremo.pt\/site\/wp-json\/wp\/v2\/posts"}],"about":[{"href":"https:\/\/navalremo.pt\/site\/wp-json\/wp\/v2\/types\/post"}],"author":[{"embeddable":true,"href":"https:\/\/navalremo.pt\/site\/wp-json\/wp\/v2\/users\/2"}],"replies":[{"embeddable":true,"href":"https:\/\/navalremo.pt\/site\/wp-json\/wp\/v2\/comments?post=3151"}],"version-history":[{"count":1,"href":"https:\/\/navalremo.pt\/site\/wp-json\/wp\/v2\/posts\/3151\/revisions"}],"predecessor-version":[{"id":3161,"href":"https:\/\/navalremo.pt\/site\/wp-json\/wp\/v2\/posts\/3151\/revisions\/3161"}],"wp:featuredmedia":[{"embeddable":true,"href":"https:\/\/navalremo.pt\/site\/wp-json\/wp\/v2\/media\/3155"}],"wp:attachment":[{"href":"https:\/\/navalremo.pt\/site\/wp-json\/wp\/v2\/media?parent=3151"}],"wp:term":[{"taxonomy":"category","embeddable":true,"href":"https:\/\/navalremo.pt\/site\/wp-json\/wp\/v2\/categories?post=3151"},{"taxonomy":"post_tag","embeddable":true,"href":"https:\/\/navalremo.pt\/site\/wp-json\/wp\/v2\/tags?post=3151"}],"curies":[{"name":"wp","href":"https:\/\/api.w.org\/{rel}","templated":true}]}}