{"id":3128,"date":"2024-04-14T23:29:05","date_gmt":"2024-04-14T23:29:05","guid":{"rendered":"https:\/\/navalremo.pt\/site\/?p=3128"},"modified":"2024-04-14T23:29:10","modified_gmt":"2024-04-14T23:29:10","slug":"a-naval-remo-vence-taca-da-beira-litoral-e-taca-25-de-abril","status":"publish","type":"post","link":"https:\/\/navalremo.pt\/site\/2024\/04\/14\/a-naval-remo-vence-taca-da-beira-litoral-e-taca-25-de-abril\/","title":{"rendered":"A Naval Remo vence Ta\u00e7a da Beira Litoral e Ta\u00e7a 25 de Abril"},"content":{"rendered":"\n<p>No passado dia 13 de abril, realizou-se na Figueira da Foz uma Regata de Remo onde esteve em disputa a Ta\u00e7a da Beira Litoral e a Ta\u00e7a 25 de Abril.<\/p>\n\n\n\n<p>A Ta\u00e7a 25 de Abril insere-se num conjunto de iniciativas no \u00e2mbito das comemora\u00e7\u00f5es dos 50 anos do 25 de Abril teve sido uma organiza\u00e7\u00e3o conjunta da Associa\u00e7\u00e3o Desportiva Naval Remo e do Gin\u00e1sio Clube Figueirense com o apoio da C\u00e2mara Municipal da Figueira da Foz e a Assembleia Municipal da Figueira da Foz.<\/p>\n\n\n\n<p>Num excelente dia primaveril, esta Regata contou com mais de 140 Atletas de 6 clubes que deram um novo colorido \u00e0 Pra\u00e7a Europa. A Naval Remo fez o pleno com a conquista de todos os Trof\u00e9us em competi\u00e7\u00e3o, nomeadamente Ta\u00e7a da Beira Litoral na categoria Feminina, Ta\u00e7a da Beira Litoral na categoria Masculina e a Ta\u00e7a 25 de Abril, com base nos seguintes resultados:<\/p>\n\n\n\n<ul><li>Skiff Remo Jovem Feminino \u2013 1\u00ba Lugar Maria Nascimento, 2\u00ba Lugar Mariana Rodrigues;<\/li><li>Double Scull Remo Jovem Feminino \u2013 3\u00ba Lugar para Raquel Santos e Margarida Silva, 4\u00ba Lugar para Filipa Rocha e Sofia Oliveira e 6\u00ba Lugar para Sara Carramona e Salom\u00e9 Lemos;<\/li><li>Quadri Scull Remo Jovem Masculino \u2013 2\u00ba Lugar para Andr\u00e9 Leal, Duarte Gameiro, Martim Reveles e Jo\u00e3o Monteiro;<\/li><li>Skiff Remo Jovem Masculino \u2013 1\u00ba Lugar para Hugo Baeta, 7\u00ba Lugar para Rafael Ferreira e 10\u00ba Lugar para Henrique Ornelas;<\/li><li>Double Scull Remo Jovem Masculino \u2013 1\u00ba Lugar para Pedro Oliveira e Jos\u00e9 Azevedo e 5\u00ba Lugar para Stephen Encarnacion e Alexandre Gir\u00e3o;<\/li><li>Double Scull Absoluto Feminino \u2013 1\u00ba Lugar para Patr\u00edcia Batista e Mafalda Oliveira e 4\u00ba Lugar para Ana Pereira e C\u00e1tia Santos;<\/li><li>Quadri Scull Absoluto Masculino \u2013 2\u00ba Lugar para Martim Bastos, Raul Rodrigues, Daniel Pereira e Daniel Azevedo;<\/li><li>Quadri Remo Jovem Feminino \u2013 1\u00ba Lugar para Sara Carramona, Salom\u00e9 Lemos, Margarida Lemos e Raquel Santos;<\/li><li>Shell de 8 Remo Jovem Masculino \u2013 1\u00ba Lugar para Hugo Baeta, Pedro Oliveira, Jos\u00e9 Azevedo, Andr\u00e9 Leal, Martim Reveles, Duarte Sisudo, Stephen Encarnacion, Rafael Ferreira e Francisco Cruz;<\/li><li>Quadri Scull Absoluto Feminino \u2013 2\u00ba Luagar para Ana Magalh\u00e3es, Patr\u00edcia Batista, ;Mafalda Oliveira e C\u00e1tia Santos;<\/li><li>Shell de 8 Absoluto Masculino \u2013 4\u00ba Lugar para Roman Nayavko, Raul Rodrigues, Diogo Ferreira, Nuno Gameiro, Jos\u00e9 Silva, Rodrigo Almeida, Bernardo Cruz e Francisco Cruz.<\/li><\/ul>\n\n\n\n<p>Com destaque para a Organiza\u00e7\u00e3o conjunta dos 2 Clubes de Remo da cidade, esta Regata que contou ainda com a transmiss\u00e3o em direto e o almo\u00e7o no Grupo Recreativo Vilaverdense para todos os Atletas.<\/p>\n\n\n\n<p>Marcaram presen\u00e7a diversas entidades, nomeadamente o Presidente da C\u00e2mara da Figueira da Foz, Dr. Pedro Santana Lopes, o Presidente da Assembleia Municipal, Eng. Jos\u00e9 Duarte, Capit\u00e3o do Porto da Figueira da Foz, Comandante Cervaens Costa, Presidentes de Junta e seus Representantes, Vereadores e Deputados da Assembleia Municipal.<\/p>\n\n\n\n<p>Dirigindo algumas palavras aos presentes, o Presidente da C\u00e2mara e o Presidente da Assembleia Municipal real\u00e7aram a import\u00e2ncia do Remo na Figueira da Foz, com tradi\u00e7\u00f5es na hist\u00f3ria, devendo ser apoiado para voltar a ser o emblema da cidade e aproximar os figueirenses do rio e das \u00e1guas cheias de movimento em juventude.<\/p>\n\n\n\n<p>Enquanto clube que participou na organiza\u00e7\u00e3o e com a conquista das Ta\u00e7as da Beira Litoral e da Ta\u00e7a 25 de Abril, n\u00e3o pod\u00edamos estar mais satisfeitos, endere\u00e7ando os parab\u00e9ns aos Atletas e aos Treinadores por mais estes \u00eaxitos, deixando por fim uma palavra de agradecimento a todos os clubes que se deslocaram \u00e0 Figueira da Foz e participaram nesta Regata\u2026 bem hajam!<\/p>\n\n\n\n<p>Veja a Regata em <a href=\"https:\/\/www.youtube.com\/watch?v=ssG3alLfxUk\">https:\/\/www.youtube.com\/watch?v=ssG3alLfxUk<\/a><\/p>\n\n\n\n<div data-carousel-extra='{\"blog_id\":1,\"permalink\":\"https:\\\/\\\/navalremo.pt\\\/site\\\/2024\\\/04\\\/14\\\/a-naval-remo-vence-taca-da-beira-litoral-e-taca-25-de-abril\\\/\"}' class=\"wp-block-jetpack-tiled-gallery aligncenter is-style-rectangular\"><div data-carousel-extra='{\"blog_id\":1,\"permalink\":\"https:\\\/\\\/navalremo.pt\\\/site\\\/2024\\\/04\\\/14\\\/a-naval-remo-vence-taca-da-beira-litoral-e-taca-25-de-abril\\\/\"}' class=\"tiled-gallery__gallery\"><div data-carousel-extra='{\"blog_id\":1,\"permalink\":\"https:\\\/\\\/navalremo.pt\\\/site\\\/2024\\\/04\\\/14\\\/a-naval-remo-vence-taca-da-beira-litoral-e-taca-25-de-abril\\\/\"}' class=\"tiled-gallery__row\"><div data-carousel-extra='{\"blog_id\":1,\"permalink\":\"https:\\\/\\\/navalremo.pt\\\/site\\\/2024\\\/04\\\/14\\\/a-naval-remo-vence-taca-da-beira-litoral-e-taca-25-de-abril\\\/\"}' class=\"tiled-gallery__col\" style=\"flex-basis:66.33829%\"><figure class=\"tiled-gallery__item\"><img data-attachment-id=\"3129\" data-permalink=\"https:\/\/navalremo.pt\/site\/2024\/04\/14\/a-naval-remo-vence-taca-da-beira-litoral-e-taca-25-de-abril\/437482084_876152214550745_8815534084591945917_n\/\" data-orig-file=\"https:\/\/navalremo.pt\/site\/wp-content\/uploads\/2024\/04\/437482084_876152214550745_8815534084591945917_n.jpg\" data-orig-size=\"1600,1067\" data-comments-opened=\"0\" data-image-meta=\"{&quot;aperture&quot;:&quot;0&quot;,&quot;credit&quot;:&quot;&quot;,&quot;camera&quot;:&quot;&quot;,&quot;caption&quot;:&quot;&quot;,&quot;created_timestamp&quot;:&quot;0&quot;,&quot;copyright&quot;:&quot;&quot;,&quot;focal_length&quot;:&quot;0&quot;,&quot;iso&quot;:&quot;0&quot;,&quot;shutter_speed&quot;:&quot;0&quot;,&quot;title&quot;:&quot;&quot;,&quot;orientation&quot;:&quot;0&quot;}\" data-image-title=\"437482084_876152214550745_8815534084591945917_n\" data-image-description=\"\" data-medium-file=\"https:\/\/navalremo.pt\/site\/wp-content\/uploads\/2024\/04\/437482084_876152214550745_8815534084591945917_n-300x200.jpg\" data-large-file=\"https:\/\/navalremo.pt\/site\/wp-content\/uploads\/2024\/04\/437482084_876152214550745_8815534084591945917_n-1024x683.jpg\" data-attachment-id=\"3129\" data-permalink=\"https:\/\/navalremo.pt\/site\/2024\/04\/14\/a-naval-remo-vence-taca-da-beira-litoral-e-taca-25-de-abril\/437482084_876152214550745_8815534084591945917_n\/\" data-orig-file=\"https:\/\/navalremo.pt\/site\/wp-content\/uploads\/2024\/04\/437482084_876152214550745_8815534084591945917_n.jpg\" data-orig-size=\"1600,1067\" data-comments-opened=\"0\" data-image-meta=\"{&quot;aperture&quot;:&quot;0&quot;,&quot;credit&quot;:&quot;&quot;,&quot;camera&quot;:&quot;&quot;,&quot;caption&quot;:&quot;&quot;,&quot;created_timestamp&quot;:&quot;0&quot;,&quot;copyright&quot;:&quot;&quot;,&quot;focal_length&quot;:&quot;0&quot;,&quot;iso&quot;:&quot;0&quot;,&quot;shutter_speed&quot;:&quot;0&quot;,&quot;title&quot;:&quot;&quot;,&quot;orientation&quot;:&quot;0&quot;}\" data-image-title=\"437482084_876152214550745_8815534084591945917_n\" data-image-description=\"\" data-medium-file=\"https:\/\/navalremo.pt\/site\/wp-content\/uploads\/2024\/04\/437482084_876152214550745_8815534084591945917_n-300x200.jpg\" data-large-file=\"https:\/\/navalremo.pt\/site\/wp-content\/uploads\/2024\/04\/437482084_876152214550745_8815534084591945917_n-1024x683.jpg\" srcset=\"https:\/\/i2.wp.com\/navalremo.pt\/site\/wp-content\/uploads\/2024\/04\/437482084_876152214550745_8815534084591945917_n.jpg?strip=info&#038;w=600&#038;ssl=1 600w,https:\/\/i2.wp.com\/navalremo.pt\/site\/wp-content\/uploads\/2024\/04\/437482084_876152214550745_8815534084591945917_n.jpg?strip=info&#038;w=900&#038;ssl=1 900w,https:\/\/i2.wp.com\/navalremo.pt\/site\/wp-content\/uploads\/2024\/04\/437482084_876152214550745_8815534084591945917_n.jpg?strip=info&#038;w=1067&#038;ssl=1 1067w\" alt=\"\" data-height=\"1067\" data-id=\"3129\" data-link=\"https:\/\/navalremo.pt\/site\/?attachment_id=3129\" data-url=\"https:\/\/navalremo.pt\/site\/wp-content\/uploads\/2024\/04\/437482084_876152214550745_8815534084591945917_n.jpg\" data-width=\"1600\" src=\"https:\/\/i2.wp.com\/navalremo.pt\/site\/wp-content\/uploads\/2024\/04\/437482084_876152214550745_8815534084591945917_n.jpg?ssl=1\" data-amp-layout=\"responsive\" \/><\/figure><\/div><div data-carousel-extra='{\"blog_id\":1,\"permalink\":\"https:\\\/\\\/navalremo.pt\\\/site\\\/2024\\\/04\\\/14\\\/a-naval-remo-vence-taca-da-beira-litoral-e-taca-25-de-abril\\\/\"}' class=\"tiled-gallery__col\" style=\"flex-basis:33.66171%\"><figure class=\"tiled-gallery__item\"><img data-attachment-id=\"3130\" data-permalink=\"https:\/\/navalremo.pt\/site\/2024\/04\/14\/a-naval-remo-vence-taca-da-beira-litoral-e-taca-25-de-abril\/437568913_876152477884052_741892928970256026_n\/\" data-orig-file=\"https:\/\/navalremo.pt\/site\/wp-content\/uploads\/2024\/04\/437568913_876152477884052_741892928970256026_n.jpg\" data-orig-size=\"1600,1046\" data-comments-opened=\"0\" data-image-meta=\"{&quot;aperture&quot;:&quot;0&quot;,&quot;credit&quot;:&quot;&quot;,&quot;camera&quot;:&quot;&quot;,&quot;caption&quot;:&quot;&quot;,&quot;created_timestamp&quot;:&quot;0&quot;,&quot;copyright&quot;:&quot;&quot;,&quot;focal_length&quot;:&quot;0&quot;,&quot;iso&quot;:&quot;0&quot;,&quot;shutter_speed&quot;:&quot;0&quot;,&quot;title&quot;:&quot;&quot;,&quot;orientation&quot;:&quot;0&quot;}\" data-image-title=\"437568913_876152477884052_741892928970256026_n\" data-image-description=\"\" data-medium-file=\"https:\/\/navalremo.pt\/site\/wp-content\/uploads\/2024\/04\/437568913_876152477884052_741892928970256026_n-300x196.jpg\" data-large-file=\"https:\/\/navalremo.pt\/site\/wp-content\/uploads\/2024\/04\/437568913_876152477884052_741892928970256026_n-1024x669.jpg\" data-attachment-id=\"3130\" data-permalink=\"https:\/\/navalremo.pt\/site\/2024\/04\/14\/a-naval-remo-vence-taca-da-beira-litoral-e-taca-25-de-abril\/437568913_876152477884052_741892928970256026_n\/\" data-orig-file=\"https:\/\/navalremo.pt\/site\/wp-content\/uploads\/2024\/04\/437568913_876152477884052_741892928970256026_n.jpg\" data-orig-size=\"1600,1046\" data-comments-opened=\"0\" data-image-meta=\"{&quot;aperture&quot;:&quot;0&quot;,&quot;credit&quot;:&quot;&quot;,&quot;camera&quot;:&quot;&quot;,&quot;caption&quot;:&quot;&quot;,&quot;created_timestamp&quot;:&quot;0&quot;,&quot;copyright&quot;:&quot;&quot;,&quot;focal_length&quot;:&quot;0&quot;,&quot;iso&quot;:&quot;0&quot;,&quot;shutter_speed&quot;:&quot;0&quot;,&quot;title&quot;:&quot;&quot;,&quot;orientation&quot;:&quot;0&quot;}\" data-image-title=\"437568913_876152477884052_741892928970256026_n\" data-image-description=\"\" data-medium-file=\"https:\/\/navalremo.pt\/site\/wp-content\/uploads\/2024\/04\/437568913_876152477884052_741892928970256026_n-300x196.jpg\" data-large-file=\"https:\/\/navalremo.pt\/site\/wp-content\/uploads\/2024\/04\/437568913_876152477884052_741892928970256026_n-1024x669.jpg\" srcset=\"https:\/\/i2.wp.com\/navalremo.pt\/site\/wp-content\/uploads\/2024\/04\/437568913_876152477884052_741892928970256026_n.jpg?strip=info&#038;w=600&#038;ssl=1 600w,https:\/\/i2.wp.com\/navalremo.pt\/site\/wp-content\/uploads\/2024\/04\/437568913_876152477884052_741892928970256026_n.jpg?strip=info&#038;w=900&#038;ssl=1 900w,https:\/\/i2.wp.com\/navalremo.pt\/site\/wp-content\/uploads\/2024\/04\/437568913_876152477884052_741892928970256026_n.jpg?strip=info&#038;w=1046&#038;ssl=1 1046w\" alt=\"\" data-height=\"1046\" data-id=\"3130\" data-link=\"https:\/\/navalremo.pt\/site\/?attachment_id=3130\" data-url=\"https:\/\/navalremo.pt\/site\/wp-content\/uploads\/2024\/04\/437568913_876152477884052_741892928970256026_n.jpg\" data-width=\"1600\" src=\"https:\/\/i2.wp.com\/navalremo.pt\/site\/wp-content\/uploads\/2024\/04\/437568913_876152477884052_741892928970256026_n.jpg?ssl=1\" data-amp-layout=\"responsive\" \/><\/figure><figure class=\"tiled-gallery__item\"><img data-attachment-id=\"3131\" data-permalink=\"https:\/\/navalremo.pt\/site\/2024\/04\/14\/a-naval-remo-vence-taca-da-beira-litoral-e-taca-25-de-abril\/437584171_876152244550742_4882879625633060273_n\/\" data-orig-file=\"https:\/\/navalremo.pt\/site\/wp-content\/uploads\/2024\/04\/437584171_876152244550742_4882879625633060273_n.jpg\" data-orig-size=\"1600,1045\" data-comments-opened=\"0\" data-image-meta=\"{&quot;aperture&quot;:&quot;0&quot;,&quot;credit&quot;:&quot;&quot;,&quot;camera&quot;:&quot;&quot;,&quot;caption&quot;:&quot;&quot;,&quot;created_timestamp&quot;:&quot;0&quot;,&quot;copyright&quot;:&quot;&quot;,&quot;focal_length&quot;:&quot;0&quot;,&quot;iso&quot;:&quot;0&quot;,&quot;shutter_speed&quot;:&quot;0&quot;,&quot;title&quot;:&quot;&quot;,&quot;orientation&quot;:&quot;0&quot;}\" data-image-title=\"437584171_876152244550742_4882879625633060273_n\" data-image-description=\"\" data-medium-file=\"https:\/\/navalremo.pt\/site\/wp-content\/uploads\/2024\/04\/437584171_876152244550742_4882879625633060273_n-300x196.jpg\" data-large-file=\"https:\/\/navalremo.pt\/site\/wp-content\/uploads\/2024\/04\/437584171_876152244550742_4882879625633060273_n-1024x669.jpg\" data-attachment-id=\"3131\" data-permalink=\"https:\/\/navalremo.pt\/site\/2024\/04\/14\/a-naval-remo-vence-taca-da-beira-litoral-e-taca-25-de-abril\/437584171_876152244550742_4882879625633060273_n\/\" data-orig-file=\"https:\/\/navalremo.pt\/site\/wp-content\/uploads\/2024\/04\/437584171_876152244550742_4882879625633060273_n.jpg\" data-orig-size=\"1600,1045\" data-comments-opened=\"0\" data-image-meta=\"{&quot;aperture&quot;:&quot;0&quot;,&quot;credit&quot;:&quot;&quot;,&quot;camera&quot;:&quot;&quot;,&quot;caption&quot;:&quot;&quot;,&quot;created_timestamp&quot;:&quot;0&quot;,&quot;copyright&quot;:&quot;&quot;,&quot;focal_length&quot;:&quot;0&quot;,&quot;iso&quot;:&quot;0&quot;,&quot;shutter_speed&quot;:&quot;0&quot;,&quot;title&quot;:&quot;&quot;,&quot;orientation&quot;:&quot;0&quot;}\" data-image-title=\"437584171_876152244550742_4882879625633060273_n\" data-image-description=\"\" data-medium-file=\"https:\/\/navalremo.pt\/site\/wp-content\/uploads\/2024\/04\/437584171_876152244550742_4882879625633060273_n-300x196.jpg\" data-large-file=\"https:\/\/navalremo.pt\/site\/wp-content\/uploads\/2024\/04\/437584171_876152244550742_4882879625633060273_n-1024x669.jpg\" srcset=\"https:\/\/i1.wp.com\/navalremo.pt\/site\/wp-content\/uploads\/2024\/04\/437584171_876152244550742_4882879625633060273_n.jpg?strip=info&#038;w=600&#038;ssl=1 600w,https:\/\/i1.wp.com\/navalremo.pt\/site\/wp-content\/uploads\/2024\/04\/437584171_876152244550742_4882879625633060273_n.jpg?strip=info&#038;w=900&#038;ssl=1 900w,https:\/\/i1.wp.com\/navalremo.pt\/site\/wp-content\/uploads\/2024\/04\/437584171_876152244550742_4882879625633060273_n.jpg?strip=info&#038;w=1045&#038;ssl=1 1045w\" alt=\"\" data-height=\"1045\" data-id=\"3131\" data-link=\"https:\/\/navalremo.pt\/site\/?attachment_id=3131\" data-url=\"https:\/\/navalremo.pt\/site\/wp-content\/uploads\/2024\/04\/437584171_876152244550742_4882879625633060273_n.jpg\" data-width=\"1600\" src=\"https:\/\/i1.wp.com\/navalremo.pt\/site\/wp-content\/uploads\/2024\/04\/437584171_876152244550742_4882879625633060273_n.jpg?ssl=1\" data-amp-layout=\"responsive\" \/><\/figure><\/div><\/div><div data-carousel-extra='{\"blog_id\":1,\"permalink\":\"https:\\\/\\\/navalremo.pt\\\/site\\\/2024\\\/04\\\/14\\\/a-naval-remo-vence-taca-da-beira-litoral-e-taca-25-de-abril\\\/\"}' class=\"tiled-gallery__row\"><div data-carousel-extra='{\"blog_id\":1,\"permalink\":\"https:\\\/\\\/navalremo.pt\\\/site\\\/2024\\\/04\\\/14\\\/a-naval-remo-vence-taca-da-beira-litoral-e-taca-25-de-abril\\\/\"}' class=\"tiled-gallery__col\" style=\"flex-basis:34.83051%\"><figure class=\"tiled-gallery__item\"><img data-attachment-id=\"3132\" data-permalink=\"https:\/\/navalremo.pt\/site\/2024\/04\/14\/a-naval-remo-vence-taca-da-beira-litoral-e-taca-25-de-abril\/437653466_876152231217410_1623858543325507794_n\/\" data-orig-file=\"https:\/\/navalremo.pt\/site\/wp-content\/uploads\/2024\/04\/437653466_876152231217410_1623858543325507794_n.jpg\" data-orig-size=\"1600,899\" data-comments-opened=\"0\" data-image-meta=\"{&quot;aperture&quot;:&quot;0&quot;,&quot;credit&quot;:&quot;&quot;,&quot;camera&quot;:&quot;&quot;,&quot;caption&quot;:&quot;&quot;,&quot;created_timestamp&quot;:&quot;0&quot;,&quot;copyright&quot;:&quot;&quot;,&quot;focal_length&quot;:&quot;0&quot;,&quot;iso&quot;:&quot;0&quot;,&quot;shutter_speed&quot;:&quot;0&quot;,&quot;title&quot;:&quot;&quot;,&quot;orientation&quot;:&quot;0&quot;}\" data-image-title=\"437653466_876152231217410_1623858543325507794_n\" data-image-description=\"\" data-medium-file=\"https:\/\/navalremo.pt\/site\/wp-content\/uploads\/2024\/04\/437653466_876152231217410_1623858543325507794_n-300x169.jpg\" data-large-file=\"https:\/\/navalremo.pt\/site\/wp-content\/uploads\/2024\/04\/437653466_876152231217410_1623858543325507794_n-1024x575.jpg\" data-attachment-id=\"3132\" data-permalink=\"https:\/\/navalremo.pt\/site\/2024\/04\/14\/a-naval-remo-vence-taca-da-beira-litoral-e-taca-25-de-abril\/437653466_876152231217410_1623858543325507794_n\/\" data-orig-file=\"https:\/\/navalremo.pt\/site\/wp-content\/uploads\/2024\/04\/437653466_876152231217410_1623858543325507794_n.jpg\" data-orig-size=\"1600,899\" data-comments-opened=\"0\" data-image-meta=\"{&quot;aperture&quot;:&quot;0&quot;,&quot;credit&quot;:&quot;&quot;,&quot;camera&quot;:&quot;&quot;,&quot;caption&quot;:&quot;&quot;,&quot;created_timestamp&quot;:&quot;0&quot;,&quot;copyright&quot;:&quot;&quot;,&quot;focal_length&quot;:&quot;0&quot;,&quot;iso&quot;:&quot;0&quot;,&quot;shutter_speed&quot;:&quot;0&quot;,&quot;title&quot;:&quot;&quot;,&quot;orientation&quot;:&quot;0&quot;}\" data-image-title=\"437653466_876152231217410_1623858543325507794_n\" data-image-description=\"\" data-medium-file=\"https:\/\/navalremo.pt\/site\/wp-content\/uploads\/2024\/04\/437653466_876152231217410_1623858543325507794_n-300x169.jpg\" data-large-file=\"https:\/\/navalremo.pt\/site\/wp-content\/uploads\/2024\/04\/437653466_876152231217410_1623858543325507794_n-1024x575.jpg\" srcset=\"https:\/\/i0.wp.com\/navalremo.pt\/site\/wp-content\/uploads\/2024\/04\/437653466_876152231217410_1623858543325507794_n.jpg?strip=info&#038;w=600&#038;ssl=1 600w,https:\/\/i0.wp.com\/navalremo.pt\/site\/wp-content\/uploads\/2024\/04\/437653466_876152231217410_1623858543325507794_n.jpg?strip=info&#038;w=899&#038;ssl=1 899w\" alt=\"\" data-height=\"899\" data-id=\"3132\" data-link=\"https:\/\/navalremo.pt\/site\/?attachment_id=3132\" data-url=\"https:\/\/navalremo.pt\/site\/wp-content\/uploads\/2024\/04\/437653466_876152231217410_1623858543325507794_n.jpg\" data-width=\"1600\" src=\"https:\/\/i0.wp.com\/navalremo.pt\/site\/wp-content\/uploads\/2024\/04\/437653466_876152231217410_1623858543325507794_n.jpg?ssl=1\" data-amp-layout=\"responsive\" \/><\/figure><figure class=\"tiled-gallery__item\"><img data-attachment-id=\"3133\" data-permalink=\"https:\/\/navalremo.pt\/site\/2024\/04\/14\/a-naval-remo-vence-taca-da-beira-litoral-e-taca-25-de-abril\/438082698_876152184550748_6235956861401717160_n\/\" data-orig-file=\"https:\/\/navalremo.pt\/site\/wp-content\/uploads\/2024\/04\/438082698_876152184550748_6235956861401717160_n.jpg\" data-orig-size=\"1600,1046\" data-comments-opened=\"0\" data-image-meta=\"{&quot;aperture&quot;:&quot;0&quot;,&quot;credit&quot;:&quot;&quot;,&quot;camera&quot;:&quot;&quot;,&quot;caption&quot;:&quot;&quot;,&quot;created_timestamp&quot;:&quot;0&quot;,&quot;copyright&quot;:&quot;&quot;,&quot;focal_length&quot;:&quot;0&quot;,&quot;iso&quot;:&quot;0&quot;,&quot;shutter_speed&quot;:&quot;0&quot;,&quot;title&quot;:&quot;&quot;,&quot;orientation&quot;:&quot;0&quot;}\" data-image-title=\"438082698_876152184550748_6235956861401717160_n\" data-image-description=\"\" data-medium-file=\"https:\/\/navalremo.pt\/site\/wp-content\/uploads\/2024\/04\/438082698_876152184550748_6235956861401717160_n-300x196.jpg\" data-large-file=\"https:\/\/navalremo.pt\/site\/wp-content\/uploads\/2024\/04\/438082698_876152184550748_6235956861401717160_n-1024x669.jpg\" data-attachment-id=\"3133\" data-permalink=\"https:\/\/navalremo.pt\/site\/2024\/04\/14\/a-naval-remo-vence-taca-da-beira-litoral-e-taca-25-de-abril\/438082698_876152184550748_6235956861401717160_n\/\" data-orig-file=\"https:\/\/navalremo.pt\/site\/wp-content\/uploads\/2024\/04\/438082698_876152184550748_6235956861401717160_n.jpg\" data-orig-size=\"1600,1046\" data-comments-opened=\"0\" data-image-meta=\"{&quot;aperture&quot;:&quot;0&quot;,&quot;credit&quot;:&quot;&quot;,&quot;camera&quot;:&quot;&quot;,&quot;caption&quot;:&quot;&quot;,&quot;created_timestamp&quot;:&quot;0&quot;,&quot;copyright&quot;:&quot;&quot;,&quot;focal_length&quot;:&quot;0&quot;,&quot;iso&quot;:&quot;0&quot;,&quot;shutter_speed&quot;:&quot;0&quot;,&quot;title&quot;:&quot;&quot;,&quot;orientation&quot;:&quot;0&quot;}\" data-image-title=\"438082698_876152184550748_6235956861401717160_n\" data-image-description=\"\" data-medium-file=\"https:\/\/navalremo.pt\/site\/wp-content\/uploads\/2024\/04\/438082698_876152184550748_6235956861401717160_n-300x196.jpg\" data-large-file=\"https:\/\/navalremo.pt\/site\/wp-content\/uploads\/2024\/04\/438082698_876152184550748_6235956861401717160_n-1024x669.jpg\" srcset=\"https:\/\/i2.wp.com\/navalremo.pt\/site\/wp-content\/uploads\/2024\/04\/438082698_876152184550748_6235956861401717160_n.jpg?strip=info&#038;w=600&#038;ssl=1 600w,https:\/\/i2.wp.com\/navalremo.pt\/site\/wp-content\/uploads\/2024\/04\/438082698_876152184550748_6235956861401717160_n.jpg?strip=info&#038;w=900&#038;ssl=1 900w,https:\/\/i2.wp.com\/navalremo.pt\/site\/wp-content\/uploads\/2024\/04\/438082698_876152184550748_6235956861401717160_n.jpg?strip=info&#038;w=1046&#038;ssl=1 1046w\" alt=\"\" data-height=\"1046\" data-id=\"3133\" data-link=\"https:\/\/navalremo.pt\/site\/?attachment_id=3133\" data-url=\"https:\/\/navalremo.pt\/site\/wp-content\/uploads\/2024\/04\/438082698_876152184550748_6235956861401717160_n.jpg\" data-width=\"1600\" src=\"https:\/\/i2.wp.com\/navalremo.pt\/site\/wp-content\/uploads\/2024\/04\/438082698_876152184550748_6235956861401717160_n.jpg?ssl=1\" data-amp-layout=\"responsive\" \/><\/figure><\/div><div data-carousel-extra='{\"blog_id\":1,\"permalink\":\"https:\\\/\\\/navalremo.pt\\\/site\\\/2024\\\/04\\\/14\\\/a-naval-remo-vence-taca-da-beira-litoral-e-taca-25-de-abril\\\/\"}' class=\"tiled-gallery__col\" style=\"flex-basis:65.16949%\"><figure class=\"tiled-gallery__item\"><img data-attachment-id=\"3134\" data-permalink=\"https:\/\/navalremo.pt\/site\/2024\/04\/14\/a-naval-remo-vence-taca-da-beira-litoral-e-taca-25-de-abril\/438086551_876152237884076_5833144664226578176_n\/\" data-orig-file=\"https:\/\/navalremo.pt\/site\/wp-content\/uploads\/2024\/04\/438086551_876152237884076_5833144664226578176_n.jpg\" data-orig-size=\"1600,1046\" data-comments-opened=\"0\" data-image-meta=\"{&quot;aperture&quot;:&quot;0&quot;,&quot;credit&quot;:&quot;&quot;,&quot;camera&quot;:&quot;&quot;,&quot;caption&quot;:&quot;&quot;,&quot;created_timestamp&quot;:&quot;0&quot;,&quot;copyright&quot;:&quot;&quot;,&quot;focal_length&quot;:&quot;0&quot;,&quot;iso&quot;:&quot;0&quot;,&quot;shutter_speed&quot;:&quot;0&quot;,&quot;title&quot;:&quot;&quot;,&quot;orientation&quot;:&quot;0&quot;}\" data-image-title=\"438086551_876152237884076_5833144664226578176_n\" data-image-description=\"\" data-medium-file=\"https:\/\/navalremo.pt\/site\/wp-content\/uploads\/2024\/04\/438086551_876152237884076_5833144664226578176_n-300x196.jpg\" data-large-file=\"https:\/\/navalremo.pt\/site\/wp-content\/uploads\/2024\/04\/438086551_876152237884076_5833144664226578176_n-1024x669.jpg\" data-attachment-id=\"3134\" data-permalink=\"https:\/\/navalremo.pt\/site\/2024\/04\/14\/a-naval-remo-vence-taca-da-beira-litoral-e-taca-25-de-abril\/438086551_876152237884076_5833144664226578176_n\/\" data-orig-file=\"https:\/\/navalremo.pt\/site\/wp-content\/uploads\/2024\/04\/438086551_876152237884076_5833144664226578176_n.jpg\" data-orig-size=\"1600,1046\" data-comments-opened=\"0\" data-image-meta=\"{&quot;aperture&quot;:&quot;0&quot;,&quot;credit&quot;:&quot;&quot;,&quot;camera&quot;:&quot;&quot;,&quot;caption&quot;:&quot;&quot;,&quot;created_timestamp&quot;:&quot;0&quot;,&quot;copyright&quot;:&quot;&quot;,&quot;focal_length&quot;:&quot;0&quot;,&quot;iso&quot;:&quot;0&quot;,&quot;shutter_speed&quot;:&quot;0&quot;,&quot;title&quot;:&quot;&quot;,&quot;orientation&quot;:&quot;0&quot;}\" data-image-title=\"438086551_876152237884076_5833144664226578176_n\" data-image-description=\"\" data-medium-file=\"https:\/\/navalremo.pt\/site\/wp-content\/uploads\/2024\/04\/438086551_876152237884076_5833144664226578176_n-300x196.jpg\" data-large-file=\"https:\/\/navalremo.pt\/site\/wp-content\/uploads\/2024\/04\/438086551_876152237884076_5833144664226578176_n-1024x669.jpg\" srcset=\"https:\/\/i1.wp.com\/navalremo.pt\/site\/wp-content\/uploads\/2024\/04\/438086551_876152237884076_5833144664226578176_n.jpg?strip=info&#038;w=600&#038;ssl=1 600w,https:\/\/i1.wp.com\/navalremo.pt\/site\/wp-content\/uploads\/2024\/04\/438086551_876152237884076_5833144664226578176_n.jpg?strip=info&#038;w=900&#038;ssl=1 900w,https:\/\/i1.wp.com\/navalremo.pt\/site\/wp-content\/uploads\/2024\/04\/438086551_876152237884076_5833144664226578176_n.jpg?strip=info&#038;w=1046&#038;ssl=1 1046w\" alt=\"\" data-height=\"1046\" data-id=\"3134\" data-link=\"https:\/\/navalremo.pt\/site\/?attachment_id=3134\" data-url=\"https:\/\/navalremo.pt\/site\/wp-content\/uploads\/2024\/04\/438086551_876152237884076_5833144664226578176_n.jpg\" data-width=\"1600\" src=\"https:\/\/i1.wp.com\/navalremo.pt\/site\/wp-content\/uploads\/2024\/04\/438086551_876152237884076_5833144664226578176_n.jpg?ssl=1\" data-amp-layout=\"responsive\" \/><\/figure><\/div><\/div><div data-carousel-extra='{\"blog_id\":1,\"permalink\":\"https:\\\/\\\/navalremo.pt\\\/site\\\/2024\\\/04\\\/14\\\/a-naval-remo-vence-taca-da-beira-litoral-e-taca-25-de-abril\\\/\"}' class=\"tiled-gallery__row\"><div data-carousel-extra='{\"blog_id\":1,\"permalink\":\"https:\\\/\\\/navalremo.pt\\\/site\\\/2024\\\/04\\\/14\\\/a-naval-remo-vence-taca-da-beira-litoral-e-taca-25-de-abril\\\/\"}' class=\"tiled-gallery__col\" style=\"flex-basis:53.41646%\"><figure class=\"tiled-gallery__item\"><img data-attachment-id=\"3135\" data-permalink=\"https:\/\/navalremo.pt\/site\/2024\/04\/14\/a-naval-remo-vence-taca-da-beira-litoral-e-taca-25-de-abril\/438088420_876151067884193_3714441948574127703_n\/\" data-orig-file=\"https:\/\/navalremo.pt\/site\/wp-content\/uploads\/2024\/04\/438088420_876151067884193_3714441948574127703_n.jpg\" data-orig-size=\"1600,1046\" data-comments-opened=\"0\" data-image-meta=\"{&quot;aperture&quot;:&quot;0&quot;,&quot;credit&quot;:&quot;&quot;,&quot;camera&quot;:&quot;&quot;,&quot;caption&quot;:&quot;&quot;,&quot;created_timestamp&quot;:&quot;0&quot;,&quot;copyright&quot;:&quot;&quot;,&quot;focal_length&quot;:&quot;0&quot;,&quot;iso&quot;:&quot;0&quot;,&quot;shutter_speed&quot;:&quot;0&quot;,&quot;title&quot;:&quot;&quot;,&quot;orientation&quot;:&quot;0&quot;}\" data-image-title=\"438088420_876151067884193_3714441948574127703_n\" data-image-description=\"\" data-medium-file=\"https:\/\/navalremo.pt\/site\/wp-content\/uploads\/2024\/04\/438088420_876151067884193_3714441948574127703_n-300x196.jpg\" data-large-file=\"https:\/\/navalremo.pt\/site\/wp-content\/uploads\/2024\/04\/438088420_876151067884193_3714441948574127703_n-1024x669.jpg\" data-attachment-id=\"3135\" data-permalink=\"https:\/\/navalremo.pt\/site\/2024\/04\/14\/a-naval-remo-vence-taca-da-beira-litoral-e-taca-25-de-abril\/438088420_876151067884193_3714441948574127703_n\/\" data-orig-file=\"https:\/\/navalremo.pt\/site\/wp-content\/uploads\/2024\/04\/438088420_876151067884193_3714441948574127703_n.jpg\" data-orig-size=\"1600,1046\" data-comments-opened=\"0\" data-image-meta=\"{&quot;aperture&quot;:&quot;0&quot;,&quot;credit&quot;:&quot;&quot;,&quot;camera&quot;:&quot;&quot;,&quot;caption&quot;:&quot;&quot;,&quot;created_timestamp&quot;:&quot;0&quot;,&quot;copyright&quot;:&quot;&quot;,&quot;focal_length&quot;:&quot;0&quot;,&quot;iso&quot;:&quot;0&quot;,&quot;shutter_speed&quot;:&quot;0&quot;,&quot;title&quot;:&quot;&quot;,&quot;orientation&quot;:&quot;0&quot;}\" data-image-title=\"438088420_876151067884193_3714441948574127703_n\" data-image-description=\"\" data-medium-file=\"https:\/\/navalremo.pt\/site\/wp-content\/uploads\/2024\/04\/438088420_876151067884193_3714441948574127703_n-300x196.jpg\" data-large-file=\"https:\/\/navalremo.pt\/site\/wp-content\/uploads\/2024\/04\/438088420_876151067884193_3714441948574127703_n-1024x669.jpg\" srcset=\"https:\/\/i0.wp.com\/navalremo.pt\/site\/wp-content\/uploads\/2024\/04\/438088420_876151067884193_3714441948574127703_n.jpg?strip=info&#038;w=600&#038;ssl=1 600w,https:\/\/i0.wp.com\/navalremo.pt\/site\/wp-content\/uploads\/2024\/04\/438088420_876151067884193_3714441948574127703_n.jpg?strip=info&#038;w=900&#038;ssl=1 900w,https:\/\/i0.wp.com\/navalremo.pt\/site\/wp-content\/uploads\/2024\/04\/438088420_876151067884193_3714441948574127703_n.jpg?strip=info&#038;w=1046&#038;ssl=1 1046w\" alt=\"\" data-height=\"1046\" data-id=\"3135\" data-link=\"https:\/\/navalremo.pt\/site\/?attachment_id=3135\" data-url=\"https:\/\/navalremo.pt\/site\/wp-content\/uploads\/2024\/04\/438088420_876151067884193_3714441948574127703_n.jpg\" data-width=\"1600\" src=\"https:\/\/i0.wp.com\/navalremo.pt\/site\/wp-content\/uploads\/2024\/04\/438088420_876151067884193_3714441948574127703_n.jpg?ssl=1\" data-amp-layout=\"responsive\" \/><\/figure><\/div><div data-carousel-extra='{\"blog_id\":1,\"permalink\":\"https:\\\/\\\/navalremo.pt\\\/site\\\/2024\\\/04\\\/14\\\/a-naval-remo-vence-taca-da-beira-litoral-e-taca-25-de-abril\\\/\"}' class=\"tiled-gallery__col\" style=\"flex-basis:46.58354%\"><figure class=\"tiled-gallery__item\"><img data-attachment-id=\"3136\" data-permalink=\"https:\/\/navalremo.pt\/site\/2024\/04\/14\/a-naval-remo-vence-taca-da-beira-litoral-e-taca-25-de-abril\/whatsapp-image-2024-04-13-at-16-25-37-1\/\" data-orig-file=\"https:\/\/navalremo.pt\/site\/wp-content\/uploads\/2024\/04\/WhatsApp-Image-2024-04-13-at-16.25.37-1.jpeg\" data-orig-size=\"1600,1200\" data-comments-opened=\"0\" data-image-meta=\"{&quot;aperture&quot;:&quot;0&quot;,&quot;credit&quot;:&quot;&quot;,&quot;camera&quot;:&quot;&quot;,&quot;caption&quot;:&quot;&quot;,&quot;created_timestamp&quot;:&quot;0&quot;,&quot;copyright&quot;:&quot;&quot;,&quot;focal_length&quot;:&quot;0&quot;,&quot;iso&quot;:&quot;0&quot;,&quot;shutter_speed&quot;:&quot;0&quot;,&quot;title&quot;:&quot;&quot;,&quot;orientation&quot;:&quot;0&quot;}\" data-image-title=\"WhatsApp-Image-2024-04-13-at-16.25.37-1\" data-image-description=\"\" data-medium-file=\"https:\/\/navalremo.pt\/site\/wp-content\/uploads\/2024\/04\/WhatsApp-Image-2024-04-13-at-16.25.37-1-300x225.jpeg\" data-large-file=\"https:\/\/navalremo.pt\/site\/wp-content\/uploads\/2024\/04\/WhatsApp-Image-2024-04-13-at-16.25.37-1-1024x768.jpeg\" data-attachment-id=\"3136\" data-permalink=\"https:\/\/navalremo.pt\/site\/2024\/04\/14\/a-naval-remo-vence-taca-da-beira-litoral-e-taca-25-de-abril\/whatsapp-image-2024-04-13-at-16-25-37-1\/\" data-orig-file=\"https:\/\/navalremo.pt\/site\/wp-content\/uploads\/2024\/04\/WhatsApp-Image-2024-04-13-at-16.25.37-1.jpeg\" data-orig-size=\"1600,1200\" data-comments-opened=\"0\" data-image-meta=\"{&quot;aperture&quot;:&quot;0&quot;,&quot;credit&quot;:&quot;&quot;,&quot;camera&quot;:&quot;&quot;,&quot;caption&quot;:&quot;&quot;,&quot;created_timestamp&quot;:&quot;0&quot;,&quot;copyright&quot;:&quot;&quot;,&quot;focal_length&quot;:&quot;0&quot;,&quot;iso&quot;:&quot;0&quot;,&quot;shutter_speed&quot;:&quot;0&quot;,&quot;title&quot;:&quot;&quot;,&quot;orientation&quot;:&quot;0&quot;}\" data-image-title=\"WhatsApp-Image-2024-04-13-at-16.25.37-1\" data-image-description=\"\" data-medium-file=\"https:\/\/navalremo.pt\/site\/wp-content\/uploads\/2024\/04\/WhatsApp-Image-2024-04-13-at-16.25.37-1-300x225.jpeg\" data-large-file=\"https:\/\/navalremo.pt\/site\/wp-content\/uploads\/2024\/04\/WhatsApp-Image-2024-04-13-at-16.25.37-1-1024x768.jpeg\" srcset=\"https:\/\/i2.wp.com\/navalremo.pt\/site\/wp-content\/uploads\/2024\/04\/WhatsApp-Image-2024-04-13-at-16.25.37-1.jpeg?strip=info&#038;w=600&#038;ssl=1 600w,https:\/\/i2.wp.com\/navalremo.pt\/site\/wp-content\/uploads\/2024\/04\/WhatsApp-Image-2024-04-13-at-16.25.37-1.jpeg?strip=info&#038;w=900&#038;ssl=1 900w,https:\/\/i2.wp.com\/navalremo.pt\/site\/wp-content\/uploads\/2024\/04\/WhatsApp-Image-2024-04-13-at-16.25.37-1.jpeg?strip=info&#038;w=1200&#038;ssl=1 1200w\" alt=\"\" data-height=\"1200\" data-id=\"3136\" data-link=\"https:\/\/navalremo.pt\/site\/?attachment_id=3136\" data-url=\"https:\/\/navalremo.pt\/site\/wp-content\/uploads\/2024\/04\/WhatsApp-Image-2024-04-13-at-16.25.37-1.jpeg\" data-width=\"1600\" src=\"https:\/\/i2.wp.com\/navalremo.pt\/site\/wp-content\/uploads\/2024\/04\/WhatsApp-Image-2024-04-13-at-16.25.37-1.jpeg?ssl=1\" data-amp-layout=\"responsive\" \/><\/figure><\/div><\/div><div data-carousel-extra='{\"blog_id\":1,\"permalink\":\"https:\\\/\\\/navalremo.pt\\\/site\\\/2024\\\/04\\\/14\\\/a-naval-remo-vence-taca-da-beira-litoral-e-taca-25-de-abril\\\/\"}' class=\"tiled-gallery__row\"><div data-carousel-extra='{\"blog_id\":1,\"permalink\":\"https:\\\/\\\/navalremo.pt\\\/site\\\/2024\\\/04\\\/14\\\/a-naval-remo-vence-taca-da-beira-litoral-e-taca-25-de-abril\\\/\"}' class=\"tiled-gallery__col\" style=\"flex-basis:25.00000%\"><figure class=\"tiled-gallery__item\"><img data-attachment-id=\"3137\" data-permalink=\"https:\/\/navalremo.pt\/site\/2024\/04\/14\/a-naval-remo-vence-taca-da-beira-litoral-e-taca-25-de-abril\/whatsapp-image-2024-04-13-at-16-25-37\/\" data-orig-file=\"https:\/\/navalremo.pt\/site\/wp-content\/uploads\/2024\/04\/WhatsApp-Image-2024-04-13-at-16.25.37.jpeg\" data-orig-size=\"1600,1200\" data-comments-opened=\"0\" data-image-meta=\"{&quot;aperture&quot;:&quot;0&quot;,&quot;credit&quot;:&quot;&quot;,&quot;camera&quot;:&quot;&quot;,&quot;caption&quot;:&quot;&quot;,&quot;created_timestamp&quot;:&quot;0&quot;,&quot;copyright&quot;:&quot;&quot;,&quot;focal_length&quot;:&quot;0&quot;,&quot;iso&quot;:&quot;0&quot;,&quot;shutter_speed&quot;:&quot;0&quot;,&quot;title&quot;:&quot;&quot;,&quot;orientation&quot;:&quot;0&quot;}\" data-image-title=\"WhatsApp-Image-2024-04-13-at-16.25.37\" data-image-description=\"\" data-medium-file=\"https:\/\/navalremo.pt\/site\/wp-content\/uploads\/2024\/04\/WhatsApp-Image-2024-04-13-at-16.25.37-300x225.jpeg\" data-large-file=\"https:\/\/navalremo.pt\/site\/wp-content\/uploads\/2024\/04\/WhatsApp-Image-2024-04-13-at-16.25.37-1024x768.jpeg\" data-attachment-id=\"3137\" data-permalink=\"https:\/\/navalremo.pt\/site\/2024\/04\/14\/a-naval-remo-vence-taca-da-beira-litoral-e-taca-25-de-abril\/whatsapp-image-2024-04-13-at-16-25-37\/\" data-orig-file=\"https:\/\/navalremo.pt\/site\/wp-content\/uploads\/2024\/04\/WhatsApp-Image-2024-04-13-at-16.25.37.jpeg\" data-orig-size=\"1600,1200\" data-comments-opened=\"0\" data-image-meta=\"{&quot;aperture&quot;:&quot;0&quot;,&quot;credit&quot;:&quot;&quot;,&quot;camera&quot;:&quot;&quot;,&quot;caption&quot;:&quot;&quot;,&quot;created_timestamp&quot;:&quot;0&quot;,&quot;copyright&quot;:&quot;&quot;,&quot;focal_length&quot;:&quot;0&quot;,&quot;iso&quot;:&quot;0&quot;,&quot;shutter_speed&quot;:&quot;0&quot;,&quot;title&quot;:&quot;&quot;,&quot;orientation&quot;:&quot;0&quot;}\" data-image-title=\"WhatsApp-Image-2024-04-13-at-16.25.37\" data-image-description=\"\" data-medium-file=\"https:\/\/navalremo.pt\/site\/wp-content\/uploads\/2024\/04\/WhatsApp-Image-2024-04-13-at-16.25.37-300x225.jpeg\" data-large-file=\"https:\/\/navalremo.pt\/site\/wp-content\/uploads\/2024\/04\/WhatsApp-Image-2024-04-13-at-16.25.37-1024x768.jpeg\" srcset=\"https:\/\/i1.wp.com\/navalremo.pt\/site\/wp-content\/uploads\/2024\/04\/WhatsApp-Image-2024-04-13-at-16.25.37.jpeg?strip=info&#038;w=600&#038;ssl=1 600w,https:\/\/i1.wp.com\/navalremo.pt\/site\/wp-content\/uploads\/2024\/04\/WhatsApp-Image-2024-04-13-at-16.25.37.jpeg?strip=info&#038;w=900&#038;ssl=1 900w,https:\/\/i1.wp.com\/navalremo.pt\/site\/wp-content\/uploads\/2024\/04\/WhatsApp-Image-2024-04-13-at-16.25.37.jpeg?strip=info&#038;w=1200&#038;ssl=1 1200w\" alt=\"\" data-height=\"1200\" data-id=\"3137\" data-link=\"https:\/\/navalremo.pt\/site\/?attachment_id=3137\" data-url=\"https:\/\/navalremo.pt\/site\/wp-content\/uploads\/2024\/04\/WhatsApp-Image-2024-04-13-at-16.25.37.jpeg\" data-width=\"1600\" src=\"https:\/\/i1.wp.com\/navalremo.pt\/site\/wp-content\/uploads\/2024\/04\/WhatsApp-Image-2024-04-13-at-16.25.37.jpeg?ssl=1\" data-amp-layout=\"responsive\" \/><\/figure><\/div><div data-carousel-extra='{\"blog_id\":1,\"permalink\":\"https:\\\/\\\/navalremo.pt\\\/site\\\/2024\\\/04\\\/14\\\/a-naval-remo-vence-taca-da-beira-litoral-e-taca-25-de-abril\\\/\"}' class=\"tiled-gallery__col\" style=\"flex-basis:25.00000%\"><figure class=\"tiled-gallery__item\"><img data-attachment-id=\"3138\" data-permalink=\"https:\/\/navalremo.pt\/site\/2024\/04\/14\/a-naval-remo-vence-taca-da-beira-litoral-e-taca-25-de-abril\/whatsapp-image-2024-04-13-at-16-25-39\/\" data-orig-file=\"https:\/\/navalremo.pt\/site\/wp-content\/uploads\/2024\/04\/WhatsApp-Image-2024-04-13-at-16.25.39.jpeg\" data-orig-size=\"1600,1200\" data-comments-opened=\"0\" data-image-meta=\"{&quot;aperture&quot;:&quot;0&quot;,&quot;credit&quot;:&quot;&quot;,&quot;camera&quot;:&quot;&quot;,&quot;caption&quot;:&quot;&quot;,&quot;created_timestamp&quot;:&quot;0&quot;,&quot;copyright&quot;:&quot;&quot;,&quot;focal_length&quot;:&quot;0&quot;,&quot;iso&quot;:&quot;0&quot;,&quot;shutter_speed&quot;:&quot;0&quot;,&quot;title&quot;:&quot;&quot;,&quot;orientation&quot;:&quot;0&quot;}\" data-image-title=\"WhatsApp-Image-2024-04-13-at-16.25.39\" data-image-description=\"\" data-medium-file=\"https:\/\/navalremo.pt\/site\/wp-content\/uploads\/2024\/04\/WhatsApp-Image-2024-04-13-at-16.25.39-300x225.jpeg\" data-large-file=\"https:\/\/navalremo.pt\/site\/wp-content\/uploads\/2024\/04\/WhatsApp-Image-2024-04-13-at-16.25.39-1024x768.jpeg\" data-attachment-id=\"3138\" data-permalink=\"https:\/\/navalremo.pt\/site\/2024\/04\/14\/a-naval-remo-vence-taca-da-beira-litoral-e-taca-25-de-abril\/whatsapp-image-2024-04-13-at-16-25-39\/\" data-orig-file=\"https:\/\/navalremo.pt\/site\/wp-content\/uploads\/2024\/04\/WhatsApp-Image-2024-04-13-at-16.25.39.jpeg\" data-orig-size=\"1600,1200\" data-comments-opened=\"0\" data-image-meta=\"{&quot;aperture&quot;:&quot;0&quot;,&quot;credit&quot;:&quot;&quot;,&quot;camera&quot;:&quot;&quot;,&quot;caption&quot;:&quot;&quot;,&quot;created_timestamp&quot;:&quot;0&quot;,&quot;copyright&quot;:&quot;&quot;,&quot;focal_length&quot;:&quot;0&quot;,&quot;iso&quot;:&quot;0&quot;,&quot;shutter_speed&quot;:&quot;0&quot;,&quot;title&quot;:&quot;&quot;,&quot;orientation&quot;:&quot;0&quot;}\" data-image-title=\"WhatsApp-Image-2024-04-13-at-16.25.39\" data-image-description=\"\" data-medium-file=\"https:\/\/navalremo.pt\/site\/wp-content\/uploads\/2024\/04\/WhatsApp-Image-2024-04-13-at-16.25.39-300x225.jpeg\" data-large-file=\"https:\/\/navalremo.pt\/site\/wp-content\/uploads\/2024\/04\/WhatsApp-Image-2024-04-13-at-16.25.39-1024x768.jpeg\" srcset=\"https:\/\/i0.wp.com\/navalremo.pt\/site\/wp-content\/uploads\/2024\/04\/WhatsApp-Image-2024-04-13-at-16.25.39.jpeg?strip=info&#038;w=600&#038;ssl=1 600w,https:\/\/i0.wp.com\/navalremo.pt\/site\/wp-content\/uploads\/2024\/04\/WhatsApp-Image-2024-04-13-at-16.25.39.jpeg?strip=info&#038;w=900&#038;ssl=1 900w,https:\/\/i0.wp.com\/navalremo.pt\/site\/wp-content\/uploads\/2024\/04\/WhatsApp-Image-2024-04-13-at-16.25.39.jpeg?strip=info&#038;w=1200&#038;ssl=1 1200w\" alt=\"\" data-height=\"1200\" data-id=\"3138\" data-link=\"https:\/\/navalremo.pt\/site\/?attachment_id=3138\" data-url=\"https:\/\/navalremo.pt\/site\/wp-content\/uploads\/2024\/04\/WhatsApp-Image-2024-04-13-at-16.25.39.jpeg\" data-width=\"1600\" src=\"https:\/\/i0.wp.com\/navalremo.pt\/site\/wp-content\/uploads\/2024\/04\/WhatsApp-Image-2024-04-13-at-16.25.39.jpeg?ssl=1\" data-amp-layout=\"responsive\" \/><\/figure><\/div><div data-carousel-extra='{\"blog_id\":1,\"permalink\":\"https:\\\/\\\/navalremo.pt\\\/site\\\/2024\\\/04\\\/14\\\/a-naval-remo-vence-taca-da-beira-litoral-e-taca-25-de-abril\\\/\"}' class=\"tiled-gallery__col\" style=\"flex-basis:25.00000%\"><figure class=\"tiled-gallery__item\"><img data-attachment-id=\"3139\" data-permalink=\"https:\/\/navalremo.pt\/site\/2024\/04\/14\/a-naval-remo-vence-taca-da-beira-litoral-e-taca-25-de-abril\/whatsapp-image-2024-04-13-at-16-26-31\/\" data-orig-file=\"https:\/\/navalremo.pt\/site\/wp-content\/uploads\/2024\/04\/WhatsApp-Image-2024-04-13-at-16.26.31.jpeg\" data-orig-size=\"2048,1536\" data-comments-opened=\"0\" data-image-meta=\"{&quot;aperture&quot;:&quot;0&quot;,&quot;credit&quot;:&quot;&quot;,&quot;camera&quot;:&quot;&quot;,&quot;caption&quot;:&quot;&quot;,&quot;created_timestamp&quot;:&quot;0&quot;,&quot;copyright&quot;:&quot;&quot;,&quot;focal_length&quot;:&quot;0&quot;,&quot;iso&quot;:&quot;0&quot;,&quot;shutter_speed&quot;:&quot;0&quot;,&quot;title&quot;:&quot;&quot;,&quot;orientation&quot;:&quot;0&quot;}\" data-image-title=\"WhatsApp-Image-2024-04-13-at-16.26.31\" data-image-description=\"\" data-medium-file=\"https:\/\/navalremo.pt\/site\/wp-content\/uploads\/2024\/04\/WhatsApp-Image-2024-04-13-at-16.26.31-300x225.jpeg\" data-large-file=\"https:\/\/navalremo.pt\/site\/wp-content\/uploads\/2024\/04\/WhatsApp-Image-2024-04-13-at-16.26.31-1024x768.jpeg\" data-attachment-id=\"3139\" data-permalink=\"https:\/\/navalremo.pt\/site\/2024\/04\/14\/a-naval-remo-vence-taca-da-beira-litoral-e-taca-25-de-abril\/whatsapp-image-2024-04-13-at-16-26-31\/\" data-orig-file=\"https:\/\/navalremo.pt\/site\/wp-content\/uploads\/2024\/04\/WhatsApp-Image-2024-04-13-at-16.26.31.jpeg\" data-orig-size=\"2048,1536\" data-comments-opened=\"0\" data-image-meta=\"{&quot;aperture&quot;:&quot;0&quot;,&quot;credit&quot;:&quot;&quot;,&quot;camera&quot;:&quot;&quot;,&quot;caption&quot;:&quot;&quot;,&quot;created_timestamp&quot;:&quot;0&quot;,&quot;copyright&quot;:&quot;&quot;,&quot;focal_length&quot;:&quot;0&quot;,&quot;iso&quot;:&quot;0&quot;,&quot;shutter_speed&quot;:&quot;0&quot;,&quot;title&quot;:&quot;&quot;,&quot;orientation&quot;:&quot;0&quot;}\" data-image-title=\"WhatsApp-Image-2024-04-13-at-16.26.31\" data-image-description=\"\" data-medium-file=\"https:\/\/navalremo.pt\/site\/wp-content\/uploads\/2024\/04\/WhatsApp-Image-2024-04-13-at-16.26.31-300x225.jpeg\" data-large-file=\"https:\/\/navalremo.pt\/site\/wp-content\/uploads\/2024\/04\/WhatsApp-Image-2024-04-13-at-16.26.31-1024x768.jpeg\" srcset=\"https:\/\/i2.wp.com\/navalremo.pt\/site\/wp-content\/uploads\/2024\/04\/WhatsApp-Image-2024-04-13-at-16.26.31.jpeg?strip=info&#038;w=600&#038;ssl=1 600w,https:\/\/i2.wp.com\/navalremo.pt\/site\/wp-content\/uploads\/2024\/04\/WhatsApp-Image-2024-04-13-at-16.26.31.jpeg?strip=info&#038;w=900&#038;ssl=1 900w,https:\/\/i2.wp.com\/navalremo.pt\/site\/wp-content\/uploads\/2024\/04\/WhatsApp-Image-2024-04-13-at-16.26.31.jpeg?strip=info&#038;w=1200&#038;ssl=1 1200w,https:\/\/i2.wp.com\/navalremo.pt\/site\/wp-content\/uploads\/2024\/04\/WhatsApp-Image-2024-04-13-at-16.26.31.jpeg?strip=info&#038;w=1500&#038;ssl=1 1500w,https:\/\/i2.wp.com\/navalremo.pt\/site\/wp-content\/uploads\/2024\/04\/WhatsApp-Image-2024-04-13-at-16.26.31.jpeg?strip=info&#038;w=1536&#038;ssl=1 1536w\" alt=\"\" data-height=\"1536\" data-id=\"3139\" data-link=\"https:\/\/navalremo.pt\/site\/?attachment_id=3139\" data-url=\"https:\/\/navalremo.pt\/site\/wp-content\/uploads\/2024\/04\/WhatsApp-Image-2024-04-13-at-16.26.31.jpeg\" data-width=\"2048\" src=\"https:\/\/i2.wp.com\/navalremo.pt\/site\/wp-content\/uploads\/2024\/04\/WhatsApp-Image-2024-04-13-at-16.26.31.jpeg?ssl=1\" data-amp-layout=\"responsive\" \/><\/figure><\/div><div data-carousel-extra='{\"blog_id\":1,\"permalink\":\"https:\\\/\\\/navalremo.pt\\\/site\\\/2024\\\/04\\\/14\\\/a-naval-remo-vence-taca-da-beira-litoral-e-taca-25-de-abril\\\/\"}' class=\"tiled-gallery__col\" style=\"flex-basis:25.00000%\"><figure class=\"tiled-gallery__item\"><img data-attachment-id=\"3140\" data-permalink=\"https:\/\/navalremo.pt\/site\/2024\/04\/14\/a-naval-remo-vence-taca-da-beira-litoral-e-taca-25-de-abril\/whatsapp-image-2024-04-13-at-16-26-32\/\" data-orig-file=\"https:\/\/navalremo.pt\/site\/wp-content\/uploads\/2024\/04\/WhatsApp-Image-2024-04-13-at-16.26.32.jpeg\" data-orig-size=\"2048,1536\" data-comments-opened=\"0\" data-image-meta=\"{&quot;aperture&quot;:&quot;0&quot;,&quot;credit&quot;:&quot;&quot;,&quot;camera&quot;:&quot;&quot;,&quot;caption&quot;:&quot;&quot;,&quot;created_timestamp&quot;:&quot;0&quot;,&quot;copyright&quot;:&quot;&quot;,&quot;focal_length&quot;:&quot;0&quot;,&quot;iso&quot;:&quot;0&quot;,&quot;shutter_speed&quot;:&quot;0&quot;,&quot;title&quot;:&quot;&quot;,&quot;orientation&quot;:&quot;0&quot;}\" data-image-title=\"WhatsApp-Image-2024-04-13-at-16.26.32\" data-image-description=\"\" data-medium-file=\"https:\/\/navalremo.pt\/site\/wp-content\/uploads\/2024\/04\/WhatsApp-Image-2024-04-13-at-16.26.32-300x225.jpeg\" data-large-file=\"https:\/\/navalremo.pt\/site\/wp-content\/uploads\/2024\/04\/WhatsApp-Image-2024-04-13-at-16.26.32-1024x768.jpeg\" data-attachment-id=\"3140\" data-permalink=\"https:\/\/navalremo.pt\/site\/2024\/04\/14\/a-naval-remo-vence-taca-da-beira-litoral-e-taca-25-de-abril\/whatsapp-image-2024-04-13-at-16-26-32\/\" data-orig-file=\"https:\/\/navalremo.pt\/site\/wp-content\/uploads\/2024\/04\/WhatsApp-Image-2024-04-13-at-16.26.32.jpeg\" data-orig-size=\"2048,1536\" data-comments-opened=\"0\" data-image-meta=\"{&quot;aperture&quot;:&quot;0&quot;,&quot;credit&quot;:&quot;&quot;,&quot;camera&quot;:&quot;&quot;,&quot;caption&quot;:&quot;&quot;,&quot;created_timestamp&quot;:&quot;0&quot;,&quot;copyright&quot;:&quot;&quot;,&quot;focal_length&quot;:&quot;0&quot;,&quot;iso&quot;:&quot;0&quot;,&quot;shutter_speed&quot;:&quot;0&quot;,&quot;title&quot;:&quot;&quot;,&quot;orientation&quot;:&quot;0&quot;}\" data-image-title=\"WhatsApp-Image-2024-04-13-at-16.26.32\" data-image-description=\"\" data-medium-file=\"https:\/\/navalremo.pt\/site\/wp-content\/uploads\/2024\/04\/WhatsApp-Image-2024-04-13-at-16.26.32-300x225.jpeg\" data-large-file=\"https:\/\/navalremo.pt\/site\/wp-content\/uploads\/2024\/04\/WhatsApp-Image-2024-04-13-at-16.26.32-1024x768.jpeg\" srcset=\"https:\/\/i0.wp.com\/navalremo.pt\/site\/wp-content\/uploads\/2024\/04\/WhatsApp-Image-2024-04-13-at-16.26.32.jpeg?strip=info&#038;w=600&#038;ssl=1 600w,https:\/\/i0.wp.com\/navalremo.pt\/site\/wp-content\/uploads\/2024\/04\/WhatsApp-Image-2024-04-13-at-16.26.32.jpeg?strip=info&#038;w=900&#038;ssl=1 900w,https:\/\/i0.wp.com\/navalremo.pt\/site\/wp-content\/uploads\/2024\/04\/WhatsApp-Image-2024-04-13-at-16.26.32.jpeg?strip=info&#038;w=1200&#038;ssl=1 1200w,https:\/\/i0.wp.com\/navalremo.pt\/site\/wp-content\/uploads\/2024\/04\/WhatsApp-Image-2024-04-13-at-16.26.32.jpeg?strip=info&#038;w=1500&#038;ssl=1 1500w,https:\/\/i0.wp.com\/navalremo.pt\/site\/wp-content\/uploads\/2024\/04\/WhatsApp-Image-2024-04-13-at-16.26.32.jpeg?strip=info&#038;w=1536&#038;ssl=1 1536w\" alt=\"\" data-height=\"1536\" data-id=\"3140\" data-link=\"https:\/\/navalremo.pt\/site\/?attachment_id=3140\" data-url=\"https:\/\/navalremo.pt\/site\/wp-content\/uploads\/2024\/04\/WhatsApp-Image-2024-04-13-at-16.26.32.jpeg\" data-width=\"2048\" src=\"https:\/\/i0.wp.com\/navalremo.pt\/site\/wp-content\/uploads\/2024\/04\/WhatsApp-Image-2024-04-13-at-16.26.32.jpeg?ssl=1\" data-amp-layout=\"responsive\" \/><\/figure><\/div><\/div><\/div><\/div>\n","protected":false},"excerpt":{"rendered":"<p>No passado dia 13 de abril, realizou-se na Figueira da Foz uma Regata de Remo onde esteve em disputa a Ta\u00e7a da Beira Litoral e a Ta\u00e7a 25 de Abril. A Ta\u00e7a 25 de Abril insere-se num conjunto de iniciativas no \u00e2mbito das comemora\u00e7\u00f5es dos 50 anos do 25 de Abril teve sido uma organiza\u00e7\u00e3o [&hellip;]<\/p>\n","protected":false},"author":2,"featured_media":3140,"comment_status":"closed","ping_status":"open","sticky":false,"template":"","format":"standard","meta":{"spay_email":""},"categories":[45,4,5],"tags":[],"jetpack_featured_media_url":"https:\/\/navalremo.pt\/site\/wp-content\/uploads\/2024\/04\/WhatsApp-Image-2024-04-13-at-16.26.32.jpeg","_links":{"self":[{"href":"https:\/\/navalremo.pt\/site\/wp-json\/wp\/v2\/posts\/3128"}],"collection":[{"href":"https:\/\/navalremo.pt\/site\/wp-json\/wp\/v2\/posts"}],"about":[{"href":"https:\/\/navalremo.pt\/site\/wp-json\/wp\/v2\/types\/post"}],"author":[{"embeddable":true,"href":"https:\/\/navalremo.pt\/site\/wp-json\/wp\/v2\/users\/2"}],"replies":[{"embeddable":true,"href":"https:\/\/navalremo.pt\/site\/wp-json\/wp\/v2\/comments?post=3128"}],"version-history":[{"count":1,"href":"https:\/\/navalremo.pt\/site\/wp-json\/wp\/v2\/posts\/3128\/revisions"}],"predecessor-version":[{"id":3141,"href":"https:\/\/navalremo.pt\/site\/wp-json\/wp\/v2\/posts\/3128\/revisions\/3141"}],"wp:featuredmedia":[{"embeddable":true,"href":"https:\/\/navalremo.pt\/site\/wp-json\/wp\/v2\/media\/3140"}],"wp:attachment":[{"href":"https:\/\/navalremo.pt\/site\/wp-json\/wp\/v2\/media?parent=3128"}],"wp:term":[{"taxonomy":"category","embeddable":true,"href":"https:\/\/navalremo.pt\/site\/wp-json\/wp\/v2\/categories?post=3128"},{"taxonomy":"post_tag","embeddable":true,"href":"https:\/\/navalremo.pt\/site\/wp-json\/wp\/v2\/tags?post=3128"}],"curies":[{"name":"wp","href":"https:\/\/api.w.org\/{rel}","templated":true}]}}