{"id":3123,"date":"2024-04-11T17:04:46","date_gmt":"2024-04-11T17:04:46","guid":{"rendered":"https:\/\/navalremo.pt\/site\/?p=3123"},"modified":"2024-04-11T17:04:50","modified_gmt":"2024-04-11T17:04:50","slug":"a-naval-remo-em-destaque-na-entrega-de-diplomas-de-merito-desportivo","status":"publish","type":"post","link":"https:\/\/navalremo.pt\/site\/2024\/04\/11\/a-naval-remo-em-destaque-na-entrega-de-diplomas-de-merito-desportivo\/","title":{"rendered":"A Naval Remo em destaque na entrega de diplomas de m\u00e9rito desportivo"},"content":{"rendered":"\n<p>No passado dia 06 de abril, pelas 16 horas, teve lugar no Centro de Artes e Espet\u00e1culos a cerim\u00f3nia de entrega de diplomas de m\u00e9rito desportivo referentes \u00e0 \u00e9poca desportiva de 2022\/2023.<\/p>\n\n\n\n<p>Os diplomas de m\u00e9rito desportivo s\u00e3o atribu\u00eddos aos Atletas ou Equipas que se sagraram Campe\u00f5es Nacionais ou aqueles que se classificaram em 1\u00ba, 2\u00ba e 3\u00ba lugar em competi\u00e7\u00f5es internacionais.<\/p>\n\n\n\n<p>Entre os 80 diplomas atribu\u00eddos a atletas de 10 clubes desportivos do Concelho, 21 foram atribu\u00eddos aos seguintes Atletas da Naval Remo, que viram assim o seu m\u00e9rito desportivo reconhecido pelos 47 t\u00edtulos obtidos:<\/p>\n\n\n\n<ul><li>Afonso Santos, Ana Magalh\u00e3es, Daniel Azevedo, Daniel Pereira, Dinis Oliveira, Diogo Ferreira, Hugo Baeta, Jos\u00e9 Silva, Madalena Pe\u00e7a, Mafalda Oliveira, Maria Nascimento, Martim Bastos, Miguel Ribeiro, Patr\u00edcia Batista, Pedro Oliveira, Pedro Rodrigues, Raquel Santos, Rodrigo Almeida, Sara Carramona, Timoneiro Manuel Baeta e Timoneiro Francisco Cruz.<\/li><\/ul>\n\n\n\n<p>A cerim\u00f3nia de entrega contou, entre outras entidades, com a presen\u00e7a da Vice-Presidente da C\u00e2mara Municipal Anabela Taba\u00e7\u00f3 e do Vereador do Desporto Manuel Domingues, tendo ambos real\u00e7ado a import\u00e2ncia destas conquistas a n\u00edvel nacional e internacional, sendo um orgulho para o munic\u00edpio e para a Figueira da Foz, que v\u00ea assim o seu nome promovido com distin\u00e7\u00e3o.<\/p>\n\n\n\n<p>Associa\u00e7\u00e3o Desportiva Naval Remo \u2013 ADNR<\/p>\n\n\n\n<figure class=\"wp-block-image size-large\"><img data-attachment-id=\"3124\" data-permalink=\"https:\/\/navalremo.pt\/site\/2024\/04\/11\/a-naval-remo-em-destaque-na-entrega-de-diplomas-de-merito-desportivo\/img_5363\/\" data-orig-file=\"https:\/\/navalremo.pt\/site\/wp-content\/uploads\/2024\/04\/IMG_5363-scaled.jpg\" data-orig-size=\"2560,1920\" data-comments-opened=\"0\" data-image-meta=\"{&quot;aperture&quot;:&quot;0&quot;,&quot;credit&quot;:&quot;&quot;,&quot;camera&quot;:&quot;&quot;,&quot;caption&quot;:&quot;&quot;,&quot;created_timestamp&quot;:&quot;1712422869&quot;,&quot;copyright&quot;:&quot;&quot;,&quot;focal_length&quot;:&quot;0&quot;,&quot;iso&quot;:&quot;0&quot;,&quot;shutter_speed&quot;:&quot;0&quot;,&quot;title&quot;:&quot;&quot;,&quot;orientation&quot;:&quot;1&quot;}\" data-image-title=\"IMG_5363\" data-image-description=\"\" data-medium-file=\"https:\/\/navalremo.pt\/site\/wp-content\/uploads\/2024\/04\/IMG_5363-300x225.jpg\" data-large-file=\"https:\/\/navalremo.pt\/site\/wp-content\/uploads\/2024\/04\/IMG_5363-1024x768.jpg\" loading=\"lazy\" width=\"1024\" height=\"768\" src=\"https:\/\/navalremo.pt\/site\/wp-content\/uploads\/2024\/04\/IMG_5363-1024x768.jpg\" alt=\"\" class=\"wp-image-3124\" srcset=\"https:\/\/navalremo.pt\/site\/wp-content\/uploads\/2024\/04\/IMG_5363-1024x768.jpg 1024w, https:\/\/navalremo.pt\/site\/wp-content\/uploads\/2024\/04\/IMG_5363-300x225.jpg 300w, https:\/\/navalremo.pt\/site\/wp-content\/uploads\/2024\/04\/IMG_5363-768x576.jpg 768w, https:\/\/navalremo.pt\/site\/wp-content\/uploads\/2024\/04\/IMG_5363-1536x1152.jpg 1536w, https:\/\/navalremo.pt\/site\/wp-content\/uploads\/2024\/04\/IMG_5363-2048x1536.jpg 2048w, https:\/\/navalremo.pt\/site\/wp-content\/uploads\/2024\/04\/IMG_5363-600x450.jpg 600w\" sizes=\"(max-width: 1024px) 100vw, 1024px\" \/><\/figure>\n","protected":false},"excerpt":{"rendered":"<p>No passado dia 06 de abril, pelas 16 horas, teve lugar no Centro de Artes e Espet\u00e1culos a cerim\u00f3nia de entrega de diplomas de m\u00e9rito desportivo referentes \u00e0 \u00e9poca desportiva de 2022\/2023. Os diplomas de m\u00e9rito desportivo s\u00e3o atribu\u00eddos aos Atletas ou Equipas que se sagraram Campe\u00f5es Nacionais ou aqueles que se classificaram em 1\u00ba, [&hellip;]<\/p>\n","protected":false},"author":2,"featured_media":3124,"comment_status":"closed","ping_status":"open","sticky":false,"template":"","format":"standard","meta":{"spay_email":""},"categories":[44,4],"tags":[],"jetpack_featured_media_url":"https:\/\/navalremo.pt\/site\/wp-content\/uploads\/2024\/04\/IMG_5363-scaled.jpg","_links":{"self":[{"href":"https:\/\/navalremo.pt\/site\/wp-json\/wp\/v2\/posts\/3123"}],"collection":[{"href":"https:\/\/navalremo.pt\/site\/wp-json\/wp\/v2\/posts"}],"about":[{"href":"https:\/\/navalremo.pt\/site\/wp-json\/wp\/v2\/types\/post"}],"author":[{"embeddable":true,"href":"https:\/\/navalremo.pt\/site\/wp-json\/wp\/v2\/users\/2"}],"replies":[{"embeddable":true,"href":"https:\/\/navalremo.pt\/site\/wp-json\/wp\/v2\/comments?post=3123"}],"version-history":[{"count":1,"href":"https:\/\/navalremo.pt\/site\/wp-json\/wp\/v2\/posts\/3123\/revisions"}],"predecessor-version":[{"id":3125,"href":"https:\/\/navalremo.pt\/site\/wp-json\/wp\/v2\/posts\/3123\/revisions\/3125"}],"wp:featuredmedia":[{"embeddable":true,"href":"https:\/\/navalremo.pt\/site\/wp-json\/wp\/v2\/media\/3124"}],"wp:attachment":[{"href":"https:\/\/navalremo.pt\/site\/wp-json\/wp\/v2\/media?parent=3123"}],"wp:term":[{"taxonomy":"category","embeddable":true,"href":"https:\/\/navalremo.pt\/site\/wp-json\/wp\/v2\/categories?post=3123"},{"taxonomy":"post_tag","embeddable":true,"href":"https:\/\/navalremo.pt\/site\/wp-json\/wp\/v2\/tags?post=3123"}],"curies":[{"name":"wp","href":"https:\/\/api.w.org\/{rel}","templated":true}]}}