{"id":3121,"date":"2024-04-10T08:33:06","date_gmt":"2024-04-10T08:33:06","guid":{"rendered":"https:\/\/navalremo.pt\/site\/?p=3121"},"modified":"2024-04-10T08:33:11","modified_gmt":"2024-04-10T08:33:11","slug":"a-naval-remo-participa-na-final-do-torneio-das-primeiras-remadas-2","status":"publish","type":"post","link":"https:\/\/navalremo.pt\/site\/2024\/04\/10\/a-naval-remo-participa-na-final-do-torneio-das-primeiras-remadas-2\/","title":{"rendered":"A Naval Remo participa na Final do Torneio das Primeiras Remadas"},"content":{"rendered":"\n<p>No passado dia 06 de abril realizaram-se em Montemor as Regatas relativamente \u00e0 Final das Primeiras Remadas e ao Interassocia\u00e7\u00f5es de Remo a n\u00edvel Nacional.<\/p>\n\n\n\n<p>Competindo pelos pr\u00f3prios Clubes, no s\u00e1bado de manh\u00e3, mais de 100 Atletas de 15 Clubes a n\u00edvel nacional, que remaram pela primeira vez em competi\u00e7\u00f5es na \u00c9poca de 2023\/2024, disputaram a final das Primeiras Remadas em Skiff.<\/p>\n\n\n\n<p>A Naval Remo nestas primeiras Regatas obteve os seguintes resultados:<\/p>\n\n\n\n<ul><li>Infantil Feminino \u2013 1\u00ba Lugar para Lara Rodrigues<\/li><li>Infantil Masculino \u2013 2\u00ba Lugar para Diogo Janeiro e 4\u00ba Lugar para Miguel Mendes<\/li><li>Juvenil Feminino \u2013 1\u00ba Lugar para Ana Rocha<\/li><li>Juvenil Masculino \u2013 2\u00ba Lugar para Stephen Encarnacion<\/li><\/ul>\n\n\n\n<p>Na parte da tarde teve lugar o Interassocia\u00e7\u00f5es com os nossos Atletas a representarem a Associa\u00e7\u00e3o de Remo da Beira Litoral, tendo obtido os seguintes resultados:<\/p>\n\n\n\n<ul><li>Skiff Infantil Masculino \u2013 2\u00ba Lugar para Martin Cruz<\/li><li>Double Scull Iniciado Feminino \u2013 4\u00ba Lugar para Sofia Oliveira e Laura Santos<\/li><li>Double Scull Iniciado Masculino \u2013 5\u00ba Lugar para Duarte Santos e Jo\u00e3o Monteiro<\/li><li>Quadri Scull Iniciado Masculino \u2013 3\u00ba Lugar para a tripula\u00e7\u00e3o onde participou Martim Dias<\/li><li>Double Scull Juvenil Feminino \u2013 4\u00ba Lugar para Salom\u00e9 Lemos e Maria Nascimento<\/li><li>Quadri Scull Juvenil Masculino \u2013 3\u00ba Lugar para Duarte Sisudo, Jos\u00e9 Azevedo, Pedro Oliveira e Hugo Baeta<\/li><li>Quadri Scull Juvenil Feminino \u2013 3\u00ba Lugar para Raquel Santos, Margarida Silva, Mariana Rodrigues e Sara Carramona<\/li><li>Shell de 8 Juvenil Masculino \u2013 5\u00ba Lugar para a tripula\u00e7\u00e3o onde participou Andr\u00e9 Leal<\/li><\/ul>\n\n\n\n<p>Ficando apenas a faltar uma Regata para encerrar o cap\u00edtulo das primeiras remadas nesta \u00e9poca, h\u00e1 boas perspetivas para o Remo jovem na Naval. Deixamos uma palavra de especial apre\u00e7o aos Treinadores Jos\u00e9 Canhola, Patr\u00edcia Batista, Eduardo Al\u00e7ada e Daniel Mendes pelo trabalho not\u00e1vel nas camadas mais jovens e parab\u00e9ns a todos os jovens atletas pela forma como se empenharam e dedicaram nestas regatas.<\/p>\n\n\n\n<p>Obrigado e bem hajam.<\/p>\n\n\n\n<p>Associa\u00e7\u00e3o Desportiva Naval Remo \u2013 ADNR<\/p>\n\n\n\n<div data-carousel-extra='{\"blog_id\":1,\"permalink\":\"https:\\\/\\\/navalremo.pt\\\/site\\\/2024\\\/04\\\/10\\\/a-naval-remo-participa-na-final-do-torneio-das-primeiras-remadas-2\\\/\"}' class=\"wp-block-jetpack-tiled-gallery aligncenter is-style-rectangular\"><div data-carousel-extra='{\"blog_id\":1,\"permalink\":\"https:\\\/\\\/navalremo.pt\\\/site\\\/2024\\\/04\\\/10\\\/a-naval-remo-participa-na-final-do-torneio-das-primeiras-remadas-2\\\/\"}' class=\"tiled-gallery__gallery\"><div data-carousel-extra='{\"blog_id\":1,\"permalink\":\"https:\\\/\\\/navalremo.pt\\\/site\\\/2024\\\/04\\\/10\\\/a-naval-remo-participa-na-final-do-torneio-das-primeiras-remadas-2\\\/\"}' class=\"tiled-gallery__row\"><div data-carousel-extra='{\"blog_id\":1,\"permalink\":\"https:\\\/\\\/navalremo.pt\\\/site\\\/2024\\\/04\\\/10\\\/a-naval-remo-participa-na-final-do-torneio-das-primeiras-remadas-2\\\/\"}' class=\"tiled-gallery__col\" style=\"flex-basis:36.03523%\"><figure class=\"tiled-gallery__item\"><img data-attachment-id=\"3026\" data-permalink=\"https:\/\/navalremo.pt\/site\/2023\/11\/11\/1a-prova-do-torneio-1as-remadas-2023-2024-da-associacao-de-remo-da-beira-litoral-arbl\/photo-2023-11-11-11-40-33\/\" data-orig-file=\"https:\/\/navalremo.pt\/site\/wp-content\/uploads\/2023\/11\/PHOTO-2023-11-11-11-40-33.jpg\" data-orig-size=\"1200,1600\" data-comments-opened=\"0\" data-image-meta=\"{&quot;aperture&quot;:&quot;0&quot;,&quot;credit&quot;:&quot;&quot;,&quot;camera&quot;:&quot;&quot;,&quot;caption&quot;:&quot;&quot;,&quot;created_timestamp&quot;:&quot;0&quot;,&quot;copyright&quot;:&quot;&quot;,&quot;focal_length&quot;:&quot;0&quot;,&quot;iso&quot;:&quot;0&quot;,&quot;shutter_speed&quot;:&quot;0&quot;,&quot;title&quot;:&quot;&quot;,&quot;orientation&quot;:&quot;0&quot;}\" data-image-title=\"PHOTO-2023-11-11-11-40-33\" data-image-description=\"\" data-medium-file=\"https:\/\/navalremo.pt\/site\/wp-content\/uploads\/2023\/11\/PHOTO-2023-11-11-11-40-33-225x300.jpg\" data-large-file=\"https:\/\/navalremo.pt\/site\/wp-content\/uploads\/2023\/11\/PHOTO-2023-11-11-11-40-33-768x1024.jpg\" data-attachment-id=\"3026\" data-permalink=\"https:\/\/navalremo.pt\/site\/2023\/11\/11\/1a-prova-do-torneio-1as-remadas-2023-2024-da-associacao-de-remo-da-beira-litoral-arbl\/photo-2023-11-11-11-40-33\/\" data-orig-file=\"https:\/\/navalremo.pt\/site\/wp-content\/uploads\/2023\/11\/PHOTO-2023-11-11-11-40-33.jpg\" data-orig-size=\"1200,1600\" data-comments-opened=\"0\" data-image-meta=\"{&quot;aperture&quot;:&quot;0&quot;,&quot;credit&quot;:&quot;&quot;,&quot;camera&quot;:&quot;&quot;,&quot;caption&quot;:&quot;&quot;,&quot;created_timestamp&quot;:&quot;0&quot;,&quot;copyright&quot;:&quot;&quot;,&quot;focal_length&quot;:&quot;0&quot;,&quot;iso&quot;:&quot;0&quot;,&quot;shutter_speed&quot;:&quot;0&quot;,&quot;title&quot;:&quot;&quot;,&quot;orientation&quot;:&quot;0&quot;}\" data-image-title=\"PHOTO-2023-11-11-11-40-33\" data-image-description=\"\" data-medium-file=\"https:\/\/navalremo.pt\/site\/wp-content\/uploads\/2023\/11\/PHOTO-2023-11-11-11-40-33-225x300.jpg\" data-large-file=\"https:\/\/navalremo.pt\/site\/wp-content\/uploads\/2023\/11\/PHOTO-2023-11-11-11-40-33-768x1024.jpg\" srcset=\"https:\/\/i2.wp.com\/navalremo.pt\/site\/wp-content\/uploads\/2023\/11\/PHOTO-2023-11-11-11-40-33.jpg?strip=info&#038;w=600&#038;ssl=1 600w,https:\/\/i2.wp.com\/navalremo.pt\/site\/wp-content\/uploads\/2023\/11\/PHOTO-2023-11-11-11-40-33.jpg?strip=info&#038;w=900&#038;ssl=1 900w,https:\/\/i2.wp.com\/navalremo.pt\/site\/wp-content\/uploads\/2023\/11\/PHOTO-2023-11-11-11-40-33.jpg?strip=info&#038;w=1200&#038;ssl=1 1200w,https:\/\/i2.wp.com\/navalremo.pt\/site\/wp-content\/uploads\/2023\/11\/PHOTO-2023-11-11-11-40-33.jpg?strip=info&#038;w=1500&#038;ssl=1 1500w,https:\/\/i2.wp.com\/navalremo.pt\/site\/wp-content\/uploads\/2023\/11\/PHOTO-2023-11-11-11-40-33.jpg?strip=info&#038;w=1600&#038;ssl=1 1600w\" alt=\"\" data-height=\"1600\" data-id=\"3026\" data-link=\"https:\/\/navalremo.pt\/site\/2023\/11\/11\/1a-prova-do-torneio-1as-remadas-2023-2024-da-associacao-de-remo-da-beira-litoral-arbl\/photo-2023-11-11-11-40-33\/\" data-url=\"https:\/\/navalremo.pt\/site\/wp-content\/uploads\/2023\/11\/PHOTO-2023-11-11-11-40-33.jpg\" data-width=\"1200\" src=\"https:\/\/i2.wp.com\/navalremo.pt\/site\/wp-content\/uploads\/2023\/11\/PHOTO-2023-11-11-11-40-33.jpg?ssl=1\" data-amp-layout=\"responsive\" \/><\/figure><\/div><div data-carousel-extra='{\"blog_id\":1,\"permalink\":\"https:\\\/\\\/navalremo.pt\\\/site\\\/2024\\\/04\\\/10\\\/a-naval-remo-participa-na-final-do-torneio-das-primeiras-remadas-2\\\/\"}' class=\"tiled-gallery__col\" style=\"flex-basis:63.96477%\"><figure class=\"tiled-gallery__item\"><img data-attachment-id=\"3024\" data-permalink=\"https:\/\/navalremo.pt\/site\/2023\/11\/11\/1a-prova-do-torneio-1as-remadas-2023-2024-da-associacao-de-remo-da-beira-litoral-arbl\/photo-2023-11-11-11-40-26\/\" data-orig-file=\"https:\/\/navalremo.pt\/site\/wp-content\/uploads\/2023\/11\/PHOTO-2023-11-11-11-40-26.jpg\" data-orig-size=\"1600,1200\" data-comments-opened=\"0\" data-image-meta=\"{&quot;aperture&quot;:&quot;0&quot;,&quot;credit&quot;:&quot;&quot;,&quot;camera&quot;:&quot;&quot;,&quot;caption&quot;:&quot;&quot;,&quot;created_timestamp&quot;:&quot;0&quot;,&quot;copyright&quot;:&quot;&quot;,&quot;focal_length&quot;:&quot;0&quot;,&quot;iso&quot;:&quot;0&quot;,&quot;shutter_speed&quot;:&quot;0&quot;,&quot;title&quot;:&quot;&quot;,&quot;orientation&quot;:&quot;0&quot;}\" data-image-title=\"PHOTO-2023-11-11-11-40-26\" data-image-description=\"\" data-medium-file=\"https:\/\/navalremo.pt\/site\/wp-content\/uploads\/2023\/11\/PHOTO-2023-11-11-11-40-26-300x225.jpg\" data-large-file=\"https:\/\/navalremo.pt\/site\/wp-content\/uploads\/2023\/11\/PHOTO-2023-11-11-11-40-26-1024x768.jpg\" data-attachment-id=\"3024\" data-permalink=\"https:\/\/navalremo.pt\/site\/2023\/11\/11\/1a-prova-do-torneio-1as-remadas-2023-2024-da-associacao-de-remo-da-beira-litoral-arbl\/photo-2023-11-11-11-40-26\/\" data-orig-file=\"https:\/\/navalremo.pt\/site\/wp-content\/uploads\/2023\/11\/PHOTO-2023-11-11-11-40-26.jpg\" data-orig-size=\"1600,1200\" data-comments-opened=\"0\" data-image-meta=\"{&quot;aperture&quot;:&quot;0&quot;,&quot;credit&quot;:&quot;&quot;,&quot;camera&quot;:&quot;&quot;,&quot;caption&quot;:&quot;&quot;,&quot;created_timestamp&quot;:&quot;0&quot;,&quot;copyright&quot;:&quot;&quot;,&quot;focal_length&quot;:&quot;0&quot;,&quot;iso&quot;:&quot;0&quot;,&quot;shutter_speed&quot;:&quot;0&quot;,&quot;title&quot;:&quot;&quot;,&quot;orientation&quot;:&quot;0&quot;}\" data-image-title=\"PHOTO-2023-11-11-11-40-26\" data-image-description=\"\" data-medium-file=\"https:\/\/navalremo.pt\/site\/wp-content\/uploads\/2023\/11\/PHOTO-2023-11-11-11-40-26-300x225.jpg\" data-large-file=\"https:\/\/navalremo.pt\/site\/wp-content\/uploads\/2023\/11\/PHOTO-2023-11-11-11-40-26-1024x768.jpg\" srcset=\"https:\/\/i0.wp.com\/navalremo.pt\/site\/wp-content\/uploads\/2023\/11\/PHOTO-2023-11-11-11-40-26.jpg?strip=info&#038;w=600&#038;ssl=1 600w,https:\/\/i0.wp.com\/navalremo.pt\/site\/wp-content\/uploads\/2023\/11\/PHOTO-2023-11-11-11-40-26.jpg?strip=info&#038;w=900&#038;ssl=1 900w,https:\/\/i0.wp.com\/navalremo.pt\/site\/wp-content\/uploads\/2023\/11\/PHOTO-2023-11-11-11-40-26.jpg?strip=info&#038;w=1200&#038;ssl=1 1200w\" alt=\"\" data-height=\"1200\" data-id=\"3024\" data-link=\"https:\/\/navalremo.pt\/site\/2023\/11\/11\/1a-prova-do-torneio-1as-remadas-2023-2024-da-associacao-de-remo-da-beira-litoral-arbl\/photo-2023-11-11-11-40-26\/\" data-url=\"https:\/\/navalremo.pt\/site\/wp-content\/uploads\/2023\/11\/PHOTO-2023-11-11-11-40-26.jpg\" data-width=\"1600\" src=\"https:\/\/i0.wp.com\/navalremo.pt\/site\/wp-content\/uploads\/2023\/11\/PHOTO-2023-11-11-11-40-26.jpg?ssl=1\" data-amp-layout=\"responsive\" \/><\/figure><\/div><\/div><\/div><\/div>\n","protected":false},"excerpt":{"rendered":"<p>No passado dia 06 de abril realizaram-se em Montemor as Regatas relativamente \u00e0 Final das Primeiras Remadas e ao Interassocia\u00e7\u00f5es de Remo a n\u00edvel Nacional. Competindo pelos pr\u00f3prios Clubes, no s\u00e1bado de manh\u00e3, mais de 100 Atletas de 15 Clubes a n\u00edvel nacional, que remaram pela primeira vez em competi\u00e7\u00f5es na \u00c9poca de 2023\/2024, disputaram [&hellip;]<\/p>\n","protected":false},"author":2,"featured_media":3026,"comment_status":"closed","ping_status":"open","sticky":false,"template":"","format":"standard","meta":{"spay_email":""},"categories":[4,5],"tags":[],"jetpack_featured_media_url":"https:\/\/navalremo.pt\/site\/wp-content\/uploads\/2023\/11\/PHOTO-2023-11-11-11-40-33.jpg","_links":{"self":[{"href":"https:\/\/navalremo.pt\/site\/wp-json\/wp\/v2\/posts\/3121"}],"collection":[{"href":"https:\/\/navalremo.pt\/site\/wp-json\/wp\/v2\/posts"}],"about":[{"href":"https:\/\/navalremo.pt\/site\/wp-json\/wp\/v2\/types\/post"}],"author":[{"embeddable":true,"href":"https:\/\/navalremo.pt\/site\/wp-json\/wp\/v2\/users\/2"}],"replies":[{"embeddable":true,"href":"https:\/\/navalremo.pt\/site\/wp-json\/wp\/v2\/comments?post=3121"}],"version-history":[{"count":1,"href":"https:\/\/navalremo.pt\/site\/wp-json\/wp\/v2\/posts\/3121\/revisions"}],"predecessor-version":[{"id":3122,"href":"https:\/\/navalremo.pt\/site\/wp-json\/wp\/v2\/posts\/3121\/revisions\/3122"}],"wp:featuredmedia":[{"embeddable":true,"href":"https:\/\/navalremo.pt\/site\/wp-json\/wp\/v2\/media\/3026"}],"wp:attachment":[{"href":"https:\/\/navalremo.pt\/site\/wp-json\/wp\/v2\/media?parent=3121"}],"wp:term":[{"taxonomy":"category","embeddable":true,"href":"https:\/\/navalremo.pt\/site\/wp-json\/wp\/v2\/categories?post=3121"},{"taxonomy":"post_tag","embeddable":true,"href":"https:\/\/navalremo.pt\/site\/wp-json\/wp\/v2\/tags?post=3121"}],"curies":[{"name":"wp","href":"https:\/\/api.w.org\/{rel}","templated":true}]}}