{"id":3115,"date":"2024-03-25T17:22:27","date_gmt":"2024-03-25T17:22:27","guid":{"rendered":"https:\/\/navalremo.pt\/site\/?p=3115"},"modified":"2024-03-25T17:22:31","modified_gmt":"2024-03-25T17:22:31","slug":"naval-remo-participa-na-regata-internacional-memorial-paolo-daloja-em-italia","status":"publish","type":"post","link":"https:\/\/navalremo.pt\/site\/2024\/03\/25\/naval-remo-participa-na-regata-internacional-memorial-paolo-daloja-em-italia\/","title":{"rendered":"Naval Remo participa na Regata Internacional Memorial Paolo D\u2019Aloja em It\u00e1lia"},"content":{"rendered":"\n<p>No passado dia 22 a 24 de mar\u00e7o, a Naval Remo participou na Regata Internacional Memorial Paolo D\u2019Aloja no lago de Piediluco, It\u00e1lia, com 3 Atletas em representa\u00e7\u00e3o da sele\u00e7\u00e3o nacional de remo.<\/p>\n\n\n\n<p>Os Atletas fizeram v\u00e1rias Regatas nos 3 dias e entre eliminat\u00f3rias e finais h\u00e1 a reter os seguintes resultados:<\/p>\n\n\n\n<ul><li>Dia 23 de mar\u00e7o:<ul><li>Skiff S\u00e9nior Feminino \u2013 2\u00ba Lugar na Final C Patr\u00edcia Batista;<\/li><\/ul><ul><li>Double Scull S\u00e9nior Masculino \u2013 1\u00ba Lugar na Final B Pedro Rodrigues e Diogo Gon\u00e7alves (Fluvial) e 4\u00ba Lugar na Final B Afonso Santos e Marcelo Sim\u00f5es (Acad\u00e9mica).<\/li><\/ul><\/li><li>Dia 24 de mar\u00e7o:<ul><li>Skiff S\u00e9nior Feminino \u2013 5\u00ba Lugar na Final B Patr\u00edcia Batista;<\/li><\/ul><ul><li>Quadri Scull S\u00e9nior Masculino \u2013 5\u00ba Lugar Final A para Pedro Rodrigues, Afonso Santos, Diogo Gon\u00e7alves (Fluvial) e Marcelo Sim\u00f5es (Acad\u00e9mica).<\/li><\/ul><\/li><\/ul>\n\n\n\n<p>Esta \u00e9 uma regata muito importante pelo elevado n\u00edvel dos Atletas que nela participam, sendo uma excelente oportunidade para obter experi\u00eancia internacional e refer\u00eancias a n\u00edvel competitivo.<\/p>\n\n\n\n<p>A Naval Remo congratula-se com os resultados obtidos e endere\u00e7a publicamente os parab\u00e9ns a este conjunto de Atletas pela sua brilhante presta\u00e7\u00e3o, elevando o nome do Clube, da Cidade da Figueira da Foz e do pa\u00eds ao mais elevado patamar do Remo Internacional.<\/p>\n\n\n\n<figure class=\"wp-block-image size-large\"><img data-attachment-id=\"3117\" data-permalink=\"https:\/\/navalremo.pt\/site\/img_5278-2\/\" data-orig-file=\"https:\/\/navalremo.pt\/site\/wp-content\/uploads\/2024\/03\/IMG_5278-edited.jpg\" data-orig-size=\"1104,1203\" data-comments-opened=\"0\" data-image-meta=\"{&quot;aperture&quot;:&quot;0&quot;,&quot;credit&quot;:&quot;&quot;,&quot;camera&quot;:&quot;&quot;,&quot;caption&quot;:&quot;&quot;,&quot;created_timestamp&quot;:&quot;0&quot;,&quot;copyright&quot;:&quot;&quot;,&quot;focal_length&quot;:&quot;0&quot;,&quot;iso&quot;:&quot;0&quot;,&quot;shutter_speed&quot;:&quot;0&quot;,&quot;title&quot;:&quot;&quot;,&quot;orientation&quot;:&quot;1&quot;}\" data-image-title=\"IMG_5278\" data-image-description=\"\" data-medium-file=\"https:\/\/navalremo.pt\/site\/wp-content\/uploads\/2024\/03\/IMG_5278-edited-275x300.jpg\" data-large-file=\"https:\/\/navalremo.pt\/site\/wp-content\/uploads\/2024\/03\/IMG_5278-edited-940x1024.jpg\" loading=\"lazy\" width=\"1104\" height=\"1203\" src=\"https:\/\/navalremo.pt\/site\/wp-content\/uploads\/2024\/03\/IMG_5278-edited.jpg\" alt=\"\" class=\"wp-image-3117\" srcset=\"https:\/\/navalremo.pt\/site\/wp-content\/uploads\/2024\/03\/IMG_5278-edited.jpg 1104w, https:\/\/navalremo.pt\/site\/wp-content\/uploads\/2024\/03\/IMG_5278-edited-275x300.jpg 275w, https:\/\/navalremo.pt\/site\/wp-content\/uploads\/2024\/03\/IMG_5278-edited-940x1024.jpg 940w, https:\/\/navalremo.pt\/site\/wp-content\/uploads\/2024\/03\/IMG_5278-edited-768x837.jpg 768w, https:\/\/navalremo.pt\/site\/wp-content\/uploads\/2024\/03\/IMG_5278-edited-600x654.jpg 600w\" sizes=\"(max-width: 1104px) 100vw, 1104px\" \/><\/figure>\n\n\n\n<p>Associa\u00e7\u00e3o Desportiva Naval Remo &#8211; ADNR<\/p>\n","protected":false},"excerpt":{"rendered":"<p>No passado dia 22 a 24 de mar\u00e7o, a Naval Remo participou na Regata Internacional Memorial Paolo D\u2019Aloja no lago de Piediluco, It\u00e1lia, com 3 Atletas em representa\u00e7\u00e3o da sele\u00e7\u00e3o nacional de remo. Os Atletas fizeram v\u00e1rias Regatas nos 3 dias e entre eliminat\u00f3rias e finais h\u00e1 a reter os seguintes resultados: Dia 23 de [&hellip;]<\/p>\n","protected":false},"author":2,"featured_media":3117,"comment_status":"closed","ping_status":"open","sticky":false,"template":"","format":"standard","meta":{"spay_email":""},"categories":[45,4,5],"tags":[],"jetpack_featured_media_url":"https:\/\/navalremo.pt\/site\/wp-content\/uploads\/2024\/03\/IMG_5278-edited.jpg","_links":{"self":[{"href":"https:\/\/navalremo.pt\/site\/wp-json\/wp\/v2\/posts\/3115"}],"collection":[{"href":"https:\/\/navalremo.pt\/site\/wp-json\/wp\/v2\/posts"}],"about":[{"href":"https:\/\/navalremo.pt\/site\/wp-json\/wp\/v2\/types\/post"}],"author":[{"embeddable":true,"href":"https:\/\/navalremo.pt\/site\/wp-json\/wp\/v2\/users\/2"}],"replies":[{"embeddable":true,"href":"https:\/\/navalremo.pt\/site\/wp-json\/wp\/v2\/comments?post=3115"}],"version-history":[{"count":1,"href":"https:\/\/navalremo.pt\/site\/wp-json\/wp\/v2\/posts\/3115\/revisions"}],"predecessor-version":[{"id":3118,"href":"https:\/\/navalremo.pt\/site\/wp-json\/wp\/v2\/posts\/3115\/revisions\/3118"}],"wp:featuredmedia":[{"embeddable":true,"href":"https:\/\/navalremo.pt\/site\/wp-json\/wp\/v2\/media\/3117"}],"wp:attachment":[{"href":"https:\/\/navalremo.pt\/site\/wp-json\/wp\/v2\/media?parent=3115"}],"wp:term":[{"taxonomy":"category","embeddable":true,"href":"https:\/\/navalremo.pt\/site\/wp-json\/wp\/v2\/categories?post=3115"},{"taxonomy":"post_tag","embeddable":true,"href":"https:\/\/navalremo.pt\/site\/wp-json\/wp\/v2\/tags?post=3115"}],"curies":[{"name":"wp","href":"https:\/\/api.w.org\/{rel}","templated":true}]}}